{"id":127980,"date":"2025-05-25T23:08:09","date_gmt":"2025-05-25T23:08:09","guid":{"rendered":"https:\/\/www.europesays.com\/fr\/127980\/"},"modified":"2025-05-25T23:08:09","modified_gmt":"2025-05-25T23:08:09","slug":"previsions-du-lundi-26-mai-2025-2","status":"publish","type":"post","link":"https:\/\/www.europesays.com\/fr\/127980\/","title":{"rendered":"pr\u00e9visions du lundi 26 mai 2025"},"content":{"rendered":"<p>Aujourd&rsquo;hui, les Marseillais vont pouvoir b\u00e9n\u00e9ficier d&rsquo;un soleil magnifique. Le thermom\u00e8tre affichera 20\u00b0C en moyenne. Un vent de nord-ouest, enregistrant 24 km\/h, soufflera. Les valeurs avoisineront les 20\u00b0C au cours de la matin\u00e9e. L&rsquo;apr\u00e8s-midi, les temp\u00e9ratures s&rsquo;\u00e9chelonneront entre 22 et 23\u00b0C. Dans la soir\u00e9e, les temp\u00e9ratures avoisineront les 21\u00b0C. Pendant votre sommeil, dans la nuit de lundi \u00e0 mardi, le ciel sera clair.<\/p>\n<p>C&rsquo;est un soleil radieux qui va se montrer demain sur Marseille. L&rsquo;air ambiant va se r\u00e9chauffer avec une hausse de quelques degr\u00e9s. Les valeurs afficheront entre 17 et 24\u00b0C. Un vent de nord-ouest est pr\u00e9vu : il soufflera \u00e0 24 km\/h. Les temp\u00e9ratures s&rsquo;\u00e9chelonneront de 17 \u00e0 22\u00b0C sur l&rsquo;ensemble de la matin\u00e9e. Les valeurs seront comprises entre 23\u00b0C et 24\u00b0C dans l&rsquo;apr\u00e8s-midi. C&rsquo;est \u00e0 un ciel tapiss\u00e9 de nuages qu&rsquo;il faudra s&rsquo;attendre demain soir. Les temp\u00e9ratures seront de 20\u00b0C au minimum et de 22\u00b0C au plus haut.<\/p>\n<p>Les jours s&rsquo;encha\u00eenent et se ressemblent. Il fera 21\u00b0C en moyenne pour des journ\u00e9es avec une m\u00e9t\u00e9o ensoleill\u00e9e.<\/p>\n<p><\/p>\n","protected":false},"excerpt":{"rendered":"Aujourd&rsquo;hui, les Marseillais vont pouvoir b\u00e9n\u00e9ficier d&rsquo;un soleil magnifique. Le thermom\u00e8tre affichera 20\u00b0C en moyenne. Un vent de&hellip;\n","protected":false},"author":2,"featured_media":127981,"comment_status":"","ping_status":"","sticky":false,"template":"","format":"standard","meta":{"footnotes":""},"categories":[2814],"tags":[1111,11,1777,674,1011,27,884,12,2119,882,25],"class_list":{"0":"post-127980","1":"post","2":"type-post","3":"status-publish","4":"format-standard","5":"has-post-thumbnail","7":"category-marseille","8":"tag-actu","9":"tag-actualites","10":"tag-eu","11":"tag-europe","12":"tag-fr","13":"tag-france","14":"tag-marseille","15":"tag-news","16":"tag-previsions-meteo","17":"tag-provence-alpes-cote-dazur","18":"tag-republique-francaise"},"share_on_mastodon":{"url":"https:\/\/pubeurope.com\/@fr\/114570992264773439","error":""},"_links":{"self":[{"href":"https:\/\/www.europesays.com\/fr\/wp-json\/wp\/v2\/posts\/127980","targetHints":{"allow":["GET"]}}],"collection":[{"href":"https:\/\/www.europesays.com\/fr\/wp-json\/wp\/v2\/posts"}],"about":[{"href":"https:\/\/www.europesays.com\/fr\/wp-json\/wp\/v2\/types\/post"}],"author":[{"embeddable":true,"href":"https:\/\/www.europesays.com\/fr\/wp-json\/wp\/v2\/users\/2"}],"replies":[{"embeddable":true,"href":"https:\/\/www.europesays.com\/fr\/wp-json\/wp\/v2\/comments?post=127980"}],"version-history":[{"count":0,"href":"https:\/\/www.europesays.com\/fr\/wp-json\/wp\/v2\/posts\/127980\/revisions"}],"wp:featuredmedia":[{"embeddable":true,"href":"https:\/\/www.europesays.com\/fr\/wp-json\/wp\/v2\/media\/127981"}],"wp:attachment":[{"href":"https:\/\/www.europesays.com\/fr\/wp-json\/wp\/v2\/media?parent=127980"}],"wp:term":[{"taxonomy":"category","embeddable":true,"href":"https:\/\/www.europesays.com\/fr\/wp-json\/wp\/v2\/categories?post=127980"},{"taxonomy":"post_tag","embeddable":true,"href":"https:\/\/www.europesays.com\/fr\/wp-json\/wp\/v2\/tags?post=127980"}],"curies":[{"name":"wp","href":"https:\/\/api.w.org\/{rel}","templated":true}]}}