{"id":127985,"date":"2025-05-25T23:11:11","date_gmt":"2025-05-25T23:11:11","guid":{"rendered":"https:\/\/www.europesays.com\/fr\/127985\/"},"modified":"2025-05-25T23:11:11","modified_gmt":"2025-05-25T23:11:11","slug":"24-heures-karting-de-lyon-a-actua-karting","status":"publish","type":"post","link":"https:\/\/www.europesays.com\/fr\/127985\/","title":{"rendered":"24 Heures Karting de Lyon \u00e0 Actua Karting"},"content":{"rendered":"<p>Rendez-vous samedi 7 et dimanche 8 juin 2025, d\u00e8s 8h \u00e0 Actua Karting \u00e0 Saint-Laurent-de-Mure.<\/p>\n<p>Des courses d&rsquo;endurance mythiques<\/p>\n<p>Plus que de simples <b>courses<\/b>, ce sont des moments de convivialit\u00e9 \u00e0 partager lors de ces \u00e9v\u00e9nements de Karting annuels.<\/p>\n<p>Composez votre \u00e9quipe et venez vous affronter sur les pistes. L&rsquo;\u00e9quipe d&rsquo;Actua se charge de tout afin que votre challenge se d\u00e9roule dans les meilleures conditions (assistance technique, \u00e9quipements des pilotes, restauration sur place, rafra\u00eechissements, etc\u2026). Les inscriptions pour ces \u00e9preuves sont ouvertes aux : entreprises, comit\u00e9s d&rsquo;entreprises, particuliers, groupes d&rsquo;amis, etc\u2026<\/p>\n<p>Participez aux 24 Heures Karting de Lyon<\/p>\n<p>Un d\u00e9part donn\u00e9 dans la pure tradition des 24h du Mans, un genou \u00e0 terre et la travers\u00e9e de la piste pour se jeter \u00e0 l&rsquo;assaut du circuit ! Les <b>24 Heures Karting de Lyon<\/b> vous feront vibrer et faire le plein de sensations. Pour participer, c&rsquo;est simple, il vous suffit de composer votre \u00e9quipe pour venir d\u00e9fier vos concurrents lors d&rsquo;une <b>course en relais de 24 heures non-stop<\/b>. <\/p>\n<p>Attention, le nombre de places est limit\u00e9, inscrivez-vous sans plus attendre !<\/p>\n<p><b>Programme <\/b><br \/>&#8211; 07h30 : Ouverture du circuit<br \/>&#8211; 08h30  : Accueil des \u00e9quipes et finalisation des inscriptions, tirage au sort des karts, pes\u00e9e des pilotes, remise des cadeaux pilote<br \/>&#8211; Petit d\u00e9jeuner offert<br \/>&#8211; 09h30 : Briefing avec PR\u00c9SENCE OBLIGATOIRE DE TOUS LES PILOTES<br \/>&#8211; 10h15 : Essais libres<br \/>&#8211; 11h15 : Essais qualificatifs<br \/>&#8211; 11h40 : Mise en pr\u00e9-grille et photo d&rsquo;\u00e9quipe<br \/>&#8211; 12h00 : D\u00e9part des \u00ab 24 Heures Karting de Lyon \u00bb<br \/>&#8211; 07h00 J+1 : Petit d\u00e9jeuner offert<br \/>&#8211; 12h00 J+1 : Arriv\u00e9e des \u00ab 24 Heures Karting de Lyon \u00bb, Podium et remise des Prix \u2013 Champagne !<\/p>\n<p>Rendez-vous samedi 7 et dimanche 8 juin 2025, d\u00e8s 8h <br \/>\u00e0 Actua Karting \u00e0 Saint-Laurent-de-Mure<\/p>\n<p>Infos pratiques :<br \/>&#8211; Piste : e 1250m<br \/>&#8211; Karts : 390cc 4 temps<br \/>&#8211; Equipes : de 3 \u00e0 10 pilotes<br \/>&#8211; Actua Karting : La Savane &#8211; Chemin de Fourn\u00e9a, 69720 Saint Laurent de Mure<br \/>&#8211; Tarif : 2 490 euros par \u00e9quipe avec 1 kart, \u00e9quipement pilotes, 1 box avec 1 banc, 1 table, 1 transat, \u00e9clairage et \u00e9lectricit\u00e9<\/p>\n<p>Plus d&rsquo;infos et inscription sur le site <a class=\"url\" href=\"https:\/\/www.actua-organisation.fr\/evenements-et-trophees\/endurance-karting\/24h-karting-de-lyon\/\" target=\"_blank\" rel=\"nofollow noopener\">Actua Karting<\/a>.<\/p>\n<p>Radio SCOOP est partenaire de l&rsquo;\u00e9v\u00e8nement<\/p>\n<tr>\n<td class=\"defaut\"><a href=\"https:\/\/www.radioscoop.com\/agenda\/javascript:void(0)\" onclick=\"parent.RS.diaporama.addMedia(692137) ;\" rel=\"nofollow noopener\" target=\"_blank\"><img loading=\"lazy\" decoding=\"async\" src=\"https:\/\/www.europesays.com\/fr\/wp-content\/uploads\/2025\/05\/1748214671_197_img\" width=\"640\" height=\"360\" border=\"0\" title=\"24 Heures Karting de Lyon \u00e0 Actua Karting\"\/><\/a><\/td>\n<\/tr>\n<p><\/p>\n","protected":false},"excerpt":{"rendered":"Rendez-vous samedi 7 et dimanche 8 juin 2025, d\u00e8s 8h \u00e0 Actua Karting \u00e0 Saint-Laurent-de-Mure. Des courses d&rsquo;endurance&hellip;\n","protected":false},"author":2,"featured_media":127986,"comment_status":"","ping_status":"","sticky":false,"template":"","format":"standard","meta":{"footnotes":""},"categories":[1889],"tags":[25149,25154,1111,25150,11,2430,18807,25151,14106,2622,9077,2263,25156,1777,674,1011,27,20740,25155,2428,12,1978,23641,25153,25,25152],"class_list":{"0":"post-127985","1":"post","2":"type-post","3":"status-publish","4":"format-standard","5":"has-post-thumbnail","7":"category-lyon","8":"tag-24-heures","9":"tag-24h","10":"tag-actu","11":"tag-actua-karting","12":"tag-actualites","13":"tag-auvergne-rhone-alpes","14":"tag-cadeaux","15":"tag-chalenge","16":"tag-circuit","17":"tag-courses","18":"tag-endurance","19":"tag-equipe","20":"tag-essaies","21":"tag-eu","22":"tag-europe","23":"tag-fr","24":"tag-france","25":"tag-karting","26":"tag-karts","27":"tag-lyon","28":"tag-news","29":"tag-pilotes","30":"tag-pistes","31":"tag-relais","32":"tag-republique-francaise","33":"tag-sensations"},"share_on_mastodon":{"url":"https:\/\/pubeurope.com\/@fr\/114571004372922331","error":""},"_links":{"self":[{"href":"https:\/\/www.europesays.com\/fr\/wp-json\/wp\/v2\/posts\/127985","targetHints":{"allow":["GET"]}}],"collection":[{"href":"https:\/\/www.europesays.com\/fr\/wp-json\/wp\/v2\/posts"}],"about":[{"href":"https:\/\/www.europesays.com\/fr\/wp-json\/wp\/v2\/types\/post"}],"author":[{"embeddable":true,"href":"https:\/\/www.europesays.com\/fr\/wp-json\/wp\/v2\/users\/2"}],"replies":[{"embeddable":true,"href":"https:\/\/www.europesays.com\/fr\/wp-json\/wp\/v2\/comments?post=127985"}],"version-history":[{"count":0,"href":"https:\/\/www.europesays.com\/fr\/wp-json\/wp\/v2\/posts\/127985\/revisions"}],"wp:featuredmedia":[{"embeddable":true,"href":"https:\/\/www.europesays.com\/fr\/wp-json\/wp\/v2\/media\/127986"}],"wp:attachment":[{"href":"https:\/\/www.europesays.com\/fr\/wp-json\/wp\/v2\/media?parent=127985"}],"wp:term":[{"taxonomy":"category","embeddable":true,"href":"https:\/\/www.europesays.com\/fr\/wp-json\/wp\/v2\/categories?post=127985"},{"taxonomy":"post_tag","embeddable":true,"href":"https:\/\/www.europesays.com\/fr\/wp-json\/wp\/v2\/tags?post=127985"}],"curies":[{"name":"wp","href":"https:\/\/api.w.org\/{rel}","templated":true}]}}