{"id":127987,"date":"2025-05-25T23:13:12","date_gmt":"2025-05-25T23:13:12","guid":{"rendered":"https:\/\/www.europesays.com\/fr\/127987\/"},"modified":"2025-05-25T23:13:12","modified_gmt":"2025-05-25T23:13:12","slug":"quelles-perturbations-prevoir-pour-la-ratp-et-la-sncf-cette-semaine-9","status":"publish","type":"post","link":"https:\/\/www.europesays.com\/fr\/127987\/","title":{"rendered":"Quelles perturbations pr\u00e9voir pour la RATP et la SNCF cette semaine ?"},"content":{"rendered":"<p><strong>TRANSPORTS &#8211; Du 26 mai au 1er juin, plusieurs changements sont \u00e0 pr\u00e9voir sur les lignes parisiennes et franciliennes. Voici lesquels<\/strong><\/p>\n<p>La semaine du 26 mai au 1er juin 2025 conna\u00eetra de nouvelles perturbations dans les transports. Les lignes franciliennes et parisiennes seront particuli\u00e8rement touch\u00e9es. Faisons le point afin de mieux appr\u00e9hender vos trajets, dont ceux du long week-end de l\u2019Ascension \u00e0 partir de jeudi :<\/p>\n<p>M\u00e9troRER<\/p>\n<ul class=\"caas-list caas-list-bullet\">\n<li>\n<p>RER A : du lundi 26 au vendredi 30 mai, \u00e0 partir de 22 heures, le trafic est interrompu entre Maisons-Laffitte et Cergy \u2013 Le Haut (travaux). Des bus de remplacement \u00e0 Sartrouville. Le samedi 31 mai et le dimanche 1er juin, le <a href=\"https:\/\/www.20minutes.fr\/dossier\/week-end?at_medium=RSS%20feed&amp;at_campaign=ynews&amp;utm_source=yahoo&amp;utm_medium=rss&amp;utm_campaign=news_feed&amp;utm_content=in_article_link\" rel=\"nofollow noopener\" target=\"_blank\" data-ylk=\"slk:week-end;elm:context_link;itc:0;sec:content-canvas\" class=\"link \">week-end<\/a>, le trafic est interrompu entre Nanterre \u2013 Pr\u00e9fecture et Cergy \u2013 Le Haut via Poissy (travaux).<\/p>\n<\/li>\n<\/ul>\n<p>RER C : jusqu\u2019au samedi 31 mai, l\u2019arr\u00eat n\u2019est pas desservi \u00e0 Issy vers Versailles Ch\u00e2teau Rive Gauche et Saint-Quentin en Yvelines \u2013 Montigny-le-Bretonneux (mesures de s\u00e9curit\u00e9). Du lundi 26 au mercredi 28 mai, le trafic sera interrompu entre Versailles Ch\u00e2teau Rive Gauche et Javel \u00e0 partir de 23h30 (travaux). M\u00eame chose entre Javel et St-Quentin en Yvelines. Du lundi 26 mai au mercredi 28 mai, le trafic sera interrompu ente Paris Austerlitz et Juvisy via Choisy le Roi \u00e0 partir de 23 heures (travaux). Des bus de substitution seront mis en place. Il en sera de m\u00eame entre Avenue Henri Martin et Montigny-Beauchamp \u00e0 partir de 23 heures. Des bus de substitution seront mis en place. Le jeudi 29 mai, le trafic sera (&#8230;)<\/p>\n<p><a href=\"https:\/\/www.20minutes.fr\/paris\/4155328-20250526-paris-ile-france-perturbations-prevoir-ratp-sncf-semaine?at_medium=RSS%20feed&amp;at_campaign=ynews&amp;utm_source=yahoo&amp;utm_medium=rss&amp;utm_campaign=news_feed&amp;utm_content=read_more_link\" rel=\"nofollow noopener\" target=\"_blank\" data-ylk=\"slk:Lire la suite sur 20minutes;elm:context_link;itc:0;sec:content-canvas\" class=\"link \">Lire la suite sur 20minutes<\/a><\/p>\n<p>\u00c0 lire aussi :<br \/><a href=\"https:\/\/www.20minutes.fr\/faits_divers\/4155012-20250523-clermont-ferrand-sept-suspects-arretes-vol-environ-6-kilometres-cables-sncf?at_medium=RSS%20feed&amp;at_campaign=ynews&amp;utm_source=yahoo&amp;utm_medium=rss&amp;utm_campaign=news_feed&amp;utm_content=related_content_link\" rel=\"nofollow noopener\" target=\"_blank\" data-ylk=\"slk:Clermont-Ferrand : Sept suspects arr\u00eat\u00e9s pour le vol d\u2019environ 6 kilom\u00e8tres de c\u00e2bles SNCF;elm:context_link;itc:0;sec:content-canvas\" class=\"link \">Clermont-Ferrand : Sept suspects arr\u00eat\u00e9s pour le vol d\u2019environ 6 kilom\u00e8tres de c\u00e2bles SNCF<\/a><br \/><a href=\"https:\/\/www.20minutes.fr\/politique\/4154901-20250522-sncf-reseau-ferroviaire-besoin-milliard-euros-supplementaire-an-alerte-patron?at_medium=RSS%20feed&amp;at_campaign=ynews&amp;utm_source=yahoo&amp;utm_medium=rss&amp;utm_campaign=news_feed&amp;utm_content=related_content_link\" rel=\"nofollow noopener\" target=\"_blank\" data-ylk=\"slk:SNCF : Le r\u00e9seau ferroviaire a besoin d\u2019un milliard d\u2019euros suppl\u00e9mentaire par an, alerte son patron;elm:context_link;itc:0;sec:content-canvas\" class=\"link \">SNCF : Le r\u00e9seau ferroviaire a besoin d\u2019un milliard d\u2019euros suppl\u00e9mentaire par an, alerte son patron<\/a><\/p>\n","protected":false},"excerpt":{"rendered":"TRANSPORTS &#8211; Du 26 mai au 1er juin, plusieurs changements sont \u00e0 pr\u00e9voir sur les lignes parisiennes et&hellip;\n","protected":false},"author":2,"featured_media":127988,"comment_status":"","ping_status":"","sticky":false,"template":"","format":"standard","meta":{"footnotes":""},"categories":[1592],"tags":[1111,11,1777,674,1011,27,662,12,626,8929,25,25157,25158],"class_list":{"0":"post-127987","1":"post","2":"type-post","3":"status-publish","4":"format-standard","5":"has-post-thumbnail","7":"category-ile-de-france","8":"tag-actu","9":"tag-actualites","10":"tag-eu","11":"tag-europe","12":"tag-fr","13":"tag-france","14":"tag-ile-de-france","15":"tag-news","16":"tag-paris","17":"tag-perturbations-dans-les-transports","18":"tag-republique-francaise","19":"tag-st-quentin-en-yvelines","20":"tag-week-end-de-lascension"},"share_on_mastodon":{"url":"https:\/\/pubeurope.com\/@fr\/114571012035630980","error":""},"_links":{"self":[{"href":"https:\/\/www.europesays.com\/fr\/wp-json\/wp\/v2\/posts\/127987","targetHints":{"allow":["GET"]}}],"collection":[{"href":"https:\/\/www.europesays.com\/fr\/wp-json\/wp\/v2\/posts"}],"about":[{"href":"https:\/\/www.europesays.com\/fr\/wp-json\/wp\/v2\/types\/post"}],"author":[{"embeddable":true,"href":"https:\/\/www.europesays.com\/fr\/wp-json\/wp\/v2\/users\/2"}],"replies":[{"embeddable":true,"href":"https:\/\/www.europesays.com\/fr\/wp-json\/wp\/v2\/comments?post=127987"}],"version-history":[{"count":0,"href":"https:\/\/www.europesays.com\/fr\/wp-json\/wp\/v2\/posts\/127987\/revisions"}],"wp:featuredmedia":[{"embeddable":true,"href":"https:\/\/www.europesays.com\/fr\/wp-json\/wp\/v2\/media\/127988"}],"wp:attachment":[{"href":"https:\/\/www.europesays.com\/fr\/wp-json\/wp\/v2\/media?parent=127987"}],"wp:term":[{"taxonomy":"category","embeddable":true,"href":"https:\/\/www.europesays.com\/fr\/wp-json\/wp\/v2\/categories?post=127987"},{"taxonomy":"post_tag","embeddable":true,"href":"https:\/\/www.europesays.com\/fr\/wp-json\/wp\/v2\/tags?post=127987"}],"curies":[{"name":"wp","href":"https:\/\/api.w.org\/{rel}","templated":true}]}}