{"id":127989,"date":"2025-05-25T23:14:17","date_gmt":"2025-05-25T23:14:17","guid":{"rendered":"https:\/\/www.europesays.com\/fr\/127989\/"},"modified":"2025-05-25T23:14:17","modified_gmt":"2025-05-25T23:14:17","slug":"en-images-le-vibrant-hommage-de-roland-garros-a-rafael-nadal-vainqueur-14-fois-a-paris","status":"publish","type":"post","link":"https:\/\/www.europesays.com\/fr\/127989\/","title":{"rendered":"EN IMAGES &#8211; Le vibrant hommage de Roland-Garros \u00e0 Rafael Nadal, vainqueur 14 fois \u00e0 Paris"},"content":{"rendered":"<p>Les spectateurs du court Philippe-Chartrier ont rendu un hommage vibrant, dimanche, \u00e0 Rafael Nadal.Le joueur espagnol a remport\u00e9 14 fois le Grand chelem parisien.\u00a0\u00bbVous ne pouvez pas savoir \u00e0 quel point c\u2019est gratifiant de se sentir aim\u00e9, appr\u00e9ci\u00e9, \u00e0 l\u2019endroit qui compte le plus pour soi\u00a0\u00bb, a lanc\u00e9 l&rsquo;ancien joueur au public.<\/p>\n<p data-module=\"article-paragraph\" class=\"jsx-362436225 Paragraph\">Les larmes ont coul\u00e9 sur le court Philippe-Chatrier. Ce dimanche 25 mai en fin d&rsquo;apr\u00e8s-midi, le tournoi de Roland-Garros rendait hommage \u00e0 celui qui a battu tous les records sur la terre battue parisienne. Revenu pour la premi\u00e8re fois sans raquette \u00e0 la main dans son \u00ab\u00a0jardin\u00a0\u00bb, o\u00f9 il a \u00e9t\u00e9 sacr\u00e9 14 fois, Rafael Nadal a re\u00e7u un hommage m\u00e9morable sur le Central.\u00a0<\/p>\n<p data-module=\"article-paragraph\" class=\"jsx-362436225 Paragraph Paragraph__End\">Pour l&rsquo;occasion, des t-shirts \u00ab\u00a0Merci Rafa\u00a0\u00bb blancs et ocre avaient \u00e9t\u00e9 distribu\u00e9s aux spectateurs. Ils permettaient m\u00eame de rappeler depuis les tribunes le palmar\u00e8s du joueur espagnol \u00e0 Paris (cf photo ci-dessous). Un record sans pr\u00e9c\u00e9dent : le gaucher a remport\u00e9 son premier \u00ab\u00a0Roland\u00a0\u00bb en 2005 et son dernier en 2022, il a \u00e9t\u00e9 sacr\u00e9 14 fois en 19 participations.<\/p>\n<p><img decoding=\"async\" src=\"https:\/\/www.europesays.com\/fr\/wp-content\/uploads\/2025\/05\/chatrier-hommage-nadal-452ddd-0@1x.jpeg\" alt=\"Le Chatrier aux couleurs de Rafael Nadal et de son palmar\u00e8s parisien - AFP\" loading=\"lazy\" importance=\"low\" fetchpriority=\"low\" class=\"\"\/>Le Chatrier aux couleurs de Rafael Nadal et de son palmar\u00e8s parisien &#8211; AFPUn long discours \u00e9mouvant<\/p>\n<p data-module=\"article-paragraph\" class=\"jsx-362436225 Paragraph Paragraph__End\">Au milieu du court, dans un long discours prononc\u00e9 d&rsquo;abord en fran\u00e7ais puis en espagnol, l&rsquo;ex-joueur a retrac\u00e9 son histoire avec le tournoi parisien et remerci\u00e9 tous ses proches. \u00ab\u00a0Vous ne pouvez pas savoir \u00e0 quel point c\u2019est gratifiant de se sentir aim\u00e9, appr\u00e9ci\u00e9, \u00e0 l\u2019endroit qui compte le plus pour soi\u00a0\u00bb, a-t-il lanc\u00e9, en fran\u00e7ais, sous les yeux des deux tenants du titre \u00e0 Paris, <a href=\"https:\/\/www.tf1info.fr\/sport\/en-direct-finale-roland-garros-2024-suivez-le-match-alcaraz-zverev-forcement-historique-2303118.html\" target=\"_blank\" rel=\"noopener\">Carlos Alcaraz<\/a> et <a href=\"https:\/\/www.tf1info.fr\/sport\/finale-dame-roland-garros-2024-la-polonaise-iga-swiatek-survole-le-match-et-remporte-son-3e-titre-consecutif-2303057.html\" target=\"_blank\" rel=\"noopener\">Iga Swiatek<\/a>. \u00c0 la fin de cette prise de parole d\u00e9j\u00e0 tr\u00e8s \u00e9mouvante, Rafael Nadal a de nouveau laiss\u00e9 couler quelques larmes lorsque les petites mains du tournoi &#8211; responsables de l&rsquo;entretien des courts, des accr\u00e9ditations ou chauffeur attitr\u00e9 &#8211; sont descendues sur le court.\u00a0<\/p>\n<p><img decoding=\"async\" src=\"https:\/\/www.europesays.com\/fr\/wp-content\/uploads\/2025\/05\/nadal-hommage-rg1-a39a83-0@1x.jpeg\" alt=\"Rafael Nadal \u00e0 Roland Garros lors de l'hommage qui lui a \u00e9t\u00e9 rendu le 25 mai 2025 - AFP\" loading=\"lazy\" importance=\"low\" fetchpriority=\"low\" class=\"\"\/>Rafael Nadal \u00e0 Roland Garros lors de l&rsquo;hommage qui lui a \u00e9t\u00e9 rendu le 25 mai 2025 &#8211; AFPLe \u00ab\u00a0Big 4\u00a0\u00bb r\u00e9unit<\/p>\n<p data-module=\"article-paragraph\" class=\"jsx-362436225 Paragraph Paragraph__End\">Ce sont ensuite les trois autres membres du \u00ab\u00a0Big 4\u00a0\u00bb qui ont fait leur apparition sur le court, les trois \u00ab\u00a0copains\u00a0\u00bb de Rafael Nadal, \u00e0 savoir Roger Federer, Andy Murray et Novak Djokovic.\u00a0\u00ab\u00a0Vous m&rsquo;avez vraiment fait vivre des moments difficiles sur le court, j&rsquo;ai beaucoup appr\u00e9ci\u00e9 d&rsquo;avoir \u00e0 me pousser \u00e0 la limite tous les jours pour \u00eatre comp\u00e9titif par rapport \u00e0 vous. \u00c7a signifie \u00e9norm\u00e9ment que vous soyez tous l\u00e0\u00a0\u00bb, a remerci\u00e9 humblement Nadal.\u00a0<\/p>\n<p><img decoding=\"async\" src=\"https:\/\/www.europesays.com\/fr\/wp-content\/uploads\/2025\/05\/murray-federer-nadal-djokovic-e9561f-0@1x.jpeg\" alt=\"Andy Murray, Roger Federer, Rafael Nadal et Novak Djokovic, le 25 mai 2025 \u00e0 Roland Garros pour l'hommage \u00e0 l'Espagnol - AFP\" loading=\"lazy\" importance=\"low\" fetchpriority=\"low\" class=\"\"\/>Andy Murray, Roger Federer, Rafael Nadal et Novak Djokovic, le 25 mai 2025 \u00e0 Roland Garros pour l&rsquo;hommage \u00e0 l&rsquo;Espagnol &#8211; AFP<\/p>\n<p data-module=\"article-paragraph\" class=\"jsx-362436225 Paragraph Paragraph__End\">En fin de c\u00e9r\u00e9monie, les organisateurs ont r\u00e9v\u00e9l\u00e9 que l&#8217;empreinte de la chaussure droite de \u00ab\u00a0Rafa\u00a0\u00bb resterait grav\u00e9e \u00ab\u00a0pour l&rsquo;\u00e9ternit\u00e9\u00a0\u00bb sur le Central, juste \u00e0 c\u00f4t\u00e9 du filet.\u00a0<\/p>\n<p><img decoding=\"async\" src=\"https:\/\/www.europesays.com\/fr\/wp-content\/uploads\/2025\/05\/plaque-nadal-chatrier-446839-0@1x.jpeg\" alt=\"La plaque reproduisant l'empreinte du pied droit de Rafael Nadal, qui va prendre place \u00e0 c\u00f4t\u00e9 du filet sur le court Philippe-Chatrier - AFP\" loading=\"lazy\" importance=\"low\" fetchpriority=\"low\" class=\"\"\/>La plaque reproduisant l&#8217;empreinte du pied droit de Rafael Nadal, qui va prendre place \u00e0 c\u00f4t\u00e9 du filet sur le court Philippe-Chatrier &#8211; AFP<\/p>\n<ul class=\"jsx-3657663356 ReadMoreArticle__List flex flex-column\">\n<li class=\"jsx-3657663356\"><a href=\"https:\/\/www.tf1info.fr\/sport\/tennis-defait-en-coupe-davis-rafael-nadal-a-dispute-le-dernier-match-de-sa-carriere-2335046.html\" rel=\"noopener\" class=\"jsx-4233824444 Link flex\" target=\"_blank\"><img decoding=\"async\" src=\"https:\/\/www.europesays.com\/fr\/wp-content\/uploads\/2025\/05\/rafael-nadal-novembre-2024-8bb8d3-0@1x.jpeg\" alt=\"Lire aussi\" loading=\"lazy\" importance=\"low\" fetchpriority=\"low\" class=\"\"\/>\n<p class=\"jsx-3657663356 ReadMoreArticle__Title\">Lire aussi<\/p>\n<p class=\"jsx-3657663356\">Tennis : d\u00e9fait en Coupe Davis, Rafael Nadal a disput\u00e9 le dernier match de sa carri\u00e8re<\/p>\n<p><\/a><\/li>\n<\/ul>\n<p data-module=\"article-paragraph\" class=\"jsx-362436225 Paragraph Paragraph__End\">Si une blessure avait priv\u00e9 le jeune prodige de ses d\u00e9buts porte d&rsquo;Auteuil en 2004, Nadal a remport\u00e9 d\u00e8s l&rsquo;ann\u00e9e suivante le premier de ses quatorze titres record sur l&rsquo;ocre fran\u00e7aise. Avec seulement quatre matches perdus en 116 jou\u00e9s, soit 96,5% de succ\u00e8s, il n&rsquo;y a pas d&rsquo;\u00e9gal \u00e0 la r\u00e9ussite de Nadal \u00e0 Roland-Garros. Ce dimanche, \u00ab\u00a0le court le plus important de (sa) carri\u00e8re\u00a0\u00bb lui a rendu l&rsquo;hommage qu&rsquo;il m\u00e9ritait.<\/p>\n<p>J.F.<\/p>\n","protected":false},"excerpt":{"rendered":"Les spectateurs du court Philippe-Chartrier ont rendu un hommage vibrant, dimanche, \u00e0 Rafael Nadal.Le joueur espagnol a remport\u00e9&hellip;\n","protected":false},"author":2,"featured_media":127990,"comment_status":"","ping_status":"","sticky":false,"template":"","format":"standard","meta":{"footnotes":""},"categories":[1888],"tags":[1111,1928,11,1927,4737,1921,7779,1777,674,1011,27,1922,12,1926,6433,626,1925,24987,25,21428,4171,1467,133,4712],"class_list":{"0":"post-127989","1":"post","2":"type-post","3":"status-publish","4":"format-standard","5":"has-post-thumbnail","7":"category-paris","8":"tag-actu","9":"tag-actu-paris","10":"tag-actualites","11":"tag-actualites-paris","12":"tag-andy-murray","13":"tag-article-video","14":"tag-carlos-alcaraz","15":"tag-eu","16":"tag-europe","17":"tag-fr","18":"tag-france","19":"tag-info","20":"tag-news","21":"tag-news-paris","22":"tag-novak-djokovic","23":"tag-paris","24":"tag-paris-news","25":"tag-rafael-nadal","26":"tag-republique-francaise","27":"tag-roger-federer","28":"tag-roland-garros","29":"tag-tennis","30":"tag-video","31":"tag-video-sports"},"share_on_mastodon":{"url":"https:\/\/pubeurope.com\/@fr\/114571017334974149","error":""},"_links":{"self":[{"href":"https:\/\/www.europesays.com\/fr\/wp-json\/wp\/v2\/posts\/127989","targetHints":{"allow":["GET"]}}],"collection":[{"href":"https:\/\/www.europesays.com\/fr\/wp-json\/wp\/v2\/posts"}],"about":[{"href":"https:\/\/www.europesays.com\/fr\/wp-json\/wp\/v2\/types\/post"}],"author":[{"embeddable":true,"href":"https:\/\/www.europesays.com\/fr\/wp-json\/wp\/v2\/users\/2"}],"replies":[{"embeddable":true,"href":"https:\/\/www.europesays.com\/fr\/wp-json\/wp\/v2\/comments?post=127989"}],"version-history":[{"count":0,"href":"https:\/\/www.europesays.com\/fr\/wp-json\/wp\/v2\/posts\/127989\/revisions"}],"wp:featuredmedia":[{"embeddable":true,"href":"https:\/\/www.europesays.com\/fr\/wp-json\/wp\/v2\/media\/127990"}],"wp:attachment":[{"href":"https:\/\/www.europesays.com\/fr\/wp-json\/wp\/v2\/media?parent=127989"}],"wp:term":[{"taxonomy":"category","embeddable":true,"href":"https:\/\/www.europesays.com\/fr\/wp-json\/wp\/v2\/categories?post=127989"},{"taxonomy":"post_tag","embeddable":true,"href":"https:\/\/www.europesays.com\/fr\/wp-json\/wp\/v2\/tags?post=127989"}],"curies":[{"name":"wp","href":"https:\/\/api.w.org\/{rel}","templated":true}]}}