{"id":127991,"date":"2025-05-25T23:15:11","date_gmt":"2025-05-25T23:15:11","guid":{"rendered":"https:\/\/www.europesays.com\/fr\/127991\/"},"modified":"2025-05-25T23:15:11","modified_gmt":"2025-05-25T23:15:11","slug":"quelles-perturbations-prevoir-pour-la-ratp-et-la-sncf-cette-semaine-10","status":"publish","type":"post","link":"https:\/\/www.europesays.com\/fr\/127991\/","title":{"rendered":"Quelles perturbations pr\u00e9voir pour la RATP et la SNCF cette semaine\u00a0?"},"content":{"rendered":"<p>La semaine du 26\u00a0mai au 1er\u00a0juin 2025 conna\u00eetra de nouvelles perturbations dans les transports. Les lignes franciliennes et parisiennes seront particuli\u00e8rement touch\u00e9es. Faisons le point afin de mieux appr\u00e9hender vos trajets, dont ceux du long week-end de l\u2019Ascension \u00e0 partir de jeudi\u00a0:<\/p>\n<p>M\u00e9tro<\/p>\n<ul>\n<li>Ligne 14\u00a0: les vendredi\u00a030 et samedi 31\u00a0mai, le trafic est interrompu sur l\u2019ensemble de la ligne (travaux). Des bus de substitution seront mis en place.<\/li>\n<\/ul>\n<p>RER<\/p>\n<ul>\n<li>RER A\u00a0: du lundi\u00a026 au vendredi 30\u00a0mai, \u00e0 partir de 22 heures, le trafic est interrompu entre Maisons-Laffitte et Cergy \u2013 Le Haut (travaux). Des bus de remplacement \u00e0 Sartrouville. Le samedi 31\u00a0mai et le dimanche 1er\u00a0juin, le <a href=\"https:\/\/www.20minutes.fr\/dossier\/week-end\" class=\"color-ultramarine c-link\" target=\"_blank\" rel=\"noopener\">week-end<\/a>, le trafic est interrompu entre Nanterre \u2013 Pr\u00e9fecture et Cergy \u2013 Le Haut via Poissy (travaux).<\/li>\n<li>RER C\u00a0: jusqu\u2019au samedi 31\u00a0mai, l\u2019arr\u00eat n\u2019est pas desservi \u00e0 Issy vers Versailles Ch\u00e2teau Rive Gauche et <a href=\"https:\/\/www.20minutes.fr\/dossier\/saint_quentin\" class=\"color-ultramarine c-link\" target=\"_blank\" rel=\"noopener\">Saint-Quentin<\/a> en Yvelines \u2013 Montigny-le-Bretonneux (mesures de s\u00e9curit\u00e9). Du lundi\u00a026 au mercredi 28\u00a0mai, le trafic sera interrompu entre Versailles Ch\u00e2teau Rive Gauche et Javel \u00e0 partir de 23h30 (travaux). M\u00eame chose entre Javel et St-Quentin en <a href=\"https:\/\/www.20minutes.fr\/societe\/yvelines\/\" class=\"color-ultramarine c-link\" target=\"_blank\" rel=\"noopener\">Yvelines<\/a>. Du lundi 26\u00a0mai au mercredi 28\u00a0mai, le trafic sera interrompu ente Paris Austerlitz et Juvisy via Choisy le Roi \u00e0 partir de 23 heures (travaux). Des bus de substitution seront mis en place. Il en sera de m\u00eame entre Avenue Henri Martin et Montigny-Beauchamp \u00e0 partir de 23 heures. Des bus de substitution seront mis en place. Le jeudi 29\u00a0mai, le trafic sera interrompu entre Paris Austerlitz et Br\u00e9tigny. Le samedi 31\u00a0mai et dimanche 1er\u00a0juin, aucun train ne circule entre Br\u00e9tigny \u2013 Saint-Martin d\u2019\u00c9tampes et Juvisy et Dourdan jusqu\u2019\u00e0 17 heures.<\/li>\n<li>RER D\u00a0: du lundi\u00a026 au vendredi 30\u00a0mai, Le trafic sera interrompu entre Combs-la-Ville et Melun \u00e0 partir de 23h35. Des bus de substitution seront mis en place, avec desserte des gares interm\u00e9diaires. Du lundi\u00a026 au mercredi 28\u00a0mai, \u00e0 partir de 23h20, le trafic sera interrompu entre Gare du Nord et Creil (travaux). Des bus de substitution seront mis en place. Du lundi\u00a026 au vendredi 30\u00a0mai, le trafic sera interrompu entre Paris Gare du Nord et Creil (travaux). Des bus de substitution seront mis en place. Du lundi\u00a026 au vendredi 30\u00a0mai, un train sur deux circulent entre les gares de Melun et Combs la Ville de 9 heures \u00e0 16 heures (travaux).<\/li>\n<li><a href=\"https:\/\/www.20minutes.fr\/societe\/rer\/\" class=\"color-ultramarine c-link\" target=\"_blank\" rel=\"noopener\">RER<\/a> E\u00a0: du lundi\u00a026 au vendredi 30\u00a0mai, le trafic sera interrompu entre Nanterre-la-Folie et Chelles Gournay \u00e0 partir de 22h45 (travaux). Le samedi 31\u00a0mai et le dimanche 1er\u00a0juin, le trafic sera interrompu entre Nanterre-la-Folie et Chelles Gournay \u00e0 partir de 22h45.<\/li>\n<\/ul>\n<p>Transilien<\/p>\n<ul>\n<li>Ligne H\u00a0: du lundi\u00a026 au vendredi 30\u00a0mai, le trafic sera interrompu entre Paris Gare du Nord et Sarcelles St Brice \u00e0 partir de 21h50 (travaux). Des bus de substitution seront mis en place. Du lundi\u00a026 au vendredi 30\u00a0mai, le trafic sera interrompu entre Paris Gare du Nord et Luzarches (travaux). Des bus de substitution seront mis en place. Du jeudi 29\u00a0mai au 1er\u00a0juin Le trafic sera interrompu entre Paris Gare du Nord et Sarcelles St Brice (travaux). Des bus de substitution seront mis en place entre Epinay Villetaneuse et Sarcelles St Brice.<\/li>\n<li>Ligne J\u00a0: du lundi\u00a026 au vendredi 30\u00a0mai, le trafic sera interrompu entre Paris Saint-Lazare et Mantes la Jolie via <a href=\"https:\/\/www.20minutes.fr\/dossier\/poissy\" class=\"color-ultramarine c-link\" target=\"_blank\" rel=\"noopener\">Poissy<\/a> \u00e0 partir de 21h40 (travaux). Des bus de substitution seront mis en place entre Sartrouville et Les Mureaux et Sartrouville et Mantes la Jolie, avec desserte des gares interm\u00e9diaires.<\/li>\n<li>Ligne K\u00a0: du lundi 26\u00a0mai au dimanche 1er\u00a0juin, le trafic sera interrompu entre Paris Gare du Nord et Cr\u00e9py-en-Valois (travaux) \u00e0 partir de 20h13. Des bus de substitution seront mis en place. Du lundi 26\u00a0mai au mercredi 28\u00a0mai, d\u00e8s 20h10, le trafic sera interrompu sur toute la ligne (travaux). Du jeudi 29\u00a0mai au dimanche 1er\u00a0juin, le trafic sera interrompu entre Paris Gare du Nord et Mitry \u2013 Claye (travaux).<\/li>\n<li>Ligne L\u00a0: du lundi\u00a026 au vendredi 30\u00a0mai, \u00e0 partir de 22 heures, le trafic sera interrompu entre B\u00e9con les Bruy\u00e8res et Nanterre Universit\u00e9\/Maisons-Laffitte (travaux). Des bus de substitution seront mis en place. Le lundi\u00a026 et mardi 27\u00a0mai, le trafic sera interrompu entre La D\u00e9fense et Suresnes Mont Val\u00e9rien (travaux) \u00e0 partir de 21h45. Du lundi\u00a026 au vendredi 30\u00a0mai, d\u00e8s 22 heures, le trafic sera interrompu entre B\u00e9con les Bruy\u00e8res et Nanterre \u2013 Universit\u00e9, et entre Maisons-Laffitte et B\u00e9con les Bruy\u00e8res. Des bus de substitution seront mis en place.<\/li>\n<li>Ligne N\u00a0: le samedi 31\u00a0mai et le dimanche 1er\u00a0juin, le trafic sera interrompu entre Paris Montparnasse et Versailles Chantiers jusqu\u2019\u00e0 16 heures (travaux). Du lundi\u00a026 au vendredi 30\u00a0mai, le trafic sera interrompu entre Paris Montparnasse et <a href=\"https:\/\/www.20minutes.fr\/dossier\/rambouillet\" class=\"color-ultramarine c-link\" target=\"_blank\" rel=\"noopener\">Rambouillet<\/a> \u00e0 partir de 23 heures. M\u00eame chose entre et Paris Montparnasse et Plaisir \u2013 Grignon (travaux). Du lundi\u00a026 au vendredi 30\u00a0mai, d\u00e8s 21h30, le trafic sera interrompu de Paris Montparnasse vers Mantes-la-Jolie. Le trafic sera interrompu entre Paris Montparnasse et Dreux aux m\u00eames dates d\u00e8s 21 heures.<\/li>\n<li>Ligne P\u00a0: le samedi 31\u00a0mai et le dimanche 1er\u00a0juin, le trafic sera interrompu entre Paris Est et Coulommiers \u00e0 partir de 22h30 (travaux). Des bus de substitution seront mis en place. M\u00eame chose d\u00e8s 23 heures entre Paris Est et Ch\u00e2teau-Thierry. Du lundi 26\u00a0mai au vendredi 30\u00a0mai, le trafic sera interrompu entre Paris Est et Ch\u00e2teau-Thierry \u00e0 partir de 22 heures (travaux). Des bus de substitution seront mis en place.<\/li>\n<li>Ligne R\u00a0: du lundi\u00a026 au vendredi 30\u00a0mai, le trafic sera interrompu entre Moret Veneux les S. et Montargis de 22 heures \u00e0 1 heure. Des bus de substitution seront mis en place (travaux). Du lundi\u00a026 au vendredi 30\u00a0mai, les trains de la ligne R sont d\u00e9tourn\u00e9s par <a href=\"https:\/\/www.20minutes.fr\/dossier\/corbeil-essonnes\" class=\"color-ultramarine c-link\" target=\"_blank\" rel=\"noopener\">Corbeil-Essonnes<\/a> d\u00e8s 23h35. Il faudra pr\u00e9voir des allongements de temps de parcours (travaux).<\/li>\n<li>Ligne U\u00a0: le jeudi 29\u00a0mai, le trafic sera interrompu de La Verri\u00e8re vers <a href=\"https:\/\/www.20minutes.fr\/dossier\/la_defense\" class=\"color-ultramarine c-link\" target=\"_blank\" rel=\"noopener\">La D\u00e9fense<\/a> \u00e0 partir de 23h30 (travaux).<\/li>\n<\/ul>\n<p>Tramway<\/p>\n<ul>\n<li>T1\u00a0: Le trafic est interrompu entre <a href=\"https:\/\/www.20minutes.fr\/dossier\/asnieres\" class=\"color-ultramarine c-link\" target=\"_blank\" rel=\"noopener\">Asni\u00e8res<\/a> \u2013 Quatre Routes et Gare de Saint-Denis et perturb\u00e9 sur le reste de la ligne en raison d\u2019une d\u00e9gradation par un tiers \u00e0 L\u2019\u00cele-Saint-Denis. Aucune reprise n&rsquo;est pr\u00e9vue jusqu\u2019\u00e0 nouvel ordre.<\/li>\n<li>T2\u00a0: le service est interrompu jusqu\u2019au 2\u00a0novembre 2025 entre Porte de Versailles et Suzanne Lenglen.<\/li>\n<li>T4\u00a0: lundi 26\u00a0mai au samedi 31\u00a0mai, le trafic sera interrompu sur toute la ligne \u00e0 partir de 21h (travaux). Des bus de substitution seront mis en place.<\/li>\n<\/ul>\n","protected":false},"excerpt":{"rendered":"La semaine du 26\u00a0mai au 1er\u00a0juin 2025 conna\u00eetra de nouvelles perturbations dans les transports. Les lignes franciliennes et&hellip;\n","protected":false},"author":2,"featured_media":127992,"comment_status":"","ping_status":"","sticky":false,"template":"","format":"standard","meta":{"footnotes":""},"categories":[1888],"tags":[1111,1928,11,1927,25159,1777,674,1011,27,662,12,1926,626,1925,625,1306,25,7759,2215],"class_list":{"0":"post-127991","1":"post","2":"type-post","3":"status-publish","4":"format-standard","5":"has-post-thumbnail","7":"category-paris","8":"tag-actu","9":"tag-actu-paris","10":"tag-actualites","11":"tag-actualites-paris","12":"tag-ascension","13":"tag-eu","14":"tag-europe","15":"tag-fr","16":"tag-france","17":"tag-ile-de-france","18":"tag-news","19":"tag-news-paris","20":"tag-paris","21":"tag-paris-news","22":"tag-ratp","23":"tag-regions","24":"tag-republique-francaise","25":"tag-rer-d","26":"tag-sncf"},"share_on_mastodon":{"url":"https:\/\/pubeurope.com\/@fr\/114571019778498303","error":""},"_links":{"self":[{"href":"https:\/\/www.europesays.com\/fr\/wp-json\/wp\/v2\/posts\/127991","targetHints":{"allow":["GET"]}}],"collection":[{"href":"https:\/\/www.europesays.com\/fr\/wp-json\/wp\/v2\/posts"}],"about":[{"href":"https:\/\/www.europesays.com\/fr\/wp-json\/wp\/v2\/types\/post"}],"author":[{"embeddable":true,"href":"https:\/\/www.europesays.com\/fr\/wp-json\/wp\/v2\/users\/2"}],"replies":[{"embeddable":true,"href":"https:\/\/www.europesays.com\/fr\/wp-json\/wp\/v2\/comments?post=127991"}],"version-history":[{"count":0,"href":"https:\/\/www.europesays.com\/fr\/wp-json\/wp\/v2\/posts\/127991\/revisions"}],"wp:featuredmedia":[{"embeddable":true,"href":"https:\/\/www.europesays.com\/fr\/wp-json\/wp\/v2\/media\/127992"}],"wp:attachment":[{"href":"https:\/\/www.europesays.com\/fr\/wp-json\/wp\/v2\/media?parent=127991"}],"wp:term":[{"taxonomy":"category","embeddable":true,"href":"https:\/\/www.europesays.com\/fr\/wp-json\/wp\/v2\/categories?post=127991"},{"taxonomy":"post_tag","embeddable":true,"href":"https:\/\/www.europesays.com\/fr\/wp-json\/wp\/v2\/tags?post=127991"}],"curies":[{"name":"wp","href":"https:\/\/api.w.org\/{rel}","templated":true}]}}