{"id":127995,"date":"2025-05-25T23:17:14","date_gmt":"2025-05-25T23:17:14","guid":{"rendered":"https:\/\/www.europesays.com\/fr\/127995\/"},"modified":"2025-05-25T23:17:14","modified_gmt":"2025-05-25T23:17:14","slug":"barcola-en-feu-paris-serieux-finale-en-bois-coups-de-coeur-et-coups-de-griffe-apres-la-finale-de-coupe-de-france","status":"publish","type":"post","link":"https:\/\/www.europesays.com\/fr\/127995\/","title":{"rendered":"Barcola en feu, Paris s\u00e9rieux, finale en bois\u2026 Coups de c\u0153ur et coups de griffe apr\u00e8s la finale de Coupe de France"},"content":{"rendered":"<p><strong>D\u00c9CRYPTAGE \u2013 <\/strong>Ce qui a plu\u2026 et d\u00e9plu \u00e0 notre journaliste pr\u00e9sent au Stade de France, samedi, pour la finale de Coupe de France PSG-Reims (3-0).<\/p>\n<p class=\"fig-paragraph\">COUPS DE C\u0152UR<\/p>\n<p>Barcola en confiance<\/p>\n<p class=\"fig-paragraph\">On le pensait touch\u00e9 apr\u00e8s avoir vu\u00a0<a href=\"http:\/\/www.lefigaro.fr\/sports\/football\/ligue-des-champions\/star-du-ss-napoli-symbole-en-georgie-qui-est-vraiment-khvicha-kvaratskhelia-l-ailier-du-psg-compare-a-diego-maradona-20250311\" data-fig-type=\"Article\" data-gtm-custom-categorie=\"navigation\" data-gtm-custom-action=\"crossclick\" data-gtm-custom-label=\"Contextuel\" data-gtm-event=\"customEventSPE\" data-fig-domain=\"LEFIGARO\" rel=\"nofollow noopener\" target=\"_blank\">Khvicha Kvaratskhelia d\u00e9barquer cet hiver<\/a>\u00a0et\u00a0<a href=\"http:\/\/www.lefigaro.fr\/sports\/football\/ligue-des-champions\/de-la-graine-de-champion-desire-doue-la-revelation-du-psg-20250414\" data-fig-type=\"Article\" data-gtm-custom-categorie=\"navigation\" data-gtm-custom-action=\"crossclick\" data-gtm-custom-label=\"Contextuel\" data-gtm-event=\"customEventSPE\" data-fig-domain=\"LEFIGARO\" rel=\"nofollow noopener\" target=\"_blank\">D\u00e9sir\u00e9 Dou\u00e9 \u00e9clore au fil de la saison<\/a>, moins en confiance, moins entreprenant. \u00c7a ne s\u2019est pas vu samedi soir.\u00a0<a href=\"http:\/\/www.lefigaro.fr\/sports\/football\/coupe-de-france\/coupe-de-france-le-ticket-barcola-doue-inspire-neves-omnipresent-diouf-surnage-les-notes-de-la-finale-psg-reims-20250524\" data-fig-type=\"NewsFlash\" data-gtm-custom-categorie=\"navigation\" data-gtm-custom-action=\"crossclick\" data-gtm-custom-label=\"Contextuel\" data-gtm-event=\"customEventSPE\" data-fig-domain=\"LEFIGARO\" rel=\"nofollow noopener\" target=\"_blank\">Bradley Barcola s\u2019est montr\u00e9 sous son meilleur jour<\/a>, agressif, saignant et adroit devant la cage adverse. L\u2019ancien Lyonnais s\u2019est fendu d\u2019un doubl\u00e9 en trois minutes (16e et 19e) pour lancer les d\u00e9bats et mettre le PSG sur les bons rails. Reims ne s\u2019est jamais relev\u00e9 de ce double coup de bambou (<a href=\"http:\/\/www.lefigaro.fr\/sports\/football\/coupe-de-france\/coupe-de-france-en-demonstration-face-a-reims-le-psg-prepare-idealement-la-ligue-des-champions-20250524\" data-fig-type=\"NewsFlash\" data-gtm-custom-categorie=\"navigation\" data-gtm-custom-action=\"crossclick\" data-gtm-custom-label=\"Contextuel\" data-gtm-event=\"customEventSPE\" data-fig-domain=\"LEFIGARO\" rel=\"nofollow noopener\" target=\"_blank\">victoire 3-0<\/a>). Et c\u2019est encore lui qui est \u00e0 la base du troisi\u00e8me but parisien. Il a vu Achraf Hakimi au deuxi\u00e8me poteau et l\u2019a parfaitement servi. Le Marocain, excellent par ailleurs, a termin\u00e9 le boulot en pla\u00e7ant le ballon entre les jambes de Yehvann Diouf. Un match plein pour Barcola. Et un casse-t\u00eate de plus pour Luis Enrique, en vue de la composition de d\u00e9part contre l\u2019Inter Milan, samedi prochain, en finale de Ligue des champions. D\u2019autant que Dou\u00e9 (2 passes d\u00e9cisives) a brill\u00e9 aussi.<\/p>\n<p class=\"fig-body-link\">\n            \u00c0 lire aussi<br \/>\n        <a class=\"fig-body-link__link fig-premium-mark\" href=\"http:\/\/www.lefigaro.fr\/sports\/football\/coupe-de-france\/coupe-de-france-le-ticket-barcola-doue-inspire-neves-omnipresent-diouf-surnage-les-notes-de-la-finale-psg-reims-20250524\" data-fig-type=\"NewsFlash\" data-gtm-custom-categorie=\"navigation\" data-gtm-custom-action=\"crossclick\" data-gtm-custom-label=\"Contextuel\" data-gtm-event=\"customEventSPE\" data-fig-domain=\"LEFIGARO\" rel=\"nofollow noopener\" target=\"_blank\">Coupe de France\u00a0: le ticket Barcola\/Dou\u00e9 inspir\u00e9, Neves omnipr\u00e9sent, Diouf surnage&#8230; Les notes de la finale PSG-Reims<br \/>\n    <\/a>\n<\/p>\n<p>Paris s\u00e9rieux<\/p>\n<p class=\"fig-paragraph\">Les Parisiens avec la t\u00eate d\u00e9j\u00e0 \u00e0 Munich\u00a0? On aurait pu le croire. \u00c7a n\u2019a pas \u00e9t\u00e9 le cas. Le PSG a d\u00e9roul\u00e9 son jeu et s\u2019est montr\u00e9 particuli\u00e8rement s\u00e9rieux samedi soir, ne laissant absolument aucune chance au Stade de Reims. Rassurant. \u00abOn prend chaque match au s\u00e9rieux. Chaque match est important. Aujourd\u2019hui, c\u2019\u00e9tait une finale, c\u2019est encore plus important. \u00c7a s\u2019est vu d\u00e8s le d\u00e9but, l\u2019\u00e9quipe a domin\u00e9 le match dans toutes les facettes du jeu. Et c\u2019est vrai qu\u2019on s\u2019est bien pr\u00e9par\u00e9 pour l\u2019autre finale qui arrive samedi prochain\u00bb,\u00a0<a href=\"http:\/\/www.lefigaro.fr\/sports\/football\/coupe-de-france\/coupe-de-france-on-a-domine-le-match-dans-toutes-les-facettes-du-jeu-savoure-hernandez-apres-psg-reims-20250525\" data-fig-type=\"NewsFlash\" data-gtm-custom-categorie=\"navigation\" data-gtm-custom-action=\"crossclick\" data-gtm-custom-label=\"Contextuel\" data-gtm-event=\"customEventSPE\" data-fig-domain=\"LEFIGARO\" rel=\"nofollow noopener\" target=\"_blank\">a indiqu\u00e9 Lucas Hernandez<\/a>, entr\u00e9 en fin de rencontre, balayant au passage l\u2019id\u00e9e que tout est facile pour Paris. \u00abNon. Avec le jeu qu\u2019on propose, le pressing qu\u2019on fait, on peut croire que c\u2019est facile, mais \u00e7a ne l\u2019est pas du tout. Il y a beaucoup de travail derri\u00e8re, il y a beaucoup de sacrifices et ce qu\u2019on fait sur le terrain, on le rend facile mais ce n\u2019est pas facile du tout\u00bb, promet-il.<\/p>\n<p class=\"fig-body-link\">\n            \u00c0 lire aussi<br \/>\n        <a class=\"fig-body-link__link\" href=\"http:\/\/www.lefigaro.fr\/sports\/football\/coupe-de-france\/coupe-de-france-on-a-domine-le-match-dans-toutes-les-facettes-du-jeu-savoure-hernandez-apres-psg-reims-20250525\" data-fig-type=\"NewsFlash\" data-gtm-custom-categorie=\"navigation\" data-gtm-custom-action=\"crossclick\" data-gtm-custom-label=\"Contextuel\" data-gtm-event=\"customEventSPE\" data-fig-domain=\"LEFIGARO\" rel=\"nofollow noopener\" target=\"_blank\">Coupe de France\u00a0: \u00abOn a domin\u00e9 le match dans toutes les facettes du jeu\u00bb, savoure Hernandez apr\u00e8s PSG-Reims<br \/>\n    <\/a>\n<\/p>\n<p>Un titre, c\u2019est un titre<\/p>\n<p class=\"fig-paragraph\">Certes, l\u2019ensemble de l\u2019effectif parisien, le staff, tout le monde au club \u00e9changerait sans h\u00e9siter cette Coupe de France contre l\u2019assurance de remporter la Ligue des champions samedi prochain. N\u00e9anmoins, un titre est un titre. \u00c7a ne se galvaude pas. Et les Parisiens n\u2019ont pas pris cette finale de Coupe de France \u00e0 la l\u00e9g\u00e8re. C\u2019est le 16e sacre du Paris Saint-Germain dans cette comp\u00e9tition, le deuxi\u00e8me de suite. Et c\u2019est d\u2019ailleurs un nouveau doubl\u00e9. En attendant le tripl\u00e9 samedi\u00a0? Paris et la coupe, une longue histoire.<\/p>\n<p class=\"fig-paragraph\">COUPS DE GRIFFE<\/p>\n<p>Reims sans solution<\/p>\n<p class=\"fig-paragraph\">Les pauvres R\u00e9mois, 16es\u00a0<a href=\"https:\/\/www.lefigaro.fr\/sports\/football\/ligue-1\/classement\" target=\"_blank\" rel=\"noopener nofollow\" data-gtm-custom-categorie=\"navigation\" data-gtm-custom-action=\"crossclick\" data-gtm-custom-label=\"Contextuel\" data-gtm-event=\"customEventSPE\">au classement de Ligue 1<\/a>\u00a0\u00e0 l\u2019issue d\u2019une saison gal\u00e8re, n\u2019ont eu aucune chance dans cette rencontre. C\u2019est \u00e9videmment d\u00fb \u00e0 la qualit\u00e9 du champion de France, surdimensionn\u00e9 pour les joutes nationales. On ne peut pas s\u2019emp\u00eacher de penser que les joueurs de Samba Diawara n\u2019ont pas mis tous les ingr\u00e9dients pour exister. Men\u00e9s 2-0 \u00e0 la 20e minute, ils n\u2019ont jamais r\u00e9ellement esp\u00e9r\u00e9. Matfey Safonov a pass\u00e9 une soir\u00e9e tranquille, tr\u00e8s tranquille\u2026 Trop. Evidemment, le calendrier est un argument. Apr\u00e8s\u00a0<a href=\"http:\/\/www.lefigaro.fr\/sports\/football\/ligue-1\/metz-reims-le-roc-cedric-kipre-le-choix-douteux-des-supporters-remois-les-tops-et-les-flops-20250521\" data-fig-type=\"NewsFlash\" data-gtm-custom-categorie=\"navigation\" data-gtm-custom-action=\"crossclick\" data-gtm-custom-label=\"Contextuel\" data-gtm-event=\"customEventSPE\" data-fig-domain=\"LEFIGARO\" rel=\"nofollow noopener\" target=\"_blank\">le barrage aller mercredi dernier (1-1)<\/a>, ils recevront Metz jeudi prochain afin de conserver leur place au sein de l\u2019\u00e9lite. L\u2019objectif majeur, c\u2019est \u00e7a. On peut s\u2019interroger sur le calendrier et le fait de retrouver une finale de Coupe de France entre les deux matchs de barrage L1\/L2. Certes, il n\u2019y avait que peu de chances de retrouver le 16e de Ligue 1 au Stade de France. Mais c\u2019est arriv\u00e9. Et \u00e7a pourrait arriver encore. \u00c0 m\u00e9diter.<\/p>\n<p class=\"fig-body-link\">\n            \u00c0 lire aussi<br \/>\n        <a class=\"fig-body-link__link\" href=\"http:\/\/www.lefigaro.fr\/sports\/football\/coupe-de-france\/coupe-de-france-en-demonstration-face-a-reims-le-psg-prepare-idealement-la-ligue-des-champions-20250524\" data-fig-type=\"NewsFlash\" data-gtm-custom-categorie=\"navigation\" data-gtm-custom-action=\"crossclick\" data-gtm-custom-label=\"Contextuel\" data-gtm-event=\"customEventSPE\" data-fig-domain=\"LEFIGARO\" rel=\"nofollow noopener\" target=\"_blank\">Coupe de France\u00a0: en d\u00e9monstration face \u00e0 Reims, le PSG pr\u00e9pare id\u00e9alement la Ligue des champions<br \/>\n    <\/a>\n<\/p>\n<p>Finale en bois<\/p>\n<p class=\"fig-paragraph\">Pas de suspense, un \u00e9cart cons\u00e9quent entre les deux \u00e9quipes, 20 derni\u00e8res minutes en forme de farce\u2026 La finale de la Coupe de France cuv\u00e9e 2025 ne restera pas dans les annales. M\u00eame dans les tribunes, l\u2019ambiance n\u2019\u00e9tait pas folle. Les supporters parisiens sont mont\u00e9s dans les d\u00e9cibels lors des derni\u00e8res minutes de la rencontre avant de communier comme il se doit avec leurs joueurs f\u00e9tiches. N\u2019emp\u00eache, pour le grand show, on repassera.<\/p>\n<p class=\"fig-body-link\">\n            \u00c0 lire aussi<br \/>\n        <a class=\"fig-body-link__link\" href=\"http:\/\/www.lefigaro.fr\/sports\/football\/coupe-de-france\/coupe-de-france-il-n-y-avait-pas-de-meilleure-maniere-de-preparer-la-finale-de-ligue-des-champions-jure-luis-enrique-20250525\" data-fig-type=\"NewsFlash\" data-gtm-custom-categorie=\"navigation\" data-gtm-custom-action=\"crossclick\" data-gtm-custom-label=\"Contextuel\" data-gtm-event=\"customEventSPE\" data-fig-domain=\"LEFIGARO\" rel=\"nofollow noopener\" target=\"_blank\">Coupe de France\u00a0: \u00abIl n\u2019y avait pas de meilleure mani\u00e8re de pr\u00e9parer la finale de Ligue des champions\u00bb, jure Luis Enrique<br \/>\n    <\/a>\n<\/p>\n<p>La faute aux suppos\u00e9s cadors<\/p>\n<p class=\"fig-paragraph\">Si cette finale ne restera pas dans les annales, c\u2019est aussi parce que les cadors suppos\u00e9s ont baiss\u00e9 pavillon tr\u00e8s t\u00f4t dans cette 108e \u00e9dition de la Coupe de France. Rappelez-vous qu\u2019on a retrouv\u00e9 une \u00e9quipe de bas de tableau de Ligue 1 (Reims) et deux formations de divisions inf\u00e9rieures (Cannes, Dunkerque) avec le PSG en demies. Lyon, Marseille, Monaco et les autres \u00abgros\u00bb de L1 avaient d\u00e9j\u00e0 pris la porte. Les acteurs majeurs du championnat de France n\u2019ont pas respect\u00e9 la Coupe de France et ainsi laiss\u00e9 le champ libre \u00e0 un Paris-SG qui n\u2019a pas besoin de cela. Avec un adversaire plus coriace pour lui donner la r\u00e9plique, le champion de France aurait peut-\u00eatre \u00e9t\u00e9 pouss\u00e9 dans ses retranchements samedi soir, allez savoir. C\u2019est bien beau de bl\u00e2mer Paris et sa domination. Les autres doivent s\u2019interroger.<\/p>\n","protected":false},"excerpt":{"rendered":"D\u00c9CRYPTAGE \u2013 Ce qui a plu\u2026 et d\u00e9plu \u00e0 notre journaliste pr\u00e9sent au Stade de France, samedi, pour&hellip;\n","protected":false},"author":2,"featured_media":127996,"comment_status":"","ping_status":"","sticky":false,"template":"","format":"standard","meta":{"footnotes":""},"categories":[1888],"tags":[11,525,1981,615,83,814,1777,674,2257,63,1011,27,955,12,626,93,25,1980,464],"class_list":{"0":"post-127995","1":"post","2":"type-post","3":"status-publish","4":"format-standard","5":"has-post-thumbnail","7":"category-paris","8":"tag-actualites","9":"tag-calendrier","10":"tag-classement","11":"tag-coupe","12":"tag-coupe-de-france","13":"tag-direct","14":"tag-eu","15":"tag-europe","16":"tag-foot","17":"tag-football","18":"tag-fr","19":"tag-france","20":"tag-match","21":"tag-news","22":"tag-paris","23":"tag-psg","24":"tag-republique-francaise","25":"tag-resultats","26":"tag-stade-de-reims"},"share_on_mastodon":{"url":"https:\/\/pubeurope.com\/@fr\/114571027864395996","error":""},"_links":{"self":[{"href":"https:\/\/www.europesays.com\/fr\/wp-json\/wp\/v2\/posts\/127995","targetHints":{"allow":["GET"]}}],"collection":[{"href":"https:\/\/www.europesays.com\/fr\/wp-json\/wp\/v2\/posts"}],"about":[{"href":"https:\/\/www.europesays.com\/fr\/wp-json\/wp\/v2\/types\/post"}],"author":[{"embeddable":true,"href":"https:\/\/www.europesays.com\/fr\/wp-json\/wp\/v2\/users\/2"}],"replies":[{"embeddable":true,"href":"https:\/\/www.europesays.com\/fr\/wp-json\/wp\/v2\/comments?post=127995"}],"version-history":[{"count":0,"href":"https:\/\/www.europesays.com\/fr\/wp-json\/wp\/v2\/posts\/127995\/revisions"}],"wp:featuredmedia":[{"embeddable":true,"href":"https:\/\/www.europesays.com\/fr\/wp-json\/wp\/v2\/media\/127996"}],"wp:attachment":[{"href":"https:\/\/www.europesays.com\/fr\/wp-json\/wp\/v2\/media?parent=127995"}],"wp:term":[{"taxonomy":"category","embeddable":true,"href":"https:\/\/www.europesays.com\/fr\/wp-json\/wp\/v2\/categories?post=127995"},{"taxonomy":"post_tag","embeddable":true,"href":"https:\/\/www.europesays.com\/fr\/wp-json\/wp\/v2\/tags?post=127995"}],"curies":[{"name":"wp","href":"https:\/\/api.w.org\/{rel}","templated":true}]}}