{"id":128003,"date":"2025-05-25T23:21:11","date_gmt":"2025-05-25T23:21:11","guid":{"rendered":"https:\/\/www.europesays.com\/fr\/128003\/"},"modified":"2025-05-25T23:21:11","modified_gmt":"2025-05-25T23:21:11","slug":"le-royaume-uni-reconnait-la-souverainete-de-lile-maurice-sur-larchipel-des-chagos","status":"publish","type":"post","link":"https:\/\/www.europesays.com\/fr\/128003\/","title":{"rendered":"Le Royaume-Uni reconna\u00eet la souverainet\u00e9 de l\u2019\u00eele Maurice sur l\u2019archipel des Chagos"},"content":{"rendered":"<p> \u00abUn accord historique.\u00a0\u00bb Le<a href=\"https:\/\/www.20minutes.fr\/monde\/royaume-uni\/\" class=\"color-ultramarine c-link\" target=\"_blank\" rel=\"noopener\"> Royaume-Uni <\/a>r\u00e9troc\u00e9der ce jeudi \u00e0 l\u2019\u00eele <a href=\"https:\/\/www.20minutes.fr\/dossier\/ile_maurice\" class=\"color-ultramarine c-link\" target=\"_blank\" rel=\"noopener\">Maurice <\/a>l\u2019archipel <a href=\"https:\/\/www.20min.ch\/fr\/story\/ocean-indien-accord-historique-entre-le-royaume-uni-et-l-ile-maurice-103196594\" target=\"_blank\" class=\"color-ultramarine c-link\" rel=\"noopener\">des Chagos<\/a>, tout en pr\u00e9voyant le maintien d\u2019une base militaire am\u00e9ricano-britannique sur l\u2019une des \u00eeles, dans cette r\u00e9gion strat\u00e9gique de l\u2019oc\u00e9an Indien. \u00ab\u00a0Il y a quelques instants, j\u2019ai sign\u00e9 un accord pour s\u00e9curiser la base commune Royaume-Uni-\u00c9tats-Unis sur Diego Garcia. Ceci est absolument essentiel pour notre d\u00e9fense et notre renseignement et donc pour la s\u00e9curit\u00e9 du peuple britannique\u00a0\u00bb, a d\u00e9clar\u00e9 le Premier ministre Keir Starmer peu apr\u00e8s une d\u00e9cision de justice ouvrant la voie \u00e0 cet accord.<\/p>\n<p>Le Premier ministre mauricien, Navin Ramgoolam, a salu\u00e9 une \u00ab\u00a0grande victoire\u00a0\u00bb, estimant que l\u2019\u00eele a ainsi \u00ab\u00a0compl\u00e9t\u00e9 le processus de d\u00e9colonisation qui a commenc\u00e9 avec l\u2019accession de l\u2019\u00eele \u00e0 l\u2019ind\u00e9pendance en\u00a01968\u00a0\u00bb. Cet accord pr\u00e9voit que le Royaume-Uni dispose d\u2019un bail de 99 ans sur Diego Garcia &#8211; avec une option de prolongation &#8211; moyennant le paiement annuel de 101\u00a0millions de livres (120\u00a0millions d\u2019euros), soit 3,4\u00a0milliards de livres (plus de 4\u00a0milliards d\u2019euros) au total.<\/p>\n<p>Un \u00ab\u00a0acte d\u2019automutilation\u00a0\u00bb<\/p>\n<p>Le dirigeant travailliste a martel\u00e9 qu\u2019il n\u2019y avait pas d&rsquo;\u00ab\u00a0autre alternative\u00a0\u00bb et que cet accord \u00e9tait le \u00ab\u00a0seul moyen de maintenir la base \u00e0 long terme\u00a0\u00bb. Il a \u00e9galement rappel\u00e9 le caract\u00e8re \u00ab\u00a0strat\u00e9gique\u00a0\u00bb de cette base utilis\u00e9e notamment comme plaque tournante pour les bombardiers et navires \u00e0 longue port\u00e9e pendant les guerres en Afghanistan et en Irak.<\/p>\n<p>\u00ab\u00a0Le port, l\u2019a\u00e9rodrome et ses capacit\u00e9s avanc\u00e9es de communication et de surveillance offrent au Royaume-Uni et \u00e0 ses alli\u00e9s des capacit\u00e9s strat\u00e9giques cruciales\u00a0\u00bb, d\u00e9taille le communiqu\u00e9 de Downing Street. Le secr\u00e9taire d\u2019Etat am\u00e9ricain <a href=\"https:\/\/www.20minutes.fr\/politique\/marco-rubio\/\" class=\"color-ultramarine c-link\" target=\"_blank\" rel=\"noopener\">Marco Rubio<\/a> a salu\u00e9 sur X un accord qui \u00ab\u00a0assure une exploitation \u00e0 long terme, stable, et efficace\u00a0\u00bb de la base de Diego Garcia \u00ab\u00a0essentielle pour la s\u00e9curit\u00e9 r\u00e9gionale et mondiale\u00a0\u00bb. A l\u2019inverse, la cheffe de l\u2019opposition conservatrice Kemi Badenoch l\u2019a qualifi\u00e9 \u00ab\u00a0d\u2019acte d\u2019automutilation\u00a0\u00bb qui va \u00ab\u00a0exposer (le Royaume-Uni) \u00e0 la Chine et ignore la volont\u00e9 du peuple chagossien\u00a0\u00bb.<\/p>\n<p>Un demi-si\u00e8cle de litige<\/p>\n<p>Cet accord avec l\u2019\u00eele Maurice, fruit de plusieurs ann\u00e9es d\u2019intenses n\u00e9gociations, met fin \u00e0 plus d\u2019un demi-si\u00e8cle de litige. Les \u00c9tats-Unis paieront les co\u00fbts d\u2019exploitation de la base, \u00ab\u00a0qui sont beaucoup plus \u00e9lev\u00e9s que ceux que nous prenons en charge\u00a0\u00bb, a pr\u00e9cis\u00e9 le locataire du 10 Downing Street.<\/p>\n<p><a href=\"https:\/\/www.20minutes.fr\/dossier\/londres\" class=\"color-ultramarine c-link\" target=\"_blank\" rel=\"noopener\">Londres<\/a> avait accept\u00e9 en octobre le principe de cet accord qui reconna\u00eet la souverainet\u00e9 de l\u2019\u00eele Maurice sur l\u2019archipel des Chagos. Le Royaume-Uni a conserv\u00e9 le contr\u00f4le des \u00eeles Chagos lorsque Maurice a obtenu son ind\u00e9pendance du Royaume-Uni en\u00a01968. Environ 2.000 habitants de l\u2019archipel ont \u00e9t\u00e9 expuls\u00e9s dans les ann\u00e9es suivantes, notamment de Diego Garcia, o\u00f9 est install\u00e9e la base militaire.<\/p>\n","protected":false},"excerpt":{"rendered":"\u00abUn accord historique.\u00a0\u00bb Le Royaume-Uni r\u00e9troc\u00e9der ce jeudi \u00e0 l\u2019\u00eele Maurice l\u2019archipel des Chagos, tout en pr\u00e9voyant le&hellip;\n","protected":false},"author":2,"featured_media":128004,"comment_status":"","ping_status":"","sticky":false,"template":"","format":"standard","meta":{"footnotes":""},"categories":[1588],"tags":[47,11,4708,1777,674,4323,12200,2581,74,12,473,1853,1851,1850,1852],"class_list":{"0":"post-128003","1":"post","2":"type-post","3":"status-publish","4":"format-standard","5":"has-post-thumbnail","7":"category-royaume-uni","8":"tag-actualite","9":"tag-actualites","10":"tag-angleterre","11":"tag-eu","12":"tag-europe","13":"tag-ile","14":"tag-ile-maurice","15":"tag-keir-starmer","16":"tag-monde","17":"tag-news","18":"tag-royaume-uni","19":"tag-royaume-uni-de-grande-bretagne-et-dirlande-du-nord","20":"tag-uk","21":"tag-united-kingdom","22":"tag-united-kingdom-of-great-britain-and-northern-ireland"},"share_on_mastodon":{"url":"","error":""},"_links":{"self":[{"href":"https:\/\/www.europesays.com\/fr\/wp-json\/wp\/v2\/posts\/128003","targetHints":{"allow":["GET"]}}],"collection":[{"href":"https:\/\/www.europesays.com\/fr\/wp-json\/wp\/v2\/posts"}],"about":[{"href":"https:\/\/www.europesays.com\/fr\/wp-json\/wp\/v2\/types\/post"}],"author":[{"embeddable":true,"href":"https:\/\/www.europesays.com\/fr\/wp-json\/wp\/v2\/users\/2"}],"replies":[{"embeddable":true,"href":"https:\/\/www.europesays.com\/fr\/wp-json\/wp\/v2\/comments?post=128003"}],"version-history":[{"count":0,"href":"https:\/\/www.europesays.com\/fr\/wp-json\/wp\/v2\/posts\/128003\/revisions"}],"wp:featuredmedia":[{"embeddable":true,"href":"https:\/\/www.europesays.com\/fr\/wp-json\/wp\/v2\/media\/128004"}],"wp:attachment":[{"href":"https:\/\/www.europesays.com\/fr\/wp-json\/wp\/v2\/media?parent=128003"}],"wp:term":[{"taxonomy":"category","embeddable":true,"href":"https:\/\/www.europesays.com\/fr\/wp-json\/wp\/v2\/categories?post=128003"},{"taxonomy":"post_tag","embeddable":true,"href":"https:\/\/www.europesays.com\/fr\/wp-json\/wp\/v2\/tags?post=128003"}],"curies":[{"name":"wp","href":"https:\/\/api.w.org\/{rel}","templated":true}]}}