{"id":128009,"date":"2025-05-25T23:24:13","date_gmt":"2025-05-25T23:24:13","guid":{"rendered":"https:\/\/www.europesays.com\/fr\/128009\/"},"modified":"2025-05-25T23:24:13","modified_gmt":"2025-05-25T23:24:13","slug":"trump-confirme-prolonger-la-pause-des-droits-de-douane-pour-lue","status":"publish","type":"post","link":"https:\/\/www.europesays.com\/fr\/128009\/","title":{"rendered":"Trump confirme prolonger la pause des droits de douane pour l&rsquo;UE"},"content":{"rendered":"<p class=\"wysiwyg-h2\">Le pr\u00e9sident am\u00e9ricain Donald Trump a confirm\u00e9 prolonger jusqu&rsquo;au 9 juillet la pause dans les droits de douane pour l&rsquo;UE, peu apr\u00e8s un entretien avec la pr\u00e9sidente de la Commission europ\u00e9enne Ursula von der Leyen dimanche.<\/p>\n<p>Donald Trump a menac\u00e9 d&rsquo;imposer des droits de douane de 50% sur les importations en provenance des Vingt-Sept d\u00e8s le 1er juin.<\/p>\n<p>&lsquo;L&rsquo;Europe est pr\u00eate \u00e0 faire avancer les n\u00e9gociations de mani\u00e8re rapide et d\u00e9cisive. Pour parvenir \u00e0 un bon accord, nous aurons besoin de temps jusqu&rsquo;au 9 juillet&rsquo;, avait pour sa part d\u00e9clar\u00e9 Mme von der Leyen sur le r\u00e9seau social X apr\u00e8s leur appel t\u00e9l\u00e9phonique.<\/p>\n<p> \/ATS<\/p>\n","protected":false},"excerpt":{"rendered":"Le pr\u00e9sident am\u00e9ricain Donald Trump a confirm\u00e9 prolonger jusqu&rsquo;au 9 juillet la pause dans les droits de douane&hellip;\n","protected":false},"author":2,"featured_media":128010,"comment_status":"","ping_status":"","sticky":false,"template":"","format":"standard","meta":{"footnotes":""},"categories":[1586],"tags":[11,1829,1832,1836,1827,1777,674,1779,1011,27,1830,1831,1826,1844,1840,1839,1841,1838,12,1843,1828,1834,1825,1833,25,1822,1823,1824,1837,1778,364,1835,1842],"class_list":{"0":"post-128009","1":"post","2":"type-post","3":"status-publish","4":"format-standard","5":"has-post-thumbnail","7":"category-europe","8":"tag-actualites","9":"tag-ajoie","10":"tag-animation","11":"tag-bienne","12":"tag-delemont","13":"tag-eu","14":"tag-europe","15":"tag-european-union","16":"tag-fr","17":"tag-france","18":"tag-franches-montagnes","19":"tag-frequence","20":"tag-jura","21":"tag-jura-bernois","22":"tag-la-chaux-de-fonds","23":"tag-moutier","24":"tag-neuchatel","25":"tag-neuveville","26":"tag-news","27":"tag-payerne","28":"tag-porrentruy","29":"tag-publicite","30":"tag-radio","31":"tag-redaction","32":"tag-republique-francaise","33":"tag-rfj","34":"tag-rjb","35":"tag-rtn","36":"tag-tavannes","37":"tag-ue","38":"tag-union-europeenne","39":"tag-vallon-de-st-imier","40":"tag-yverdon"},"share_on_mastodon":{"url":"https:\/\/pubeurope.com\/@fr\/114571055218463432","error":""},"_links":{"self":[{"href":"https:\/\/www.europesays.com\/fr\/wp-json\/wp\/v2\/posts\/128009","targetHints":{"allow":["GET"]}}],"collection":[{"href":"https:\/\/www.europesays.com\/fr\/wp-json\/wp\/v2\/posts"}],"about":[{"href":"https:\/\/www.europesays.com\/fr\/wp-json\/wp\/v2\/types\/post"}],"author":[{"embeddable":true,"href":"https:\/\/www.europesays.com\/fr\/wp-json\/wp\/v2\/users\/2"}],"replies":[{"embeddable":true,"href":"https:\/\/www.europesays.com\/fr\/wp-json\/wp\/v2\/comments?post=128009"}],"version-history":[{"count":0,"href":"https:\/\/www.europesays.com\/fr\/wp-json\/wp\/v2\/posts\/128009\/revisions"}],"wp:featuredmedia":[{"embeddable":true,"href":"https:\/\/www.europesays.com\/fr\/wp-json\/wp\/v2\/media\/128010"}],"wp:attachment":[{"href":"https:\/\/www.europesays.com\/fr\/wp-json\/wp\/v2\/media?parent=128009"}],"wp:term":[{"taxonomy":"category","embeddable":true,"href":"https:\/\/www.europesays.com\/fr\/wp-json\/wp\/v2\/categories?post=128009"},{"taxonomy":"post_tag","embeddable":true,"href":"https:\/\/www.europesays.com\/fr\/wp-json\/wp\/v2\/tags?post=128009"}],"curies":[{"name":"wp","href":"https:\/\/api.w.org\/{rel}","templated":true}]}}