{"id":128026,"date":"2025-05-25T23:38:55","date_gmt":"2025-05-25T23:38:55","guid":{"rendered":"https:\/\/www.europesays.com\/fr\/128026\/"},"modified":"2025-05-25T23:38:55","modified_gmt":"2025-05-25T23:38:55","slug":"giro-tour-ditalie-le-point-sur-le-classement-general-du-giro-apres-deux-semaines","status":"publish","type":"post","link":"https:\/\/www.europesays.com\/fr\/128026\/","title":{"rendered":"Giro. Tour d&rsquo;Italie &#8211; Le point sur le classement g\u00e9n\u00e9ral du Giro apr\u00e8s deux semaines"},"content":{"rendered":"<p>Deux semaines de course se sont \u00e9coul\u00e9es sur ce <strong><a href=\"https:\/\/www.cyclismactu.net\/..\/news-giro-route-tour-d-italie-primoz-roglic-en-pleurs-pourrait-abandonner-giro-88050.html\" target=\"_blank\" rel=\"nofollow noopener\">Tour d&rsquo;Italie 2025<\/a><\/strong>, et le suspense reste entier. Avec une deuxi\u00e8me semaine relativement calme, les \u00e9carts au classement g\u00e9n\u00e9ral demeurent limit\u00e9s. <strong>Isaac Del Toro<\/strong>, en t\u00eate depuis dimanche dernier, s\u2019est montr\u00e9 tr\u00e8s solide. Toujours bien plac\u00e9, le Mexicain a m\u00eame r\u00e9cup\u00e9r\u00e9 samedi le temps perdu sur <strong>Juan Ayuso<\/strong> lors du contre-la-montre. Ce dernier n\u2019est d\u2019ailleurs plus le dauphin de son co\u00e9quipier, puisque <strong>Simon Yates<\/strong> (Visma | Lease a Bike) s\u2019est hiss\u00e9 \u00e0 la 2e place. Grosse d\u00e9sillusion en revanche pour <strong>Primoz Roglic<\/strong>, rel\u00e9gu\u00e9 au 10e rang apr\u00e8s une grosse d\u00e9faillance ce dimanche.<\/p>\n<p>Vid\u00e9o &#8211; isaac Del Toro, leader du Giro d&rsquo;Italia 2025 Lire la suite de l&rsquo;article&#13;<\/p>\n<p>\u00a0<\/p>\n<p>&#13;<br \/>\nLe point&#13;<\/p>\n<p>Le leader n\u2019a pas chang\u00e9 depuis une semaine : <strong>Isaac Del Toro<\/strong> tient fermement son <strong>Maillot Rose<\/strong>. Il poss\u00e9dait 1&rsquo;13\u00a0\u00bb d\u2019avance lors de la derni\u00e8re journ\u00e9e de repos, il en compte d\u00e9sormais 1&rsquo;20\u00a0\u00bb. <strong>Simon Yates<\/strong> a profit\u00e9 de l\u2019\u00e9tape de samedi pour d\u00e9passer <strong>Juan Ayuso<\/strong> (+1&rsquo;26\u00a0\u00bb). <strong>Richard Carapaz<\/strong>, 4e \u00e0 2&rsquo;07\u00a0\u00bb, pourrait bien \u00eatre l\u2019homme fort de la derni\u00e8re semaine. <strong>Derek Gee <\/strong>(Israel-Premier Tech) a r\u00e9alis\u00e9 une deuxi\u00e8me semaine exemplaire et pointe \u00e0 la 5e place, \u00e0 2&rsquo;54\u00a0\u00bb du leader. Il est suivi de pr\u00e8s par <strong>Antonio Tiberi<\/strong>, 6e \u00e0 une seconde.<\/p>\n<p>&#13;<\/p>\n<p>Derri\u00e8re, on retrouve le duo offensif d\u2019<strong>INEOS Grenadiers<\/strong> avec <strong>Egan Bernal<\/strong> (8e) et <strong>Thymen Arensman<\/strong> (9e). <strong>Primoz Roglic<\/strong>\u00a0a chut\u00e9 de cinq places dimanche, et se retrouve d\u00e9sormais 10e \u00e0 3&rsquo;53\u00a0\u00bb de Del Toro. Quatre autres coureurs restent \u00e0 moins de cinq minutes du Maillot Rose : <strong>Brandon McNulty<\/strong> (+4&rsquo;24\u00a0\u00bb), <strong>Michael Storer<\/strong> (+4&rsquo;25\u00a0\u00bb), <strong>Einer Rubio<\/strong> (+4&rsquo;26\u00a0\u00bb) et <strong>Adam Yates<\/strong> (+4&rsquo;47\u00a0\u00bb). Ces \u00e9carts devraient cependant rapidement \u00e9voluer : d\u00e8s mardi, le peloton abordera l&rsquo;une des \u00e9tapes les plus exigeantes de ce <strong>Giro d&rsquo;Italia 2025<\/strong>, en haute montagne.<\/p>\n<p>Tour d&rsquo;Italie &#8211; Classement g\u00e9n\u00e9ral provisoire apr\u00e8s la 15\u00e8 \u00e9tape<\/p>\n","protected":false},"excerpt":{"rendered":"Deux semaines de course se sont \u00e9coul\u00e9es sur ce Tour d&rsquo;Italie 2025, et le suspense reste entier. Avec&hellip;\n","protected":false},"author":2,"featured_media":128027,"comment_status":"","ping_status":"","sticky":false,"template":"","format":"standard","meta":{"footnotes":""},"categories":[1411],"tags":[1154,207,1011,27,209,60,3318,208],"class_list":{"0":"post-128026","1":"post","2":"type-post","3":"status-publish","4":"format-standard","5":"has-post-thumbnail","7":"category-cyclisme","8":"tag-cycling","9":"tag-cyclisme","10":"tag-fr","11":"tag-france","12":"tag-route","13":"tag-sports","14":"tag-tour-d","15":"tag-velo"},"share_on_mastodon":{"url":"https:\/\/pubeurope.com\/@fr\/114571113558353983","error":""},"_links":{"self":[{"href":"https:\/\/www.europesays.com\/fr\/wp-json\/wp\/v2\/posts\/128026","targetHints":{"allow":["GET"]}}],"collection":[{"href":"https:\/\/www.europesays.com\/fr\/wp-json\/wp\/v2\/posts"}],"about":[{"href":"https:\/\/www.europesays.com\/fr\/wp-json\/wp\/v2\/types\/post"}],"author":[{"embeddable":true,"href":"https:\/\/www.europesays.com\/fr\/wp-json\/wp\/v2\/users\/2"}],"replies":[{"embeddable":true,"href":"https:\/\/www.europesays.com\/fr\/wp-json\/wp\/v2\/comments?post=128026"}],"version-history":[{"count":0,"href":"https:\/\/www.europesays.com\/fr\/wp-json\/wp\/v2\/posts\/128026\/revisions"}],"wp:featuredmedia":[{"embeddable":true,"href":"https:\/\/www.europesays.com\/fr\/wp-json\/wp\/v2\/media\/128027"}],"wp:attachment":[{"href":"https:\/\/www.europesays.com\/fr\/wp-json\/wp\/v2\/media?parent=128026"}],"wp:term":[{"taxonomy":"category","embeddable":true,"href":"https:\/\/www.europesays.com\/fr\/wp-json\/wp\/v2\/categories?post=128026"},{"taxonomy":"post_tag","embeddable":true,"href":"https:\/\/www.europesays.com\/fr\/wp-json\/wp\/v2\/tags?post=128026"}],"curies":[{"name":"wp","href":"https:\/\/api.w.org\/{rel}","templated":true}]}}