{"id":12803,"date":"2025-04-09T14:10:21","date_gmt":"2025-04-09T14:10:21","guid":{"rendered":"https:\/\/www.europesays.com\/fr\/12803\/"},"modified":"2025-04-09T14:10:21","modified_gmt":"2025-04-09T14:10:21","slug":"a-lille-les-insectes-et-les-plantes-inspirent-la-nouvelle-aire-de-jeux-du-2eme-plus-grand-parc-de-la-ville","status":"publish","type":"post","link":"https:\/\/www.europesays.com\/fr\/12803\/","title":{"rendered":"\u00c0 Lille, les insectes et les plantes inspirent la nouvelle aire de jeux du 2\u00e8me plus grand parc de la ville"},"content":{"rendered":"<p>            Par<br \/>\n        <strong><br \/>\n            <a href=\"https:\/\/actu.fr\/auteur\/hervine-mahaud\" title=\"Consulter tous les articles de Hervine Mahaud\" rel=\"nofollow noopener\" target=\"_blank\">Hervine Mahaud<\/a><br \/>\n        <\/strong><\/p>\n<p>        Publi\u00e9 le<\/p>\n<p>            8 avr. 2025 \u00e0 12h00        <\/p>\n<p>Des fleurs musicales, une sauterelle joueuse et des <b>balan\u00e7oires<\/b> sous toutes les formes. Samedi 5\u00a0avril 2025, les habitants de <b>Lille-Sud<\/b> et des autres quartiers ont pu d\u00e9couvrir l\u2019<b>aire de jeux enti\u00e8rement r\u00e9nov\u00e9e du Jardin des plantes<\/b>. Imagin\u00e9e dans le cadre du <b>3\u00e8me budget participatif<\/b>, cette installation a vocation \u00e0 \u00eatre <b>accessible \u00e0 tous<\/b> gr\u00e2ce \u00e0 des <b>jeux inclusifs<\/b>.<\/p>\n<p>Des jeux inclusifs inspir\u00e9s des plantes et des insectes<\/p>\n<p class=\" wall-content\">Inaugur\u00e9e dans le cadre de <a href=\"https:\/\/actu.fr\/hauts-de-france\/lille_59350\/pour-lille-aux-jardins-le-jardin-des-plantes-de-lille-remis-en-eau_62471903.html\" rel=\"nofollow noopener\" target=\"_blank\">l\u2019\u00e9v\u00e9nement Lille aux jardins, au cours duquel les bassins remis en eau ont \u00e9t\u00e9 pr\u00e9sent\u00e9s au public<\/a>, la nouvelle aire de jeux inspir\u00e9e de la nature a imm\u00e9diatement s\u00e9duit les familles. Les petits Lillois se sont aussit\u00f4t appropri\u00e9 le toboggan-sauterelle, les fleurs musicales ou encore les nombreuses balan\u00e7oires.<\/p>\n<p>      <img   decoding=\"async\" loading=\"lazy\" class=\"size-large\" src=\"https:\/\/www.europesays.com\/fr\/wp-content\/uploads\/2025\/04\/bda5a2fed4f76d1b5a2fed4f7a5b5av-960x640.jpg\" alt=\"Les installations de la nouvelle aire de jeux du Jardin des plantes de Lille font la part belle \u00e0 la nature.\" width=\"960\" height=\"640\"\/><br \/>\n    Les installations de la nouvelle aire de jeux du Jardin des plantes de Lille font la part belle \u00e0 la nature. \u00a9Hervine Mahaud<br \/>\n      <img   decoding=\"async\" loading=\"lazy\" class=\"size-large\" src=\"https:\/\/www.europesays.com\/fr\/wp-content\/uploads\/2025\/04\/5eef82fed4f7654ff82fed4f729ff8v-960x640.jpg\" alt=\"Ici et l\u00e0, les enfants peuvent faire sonner les p\u00e9tales des fleurs musicales.\" width=\"960\" height=\"640\"\/><br \/>\n    Ici et l\u00e0, les enfants peuvent faire sonner les p\u00e9tales des fleurs musicales. \u00a9Hervine Mahaud<\/p>\n<p class=\" wall-content\">Des installations ont \u00e9galement \u00e9t\u00e9 con\u00e7ues pour \u00eatre accessibles \u00e0 tous, y compris les personnes \u00e0 mobilit\u00e9 r\u00e9duite.<\/p>\n<p>      <img   decoding=\"async\" loading=\"lazy\" class=\"size-large\" src=\"https:\/\/www.europesays.com\/fr\/wp-content\/uploads\/2025\/04\/d1f592fed4f7616f592fed4f71af59v-960x640.jpg\" alt=\"Un tourniquet accessible aux PMR.\" width=\"960\" height=\"640\"\/><br \/>\n    Un tourniquet accessible aux PMR. \u00a9Hervine MahaudVid\u00e9os : en ce moment sur ActuAccro\u00eetre la notori\u00e9t\u00e9 du parc<\/p>\n<p class=\" wall-content\">Pour r\u00e9nover enti\u00e8rement cette aire de jeux, plusieurs mois de travaux ont \u00e9t\u00e9 n\u00e9cessaires. Ainsi qu\u2019une enveloppe de 410\u2009000\u00a0euros, allou\u00e9e dans le cadre du <a href=\"https:\/\/actu.fr\/hauts-de-france\/lille_59350\/lille-fontaines-cabanes-et-jeux-voici-les-20-projets-gagnants-du-budget-participatif_52194911.html\" rel=\"nofollow noopener\" target=\"_blank\">3\u00e8me budget participatif<\/a>. Cette r\u00e9alisation, coupl\u00e9e \u00e0 la <a href=\"https:\/\/actu.fr\/hauts-de-france\/lille_59350\/travaux-au-jardin-des-plantes-de-lille-les-bassins-vont-reprendre-vie_60271078.html\" rel=\"nofollow noopener\" target=\"_blank\">remise en eau des bassins<\/a> et aux nombreux am\u00e9nagements mis en place, doit permettre de favoriser la r\u00e9appropriation du Jardin des plantes.<\/p>\n<p class=\" wall-content\">Car le deuxi\u00e8me espace vert de grande ampleur \u00e0 Lille, apr\u00e8s le parc de la Citadelle, manque encore de notori\u00e9t\u00e9. La municipalit\u00e9 s\u2019emploie ainsi \u00e0 faire de ce parc \u00ab\u2009un lieu ludique, r\u00e9cr\u00e9atif et sportif \u00e0 destination de tous les habitants\u2009\u00bb.<\/p>\n<p>      <img   decoding=\"async\" loading=\"lazy\" class=\"size-large\" src=\"https:\/\/www.europesays.com\/fr\/wp-content\/uploads\/2025\/04\/0db5b2fed4f76b1c5b2fed4f757c5bv-960x640.jpg\" alt=\"Des rondins de bois et filets permettent aux petits aventuriers de parfaire leur \u00e9quilibre.\" width=\"960\" height=\"640\"\/><br \/>\n    Des rondins de bois et filets permettent aux petits aventuriers de parfaire leur \u00e9quilibre. \u00a9Hervine Mahaud<\/p>\n<p class=\" wall-content\">\u00ab\u2009L\u2019id\u00e9e est de mettre le Jardin des plantes au niveau de ce qu\u2019il est, d\u2019y attirer les personnes des autres quartiers, au-del\u00e0 des habitants de Moulins qui le fr\u00e9quentent en nombre\u2009\u00bb, expliquait ainsi Arnaud Deslandes lors de l\u2019inauguration samedi 5\u00a0avril.<\/p>\n<p class=\" wall-content\">Les <a href=\"https:\/\/actu.fr\/hauts-de-france\/lille_59350\/dinosaures-maneges-boxe-que-faire-a-lille-pour-les-vacances-de-paques-10-idees-de-sorties_62454249.html\" rel=\"nofollow noopener\" target=\"_blank\">vacances de printemps<\/a> sont ainsi le moment id\u00e9al de (re) d\u00e9couvrir ce grand parc et ses jeux nouvellement install\u00e9s.<\/p>\n<p class=\" wall-content\">Suivez toute l\u2019actualit\u00e9 de vos villes et m\u00e9dias favoris en vous inscrivant \u00e0 <a href=\"https:\/\/moncompte.actu.fr\" title=\"D\u00e9couvez Mon Actu\" rel=\"nofollow noopener\" data-trk=\"{&quot;cta&quot;:{&quot;action&quot;:&quot;https:\\\/\\\/moncompte.actu.fr&quot;,&quot;category&quot;:&quot;mon compte&quot;,&quot;from&quot;:&quot;article footer&quot;,&quot;name&quot;:&quot;Mon actu&quot;,&quot;type&quot;:&quot;cta&quot;}}\" target=\"_blank\">Mon Actu<\/a>.<\/p>\n","protected":false},"excerpt":{"rendered":"Par Hervine Mahaud Publi\u00e9 le 8 avr. 2025 \u00e0 12h00 Des fleurs musicales, une sauterelle joueuse et des&hellip;\n","protected":false},"author":2,"featured_media":12804,"comment_status":"","ping_status":"","sticky":false,"template":"","format":"standard","meta":{"footnotes":""},"categories":[2815],"tags":[1111,11,1719,1777,674,1011,27,811,1307,1652,12,25],"class_list":{"0":"post-12803","1":"post","2":"type-post","3":"status-publish","4":"format-standard","5":"has-post-thumbnail","7":"category-lille","8":"tag-actu","9":"tag-actualites","10":"tag-enfants","11":"tag-eu","12":"tag-europe","13":"tag-fr","14":"tag-france","15":"tag-hauts-de-france","16":"tag-lille","17":"tag-loisirs-culture","18":"tag-news","19":"tag-republique-francaise"},"share_on_mastodon":{"url":"https:\/\/pubeurope.com\/@fr\/114308410689954265","error":""},"_links":{"self":[{"href":"https:\/\/www.europesays.com\/fr\/wp-json\/wp\/v2\/posts\/12803","targetHints":{"allow":["GET"]}}],"collection":[{"href":"https:\/\/www.europesays.com\/fr\/wp-json\/wp\/v2\/posts"}],"about":[{"href":"https:\/\/www.europesays.com\/fr\/wp-json\/wp\/v2\/types\/post"}],"author":[{"embeddable":true,"href":"https:\/\/www.europesays.com\/fr\/wp-json\/wp\/v2\/users\/2"}],"replies":[{"embeddable":true,"href":"https:\/\/www.europesays.com\/fr\/wp-json\/wp\/v2\/comments?post=12803"}],"version-history":[{"count":0,"href":"https:\/\/www.europesays.com\/fr\/wp-json\/wp\/v2\/posts\/12803\/revisions"}],"wp:featuredmedia":[{"embeddable":true,"href":"https:\/\/www.europesays.com\/fr\/wp-json\/wp\/v2\/media\/12804"}],"wp:attachment":[{"href":"https:\/\/www.europesays.com\/fr\/wp-json\/wp\/v2\/media?parent=12803"}],"wp:term":[{"taxonomy":"category","embeddable":true,"href":"https:\/\/www.europesays.com\/fr\/wp-json\/wp\/v2\/categories?post=12803"},{"taxonomy":"post_tag","embeddable":true,"href":"https:\/\/www.europesays.com\/fr\/wp-json\/wp\/v2\/tags?post=12803"}],"curies":[{"name":"wp","href":"https:\/\/api.w.org\/{rel}","templated":true}]}}