{"id":128030,"date":"2025-05-25T23:43:35","date_gmt":"2025-05-25T23:43:35","guid":{"rendered":"https:\/\/www.europesays.com\/fr\/128030\/"},"modified":"2025-05-25T23:43:35","modified_gmt":"2025-05-25T23:43:35","slug":"je-ne-suis-pas-morte-loana-regle-ses-comptes-avec-marie-colomb","status":"publish","type":"post","link":"https:\/\/www.europesays.com\/fr\/128030\/","title":{"rendered":"\u00ab\u00a0Je ne suis pas morte !\u00a0\u00bb : Loana r\u00e8gle ses comptes avec Marie Colomb"},"content":{"rendered":"<p>Ce devait \u00eatre une jolie rencontre entre <strong>deux femmes que tout oppose\u2026 <\/strong>et pourtant si proches. D\u2019un c\u00f4t\u00e9, Marie Colomb, \u00e9toile montante du cin\u00e9ma fran\u00e7ais, qui a fait sensation dans la s\u00e9rie Culte sur Prime Video. De l\u2019autre, Loana, ic\u00f4ne ind\u00e9tr\u00f4nable de la t\u00e9l\u00e9-r\u00e9alit\u00e9, r\u00e9v\u00e9l\u00e9e au grand public en 2001 dans Loft Story. L\u2019une incarne l\u2019autre avec justesse \u00e0 l\u2019\u00e9cran. L\u2019autre\u2026 n\u2019aime pas qu\u2019on lui fasse de l\u2019ombre. Mais avant <strong>le coup de tonnerre sign\u00e9 Loana,<\/strong> petit rappel des faits.<\/p>\n<p>Marie Colomb, une ascension fulgurante depuis la s\u00e9rie Culte <\/p>\n<p>Depuis la sortie de Culte, s\u00e9rie consacr\u00e9e aux coulisses du tout premier Loft fran\u00e7ais, Marie Colomb ne cesse de faire parler d\u2019elle. Celle qui incarne Loana avec <strong>une troublante ressemblance <\/strong>a \u00e9mu, bluff\u00e9, et m\u00eame d\u00e9croch\u00e9 le tr\u00e8s convoit\u00e9 troph\u00e9e Chopard au Festival de Cannes 2025, qui r\u00e9compense chaque ann\u00e9e <strong>les jeunes talents prometteurs.<\/strong><\/p>\n<p>Et pourtant, malgr\u00e9 les paillettes et les projecteurs, la com\u00e9dienne gardait une chose en t\u00eate : le regard de Loana elle-m\u00eame. \u00ab Nous n\u2019avons pas trouv\u00e9 le moment, nous n\u2019habitons pas la m\u00eame ville. Mais cela va se faire, je l\u2019esp\u00e8re. Je tiens \u00e0 ce moment, <strong>mais j\u2019ai peur de son regard \u00bb,<\/strong> confiait-elle r\u00e9cemment \u00e0 T\u00e9l\u00e9-Loisirs, la voix pleine d\u2019appr\u00e9hension. \u00ab J\u2019esp\u00e8re qu\u2019elle trouvera que je l\u2019ai bien repr\u00e9sent\u00e9e et d\u00e9fendue. C\u2019\u00e9tait un cadeau \u00e9norme mais aussi <strong>une grosse responsabilit\u00e9 d\u2019avoir \u00e0 l\u2019interpr\u00e9ter. \u00bb.<\/strong><\/p>\n<p>\u00ab Je la d\u00e9teste, mais je trouve qu\u2019elle me repr\u00e9sente bien \u00bb : Loana et son \u00e9trange relation avec Marie Colomb<\/p>\n<p>Quand on \u00e9voque la s\u00e9rie Culte, Loana ne fait pas semblant. Oui, elle a \u00e9t\u00e9 <strong>pay\u00e9e pour pr\u00eater son histoire. <\/strong>Oui, elle a collabor\u00e9 avec les auteurs Matthieu Rumani et Nicolas Slomka. Et oui, elle a vendu les droits de ses deux livres (Elle m\u2019appelait Miette et Si dure est la nuit, si tendre est la vie), pour une somme comprise entre 1 000 et 10 000 euros. Mais tout \u00e7a ne signifie <strong>pas qu\u2019elle valide \u00e0 100 % ce qu\u2019elle voit \u00e0 l\u2019\u00e9cran.<\/strong><\/p>\n<p>Dans une interview accord\u00e9e \u00e0 Voici, <a href=\"https:\/\/www.public.fr\/interview-de-loana-je-ne-merite-pas-autant-dinsultes\" target=\"_blank\" rel=\"noopener\">celle qui s\u2019est livr\u00e9e sur le harc\u00e8lement dont elle est victime<\/a> ne m\u00e2che pas ses mots : \u00ab Je le savais, j\u2019ai \u00e9t\u00e9 pay\u00e9e pour \u00e7a, mais c\u2019est une p\u00e9riode de ta vie et d\u2019un seul coup, <strong>tu vois une actrice et elle fait le bordel <\/strong>(rires). C\u2019est trop fid\u00e8le d\u2019ailleurs ! Tu as la m\u00eame t\u00eate, tu fais les m\u00eames conneries que tu voudrais effacer.\u00a0\u00bb. Et concernant Marie Colomb ? Loana tranche : \u00ab Je la d\u00e9teste, mais je trouve qu\u2019elle me repr\u00e9sente bien, c\u2019est difficile. <strong>Elle me ressemble beaucoup, <\/strong>c\u2019est vraiment vrai (rires). C\u2019est mon double ! \u00bb. Avant d\u2019ajouter qu\u2019elle d\u00e9sirait la rencontrer. Du moins, c\u2019\u00e9tait lors de la sortie de la s\u00e9rie.<\/p>\n<p><img loading=\"lazy\" decoding=\"async\" width=\"666\" height=\"1024\" src=\"data:image\/svg+xml,%3Csvg%20xmlns=\" http:=\"\" alt=\"\u00ab\u00a0Je ne suis pas morte !\u00a0\u00bb : Loana r\u00e8gle ses comptes avec Marie Colomb\" data-lazy- data-lazy- data-lazy-src=\"https:\/\/www.europesays.com\/fr\/wp-content\/uploads\/2025\/05\/Je-ne-suis-pas-morte-Loana-regle-ses-comptes-avec-Marie-Colomb-666x1024.jpg\"\/><\/p>\n<p>@loana_karesdanje<\/p>\n<p>Loana bless\u00e9e par un titre comparatif : \u00ab Elle est sa nouvelle elle \u00bb<\/p>\n<p>\u00c0 Cannes, pendant que Marie Colomb brillait sur le tapis rouge, une autre voix s\u2019est \u00e9lev\u00e9e : celle de Sylvie Ortega, amie proche de Loana. Dans une story Instagram bien sentie, elle s\u2019est indign\u00e9e <a href=\"https:\/\/www.public.fr\/loana-reapparait-au-festival-de-cannes-mais-bien-en-marge-du-protocole-officiel\" target=\"_blank\" rel=\"noopener\">de l\u2019absence de l\u2019ex-lofteuse sur la Croisette.<\/a> <strong>\u00ab Petit coup de gueule<\/strong> envers certaines prods, marques, ainsi qu\u2019\u00e0 la mairie de Cannes concernant Loana \u00bb, \u00e9crit-elle. \u00ab Pas de Loft sans Loana et Alexia Laroche-Joubert. Et pas de s\u00e9rie Culte <strong>s\u2019il n\u2019y avait pas eu une Loana. \u00bb.<\/strong> Une prise de position que Loana s\u2019est empress\u00e9e de relayer sur ses propres r\u00e9seaux sociaux. L\u2019oubli n\u2019est donc pas pass\u00e9 inaper\u00e7u.<\/p>\n<p>Il faut dire que, m\u00eame si elle ne joue pas dedans, Loana fut bel et bien consultante sur Culte, ce qui la rend tout sauf absente du projet<strong>.<\/strong> Mais ce qui a r\u00e9ellement mis le feu aux poudres, c\u2019est un titre d\u2019article relay\u00e9 sur Instagram, titrant : \u00ab Marie Colomb : <strong>la nouvelle Loana, c\u2019est elle \u00bb.<\/strong> Une phrase qui a piqu\u00e9 Loana au vif, et qu\u2019elle a vivement corrig\u00e9e en story : \u00ab JE SUIS PAS MORTE\u2026 Elle c\u2019est une copie de moi <strong>et pas ma nouvelle moi. <\/strong>Elle est sa nouvelle elle. \u00bb. Une publication qui a plut\u00f4t le m\u00e9rite d\u2019\u00eatre clair.<\/p>\n<p>      Mentionn\u00e9s dans cet article<\/p>\n<p>\u00c0 lire aussi<\/p>\n","protected":false},"excerpt":{"rendered":"Ce devait \u00eatre une jolie rencontre entre deux femmes que tout oppose\u2026 et pourtant si proches. D\u2019un c\u00f4t\u00e9,&hellip;\n","protected":false},"author":2,"featured_media":128031,"comment_status":"","ping_status":"","sticky":false,"template":"","format":"standard","meta":{"footnotes":""},"categories":[1359],"tags":[58,59,1011,27,13033,973],"class_list":{"0":"post-128030","1":"post","2":"type-post","3":"status-publish","4":"format-standard","5":"has-post-thumbnail","7":"category-people","8":"tag-divertissement","9":"tag-entertainment","10":"tag-fr","11":"tag-france","12":"tag-loana","13":"tag-people"},"share_on_mastodon":{"url":"https:\/\/pubeurope.com\/@fr\/114571131801563307","error":""},"_links":{"self":[{"href":"https:\/\/www.europesays.com\/fr\/wp-json\/wp\/v2\/posts\/128030","targetHints":{"allow":["GET"]}}],"collection":[{"href":"https:\/\/www.europesays.com\/fr\/wp-json\/wp\/v2\/posts"}],"about":[{"href":"https:\/\/www.europesays.com\/fr\/wp-json\/wp\/v2\/types\/post"}],"author":[{"embeddable":true,"href":"https:\/\/www.europesays.com\/fr\/wp-json\/wp\/v2\/users\/2"}],"replies":[{"embeddable":true,"href":"https:\/\/www.europesays.com\/fr\/wp-json\/wp\/v2\/comments?post=128030"}],"version-history":[{"count":0,"href":"https:\/\/www.europesays.com\/fr\/wp-json\/wp\/v2\/posts\/128030\/revisions"}],"wp:featuredmedia":[{"embeddable":true,"href":"https:\/\/www.europesays.com\/fr\/wp-json\/wp\/v2\/media\/128031"}],"wp:attachment":[{"href":"https:\/\/www.europesays.com\/fr\/wp-json\/wp\/v2\/media?parent=128030"}],"wp:term":[{"taxonomy":"category","embeddable":true,"href":"https:\/\/www.europesays.com\/fr\/wp-json\/wp\/v2\/categories?post=128030"},{"taxonomy":"post_tag","embeddable":true,"href":"https:\/\/www.europesays.com\/fr\/wp-json\/wp\/v2\/tags?post=128030"}],"curies":[{"name":"wp","href":"https:\/\/api.w.org\/{rel}","templated":true}]}}