{"id":128032,"date":"2025-05-25T23:44:50","date_gmt":"2025-05-25T23:44:50","guid":{"rendered":"https:\/\/www.europesays.com\/fr\/128032\/"},"modified":"2025-05-25T23:44:50","modified_gmt":"2025-05-25T23:44:50","slug":"photographe-a-bayeux-maryse-decroche-le-prix-portraitiste-de-france-2025","status":"publish","type":"post","link":"https:\/\/www.europesays.com\/fr\/128032\/","title":{"rendered":"Photographe \u00e0 Bayeux, Maryse d\u00e9croche le prix Portraitiste de France 2025"},"content":{"rendered":"<p>            Par<br \/>\n        <strong><br \/>\n            <a href=\"https:\/\/actu.fr\/auteur\/estelle-maskowycz\" title=\"Consulter tous les articles de Estelle Maskowycz\" target=\"_blank\" rel=\"noopener\">Estelle Maskowycz<\/a><br \/>\n        <\/strong><\/p>\n<p>        Publi\u00e9 le<\/p>\n<p>            25 mai 2025 \u00e0 12h04        <\/p>\n<p>Pour sa toute premi\u00e8re participation, \u00e0 38\u00a0ans, Maryse Agostini, photographe dans son studio \u00ab\u2009Le temps d\u2019un regard\u2009\u00bb \u00e0 <a href=\"https:\/\/actu.fr\/normandie\/bayeux_14047\" target=\"_blank\" rel=\"noopener\">Bayeux<\/a> (Calvados), a d\u00e9croch\u00e9 le titre de <b>Portraitiste de France 2025<\/b>. La c\u00e9r\u00e9monie, organis\u00e9e par la F\u00e9d\u00e9ration Fran\u00e7aise Nationale des photographes et m\u00e9tiers de l\u2019image (<a href=\"https:\/\/www.metiersdelimage.fr\/\" target=\"_blank\" rel=\"noopener\">FFPMI<\/a>), a eu lieu lors du congr\u00e8s des m\u00e9tiers de l\u2019image \u00e0 Toulon.<\/p>\n<p class=\" wall-content\">Tous les deux ans depuis 1991, le concours Portraitiste de France est un rendez-vous immanquable pour les photographes professionnels sp\u00e9cialis\u00e9s dans le portrait. En 2025, ils \u00e9taient 406\u00a0participants \u00e0 envoyer leur dossier compos\u00e9 de 12 photographies. \u00c0 l\u2019issue de plusieurs longs mois d\u2019attente,<b> 170 d\u2019entre eux ont \u00e9t\u00e9 r\u00e9compens\u00e9s <\/b>\u00e0 la fin du mois de mars\u00a02025.<\/p>\n<p>Des mois de pr\u00e9paration<\/p>\n<p class=\" wall-content\">Pour Maryse Agostini, c\u2019est la cons\u00e9cration. Apr\u00e8s <b>une vingtaine d\u2019ann\u00e9es \u00e0 travailler en tant que photographe<\/b>, elle se lance dans l\u2019aventure, avec succ\u00e8s. \u00ab\u2009Je souhaitais attendre d\u2019\u00eatre \u00e0 mon compte avant de participer au concours. C\u2019est deux ans de pr\u00e9paration, c\u2019est intense et tr\u00e8s stressant. J\u2019ai envisag\u00e9 l\u2019aventure en 2022, lorsque <a href=\"https:\/\/actu.fr\/normandie\/bayeux_14047\/les-filles-du-temps-d-un-regard-laisseront-leur-empreinte-a-bayeux_49061579.html\" target=\"_blank\" rel=\"noopener\">j\u2019ai repris le studio Le temps d\u2019un regard<\/a>.\u2009\u00bb Au mois de novembre, la candidate envoie 12 photos r\u00e9pondant aux consignes du concours. \u00ab\u2009Jusqu\u2019au moment d\u2019envoyer, on doute. On sait que tout sera d\u00e9taill\u00e9\u2009: le cadrage, la lumi\u00e8re.\u2009\u00bb La photographe en est convaincue, c\u2019est un moment o\u00f9 les professionnels s\u2019entraident. \u00ab\u2009Il ne s\u2019agit pas de concurrence. On s\u2019aide et on n\u2019h\u00e9site pas \u00e0 donner des conseils aux autres photographes qui participent au concours.\u2009\u00bb Arriv\u00e9e \u00e0 Toulon, les doutes et appr\u00e9hensions de Maryse Agostini s\u2019envolent \u00e0 l\u2019annonce de son nom. \u00ab\u2009J\u2019avais du mal \u00e0 r\u00e9aliser.\u2009\u00bb<\/p>\n<p>La reconnaissance du milieu<\/p>\n<p class=\" wall-content\">Pour la photographe, le prix Portraitiste de France 2025 est une v\u00e9ritable fiert\u00e9. \u00ab\u2009Etre laur\u00e9at, c\u2019est \u00eatre reconnu par la profession et du c\u00f4t\u00e9 des clients, c\u2019est un gage de qualit\u00e9.\u2009\u00bb Le dipl\u00f4me est valable quatre ans et Maryse Agostini pourra r\u00e9it\u00e9rer l\u2019exp\u00e9rience d\u00e8s la prochaine \u00e9dition. \u00ab\u2009Je ne suis pas s\u00fbre de recommencer dans deux ans, car c\u2019est beaucoup de travail.\u00a0Mais dans quatre ans, surement\u2026\u2009\u00bb<\/p>\n<blockquote class=\"ac-article-quote wall-content\">\n<p>Le concours, c\u2019est une aventure en \u00e9quipe. C\u2019est gr\u00e2ce \u00e0 mes clients, qui ont accept\u00e9 que j\u2019envoie des photos d\u2019eux, que j\u2019ai r\u00e9ussi.<\/p>\n<p>Maryse Agostini<\/p><\/blockquote>\n<p>Vid\u00e9os : en ce moment sur ActuFiger le moment pour toujours<\/p>\n<p class=\" wall-content\">Maryse Agostini est une passionn\u00e9e. Elle commence la photographie tr\u00e8s jeune et r\u00e9alise un CAP photographie, puis un Baccalaur\u00e9at photographie avant de poursuivre ses \u00e9tudes \u00e0 la facult\u00e9 des M\u00e9tiers \u00e0 Rennes. \u00ab\u2009J\u2019ai toujours aim\u00e9 photographier. Ce que j\u2019aime le plus, c\u2019est le contact avec les gens qui viennent passer un moment devant mon objectif. Je capture un moment de leur vie\u2009: un mariage, une naissance, une famille, une r\u00e9orientation professionnelle\u2026 Derri\u00e8re les photos, il y a toujours une histoire.\u2009\u00bb<\/p>\n<p>Contact\u2009: 02\u200978\u200977\u200917\u200957. Situ\u00e9 au 17, Rue des Teinturiers, Bayeux<\/p>\n<p class=\" wall-content\">Suivez toute l\u2019actualit\u00e9 de vos villes et m\u00e9dias favoris en vous inscrivant \u00e0 <a href=\"https:\/\/moncompte.actu.fr\" title=\"D\u00e9couvez Mon Actu\" rel=\"nofollow noopener\" data-trk=\"{&quot;cta&quot;:{&quot;action&quot;:&quot;https:\\\/\\\/moncompte.actu.fr&quot;,&quot;category&quot;:&quot;mon compte&quot;,&quot;from&quot;:&quot;article footer&quot;,&quot;name&quot;:&quot;Mon actu&quot;,&quot;type&quot;:&quot;cta&quot;}}\" target=\"_blank\">Mon Actu<\/a>.<\/p>\n","protected":false},"excerpt":{"rendered":"Par Estelle Maskowycz Publi\u00e9 le 25 mai 2025 \u00e0 12h04 Pour sa toute premi\u00e8re participation, \u00e0 38\u00a0ans, Maryse&hellip;\n","protected":false},"author":2,"featured_media":128033,"comment_status":"","ping_status":"","sticky":false,"template":"","format":"standard","meta":{"footnotes":""},"categories":[1358],"tags":[1348,1384,1385,7948,1386,58,59,1011,27,1756,9026,104],"class_list":{"0":"post-128032","1":"post","2":"type-post","3":"status-publish","4":"format-standard","5":"has-post-thumbnail","7":"category-arts-et-design","8":"tag-arts","9":"tag-arts-and-design","10":"tag-arts-et-design","11":"tag-bessin","12":"tag-design","13":"tag-divertissement","14":"tag-entertainment","15":"tag-fr","16":"tag-france","17":"tag-photographie","18":"tag-portrait","19":"tag-societe"},"share_on_mastodon":{"url":"https:\/\/pubeurope.com\/@fr\/114571134415723578","error":""},"_links":{"self":[{"href":"https:\/\/www.europesays.com\/fr\/wp-json\/wp\/v2\/posts\/128032","targetHints":{"allow":["GET"]}}],"collection":[{"href":"https:\/\/www.europesays.com\/fr\/wp-json\/wp\/v2\/posts"}],"about":[{"href":"https:\/\/www.europesays.com\/fr\/wp-json\/wp\/v2\/types\/post"}],"author":[{"embeddable":true,"href":"https:\/\/www.europesays.com\/fr\/wp-json\/wp\/v2\/users\/2"}],"replies":[{"embeddable":true,"href":"https:\/\/www.europesays.com\/fr\/wp-json\/wp\/v2\/comments?post=128032"}],"version-history":[{"count":0,"href":"https:\/\/www.europesays.com\/fr\/wp-json\/wp\/v2\/posts\/128032\/revisions"}],"wp:featuredmedia":[{"embeddable":true,"href":"https:\/\/www.europesays.com\/fr\/wp-json\/wp\/v2\/media\/128033"}],"wp:attachment":[{"href":"https:\/\/www.europesays.com\/fr\/wp-json\/wp\/v2\/media?parent=128032"}],"wp:term":[{"taxonomy":"category","embeddable":true,"href":"https:\/\/www.europesays.com\/fr\/wp-json\/wp\/v2\/categories?post=128032"},{"taxonomy":"post_tag","embeddable":true,"href":"https:\/\/www.europesays.com\/fr\/wp-json\/wp\/v2\/tags?post=128032"}],"curies":[{"name":"wp","href":"https:\/\/api.w.org\/{rel}","templated":true}]}}