{"id":128036,"date":"2025-05-25T23:47:45","date_gmt":"2025-05-25T23:47:45","guid":{"rendered":"https:\/\/www.europesays.com\/fr\/128036\/"},"modified":"2025-05-25T23:47:45","modified_gmt":"2025-05-25T23:47:45","slug":"max-est-il-mort-a-la-fin-du-premier-episode-inedit-de-la-saison-4","status":"publish","type":"post","link":"https:\/\/www.europesays.com\/fr\/128036\/","title":{"rendered":"Max est-il mort \u00e0 la fin du premier \u00e9pisode in\u00e9dit de la saison 4 ?"},"content":{"rendered":"<p>Ce dimanche 25 mai 2025, France 3 diffuse la premier \u00e9pisode de la saison 4 des Carnets de Max Liebermann. L&rsquo;histoire se conclue sur un \u00e9norme suspense. Suite \u00e0 un tragique accident, Oskar (J\u00fcrgen Maurer) a-t-il tu\u00e9 son ami (Matthew Beard) ?  <\/p>\n<p>Diffus\u00e9e sur France 3, <a href=\"https:\/\/www.programme-tv.net\/news\/series-tv\/270747-les-carnets-de-max-liebermann-france-3-la-serie-est-elle-inspiree-dune-histoire-vraie\/\" data-api-deeplink=\"teleloisirs:\/\/news\/270747\" target=\"_blank\" rel=\"noopener\">la s\u00e9rie <b>Les Carnets de Max Liebermann<\/b><\/a> fait son retour pour des \u00e9pisodes in\u00e9dits. Pr\u00e8s d&rsquo;un an apr\u00e8s la diffusion de <a href=\"https:\/\/www.programme-tv.net\/news\/series-tv\/335383-les-carnets-de-max-liebermann-faut-il-regarder-la-troisieme-saison-de-cette-serie-policiere-historique-diffuse-ce-dimanche-10-septembre-notre-avis\/\" data-api-deeplink=\"teleloisirs:\/\/news\/335383\" target=\"_blank\" rel=\"noopener\">la saison 3 (Notre avis)<\/a>, la cha\u00eene diffuse l&rsquo;\u00e9pisode 1 de <a href=\"https:\/\/www.programme-tv.net\/news\/series-tv\/336468-les-carnets-de-max-liebermann-y-aura-t-il-une-saison-4\/\" data-api-deeplink=\"teleloisirs:\/\/news\/336468\" target=\"_blank\" rel=\"noopener\">la saison 4<\/a> ce dimanche 25\u00a0mai 2025. Cette coproduction britannico-autrichienne inspir\u00e9e des romans de Frank Tallis, se d\u00e9roule \u00e0 Vienne en 1909. L&rsquo;intrigue suit la collaboration insolite de l&rsquo;inspecteur de police Oskar Rheinhardt (J\u00fcrgen Maurer) avec Max Liebermann (Matthew Beard), jeune \u00e9tudiant en m\u00e9decine, disciple de Sigmund Freud. L&rsquo;alliance de l&rsquo;exp\u00e9rience du terrain d&rsquo;Oskar et de l&rsquo;expertise de Max les m\u00e8ne \u00e0 r\u00e9soudre des affaires criminelles complexes. La fiction se distingue par son atmosph\u00e8re \u00e9l\u00e9gante, ses intrigues psychologiques et sa reconstitution soign\u00e9e de d\u00e9but du XXe\u00a0si\u00e8cle, et qui d\u00e9veloppe des th\u00e8mes tels que l&rsquo;antis\u00e9mitisme et les tensions politiques de l&rsquo;Empire austro-hongrois.<\/p>\n<p>Les Carnets de Max Liebermann\u00a0: Que raconte le premier \u00e9pisode in\u00e9dit de la saison 4, diffus\u00e9 sur France 3 le dimanche 25\u00a0mai 2025\u00a0?<\/p>\n<p>Dans le premier \u00e9pisode de la saison 4, intitul\u00e9 \u00ab\u00a0La Valse de M\u00e9phisto\u00a0\u00bb, le pr\u00e9fet Strasser et un trafiquant d&rsquo;armes qui venait d&rsquo;\u00eatre fait prisonnier, sont assassin\u00e9s sous les yeux d&rsquo;Oskar Rheinhardt. Ce dernier, qui seul \u00e9tait dans la confidence de la rencontre informelle entre le haut fonctionnaire et le d\u00e9tenu se voit reprocher ce scandale par son sup\u00e9rieur. La carri\u00e8re du policier est en p\u00e9ril\u2026 Ce dernier d\u00e9couvre qu&rsquo;un tra\u00eetre \u00e0 la nation d\u00e9nomm\u00e9 \u00ab\u00a0M\u00e9phisto\u00a0\u00bb serait impliqu\u00e9 dans le double assassinat. Ne pouvant pas compter sur ses coll\u00e8gues ou sa hi\u00e9rarchie, Oskar sollicite l&rsquo;aide de son ancien acolyte Max Liebermann, tout juste promu chef de service \u00e0 l&rsquo;h\u00f4pital, et de retour \u00e0 Vienne apr\u00e8s avoir donn\u00e9 une s\u00e9rie de conf\u00e9rences aux \u00c9tats-Unis, pour retrouver ce criminel. Commence alors pour les deux comp\u00e8res une enqu\u00eate \u00e0 hauts risques, car \u00ab\u00a0M\u00e9phisto\u00a0\u00bb repr\u00e9sente une s\u00e9rieuse menace pour la stabilit\u00e9 de l&rsquo;Empire.<\/p>\n<p>                        Les Carnets de Max Liebermann\u00a0: Max Liebermann (Matthew Beard) est-il mort \u00e0 la fin de l&rsquo;\u00e9pisode in\u00e9dit de la saison 4, diffus\u00e9 sur France 3 le dimanche 25\u00a0mai 2025\u00a0?<\/p>\n<p>La fin de cet \u00e9pisode en deux parties se conclut sur un incroyable cliffhanger. Croyant \u00eatre sur les traces d&rsquo;un suspect et ignorant que l&rsquo;individu qu&rsquo;il aper\u00e7oit dans l&rsquo;obscurit\u00e9 n&rsquo;est autre que Max, Oskar tire un coup de feu dans sa direction. Effray\u00e9 lorsqu&rsquo;il prend conscience de la situation, il se pr\u00e9cipite au chevet de Max qui est tomb\u00e9 au sol. Max est-il seulement bless\u00e9 ou peut-on craindre le pire\u00a0? Le jeune m\u00e9decin \u00e0 l&rsquo;avenir prometteur est-il mort\u00a0? Tout porte \u00e0 croire que Max s&rsquo;en sorte indemne dans la deuxi\u00e8me partie de cet \u00e9pisode qui sera diffus\u00e9e le dimanche 1er\u00a0juin 2025 sur France 3. Mais pour ceux qui trouveraient l&rsquo;attente trop insupportable, voici le sort qui est r\u00e9serv\u00e9 \u00e0 Max dans la suite (SPOILER). Au d\u00e9but de la partie\u00a0II de \u00ab\u00a0La Valse de M\u00e9phisto\u00a0\u00bb, Max a \u00e9t\u00e9 transport\u00e9 \u00e0 l&rsquo;h\u00f4pital\u2026 Tout porte \u00e0 croire que, s&rsquo;il s&rsquo;est bien fait tirer dessus par son ami, il n&rsquo;est que bless\u00e9. Quant \u00e0 savoir si on retrouvera le duo d&rsquo;enqu\u00eateurs pour une saison 5, le myst\u00e8re reste entier.<\/p>\n","protected":false},"excerpt":{"rendered":"Ce dimanche 25 mai 2025, France 3 diffuse la premier \u00e9pisode de la saison 4 des Carnets de&hellip;\n","protected":false},"author":2,"featured_media":128037,"comment_status":"","ping_status":"","sticky":false,"template":"","format":"standard","meta":{"footnotes":""},"categories":[1356],"tags":[1409,244,58,59,1011,27,876,5389,252,1364],"class_list":{"0":"post-128036","1":"post","2":"type-post","3":"status-publish","4":"format-standard","5":"has-post-thumbnail","7":"category-television","8":"tag-bande-annonce","9":"tag-commentaire","10":"tag-divertissement","11":"tag-entertainment","12":"tag-fr","13":"tag-france","14":"tag-france-3","15":"tag-su00e9rie","16":"tag-television","17":"tag-tv"},"share_on_mastodon":{"url":"https:\/\/pubeurope.com\/@fr\/114571151898227919","error":""},"_links":{"self":[{"href":"https:\/\/www.europesays.com\/fr\/wp-json\/wp\/v2\/posts\/128036","targetHints":{"allow":["GET"]}}],"collection":[{"href":"https:\/\/www.europesays.com\/fr\/wp-json\/wp\/v2\/posts"}],"about":[{"href":"https:\/\/www.europesays.com\/fr\/wp-json\/wp\/v2\/types\/post"}],"author":[{"embeddable":true,"href":"https:\/\/www.europesays.com\/fr\/wp-json\/wp\/v2\/users\/2"}],"replies":[{"embeddable":true,"href":"https:\/\/www.europesays.com\/fr\/wp-json\/wp\/v2\/comments?post=128036"}],"version-history":[{"count":0,"href":"https:\/\/www.europesays.com\/fr\/wp-json\/wp\/v2\/posts\/128036\/revisions"}],"wp:featuredmedia":[{"embeddable":true,"href":"https:\/\/www.europesays.com\/fr\/wp-json\/wp\/v2\/media\/128037"}],"wp:attachment":[{"href":"https:\/\/www.europesays.com\/fr\/wp-json\/wp\/v2\/media?parent=128036"}],"wp:term":[{"taxonomy":"category","embeddable":true,"href":"https:\/\/www.europesays.com\/fr\/wp-json\/wp\/v2\/categories?post=128036"},{"taxonomy":"post_tag","embeddable":true,"href":"https:\/\/www.europesays.com\/fr\/wp-json\/wp\/v2\/tags?post=128036"}],"curies":[{"name":"wp","href":"https:\/\/api.w.org\/{rel}","templated":true}]}}