{"id":128044,"date":"2025-05-25T23:54:58","date_gmt":"2025-05-25T23:54:58","guid":{"rendered":"https:\/\/www.europesays.com\/fr\/128044\/"},"modified":"2025-05-25T23:54:58","modified_gmt":"2025-05-25T23:54:58","slug":"emilien-les-12-coups-de-midi-devoile-lequivalent-de-sa-cagnotte-en-salaire-mensuel","status":"publish","type":"post","link":"https:\/\/www.europesays.com\/fr\/128044\/","title":{"rendered":"\u00c9milien (\u00ables 12 coups de midi\u00bb) d\u00e9voile l\u2019\u00e9quivalent de sa cagnotte en salaire mensuel"},"content":{"rendered":"<p>Le ma\u00eetre de midi invaincu depuis plus d\u2019un an et demi \u00e9tait l\u2019invit\u00e9 d\u2019Audrey Crespo-Mara dans le portrait de la semaine de \u00abSept \u00e0 huit\u00bb. L\u2019occasion pour lui d\u2019aborder l\u2019avenir mais \u00e9galement sa nouvelle situation financi\u00e8re.<\/p>\n<p class=\"fig-paragraph\">Le recordman de TF1.\u00a0<a href=\"http:\/\/tvmag.lefigaro.fr\/programme-tv\/people\/on-hesite-moins-quand-on-fait-ses-courses-emilien-champion-des-12-coups-de-midi-decrit-sa-nouvelle-vie-de-millionnaire-20241019\" target=\"_blank\" data-fig-type=\"Article\" rel=\"noopener nofollow\" data-gtm-custom-categorie=\"navigation\" data-gtm-custom-action=\"crossclick\" data-gtm-custom-label=\"Contextuel\" data-gtm-event=\"customEventSPE\" data-fig-domain=\"TVMAG\"><strong>\u00c9milien<\/strong><\/a> \u00a0s\u2019est impos\u00e9, depuis le 25 septembre 2023, en tant que champion du jeu \u00ables 12 coups de midi\u00bb pr\u00e9sent\u00e9 par Jean-Luc Reichmann sur TF1. Au vu d\u2019un tel ph\u00e9nom\u00e8ne, Audrey Crespo-Mara lui a consacr\u00e9 le portrait de la semaine de \u00abSept \u00e0 huit\u00bb ce dimanche 25 mai.<\/p>\n<p class=\"fig-paragraph\">Et cette success-story aurait bien pu ne jamais voir le jour. C\u2019est seulement apr\u00e8s une deuxi\u00e8me inscription &#8211; la premi\u00e8re tentative au lendemain de sa majorit\u00e9 est rest\u00e9e infructueuse &#8211; qu\u2019\u00c9milien a atteint le plateau du jeu de la Une.<\/p>\n<p class=\"fig-body-link\">\n            \u00c0 lire aussi<br \/>\n        <a class=\"fig-body-link__link\" href=\"http:\/\/tvmag.lefigaro.fr\/programme-tv\/actu-tele\/emilien-champion-inconteste-des-douze-coups-de-midi-l-exercice-mediatique-me-parait-tres-bizarre-20250213\" target=\"_blank\" data-fig-type=\"Article\" rel=\"noopener nofollow\" data-gtm-custom-categorie=\"navigation\" data-gtm-custom-action=\"crossclick\" data-gtm-custom-label=\"Contextuel\" data-gtm-event=\"customEventSPE\" data-fig-domain=\"TVMAG\">\u00c9milien, champion incontest\u00e9 des \u00abDouze coups de midi\u00bb\u00a0: \u00abL\u2019exercice m\u00e9diatique me para\u00eet tr\u00e8s bizarre\u00bb<br \/>\n    <\/a>\n<\/p>\n<p class=\"fig-paragraph\">Avec une cagnotte s\u2019\u00e9levant \u00e0 plus de deux millions d\u2019euros (cadeaux et gains cumul\u00e9s) et en \u00e9tant invaincu depuis plus d\u2019un an et demi, le jeune homme de 22 ans est devenu le plus grand gagnant de toute l\u2019histoire des jeux t\u00e9l\u00e9vis\u00e9s en France. \u00abLe fait d\u2019atteindre des paliers comme \u00e7a, des sommes qui sont aussi \u00e9normes, vraiment \u00e7a me d\u00e9passe dans la conception m\u00eame de ce que c\u2019est\u00bb, a-t-il confi\u00e9 \u00e0 la journaliste.<\/p>\n<p>\u00ab120.000 euros nets d\u2019imp\u00f4t\u00bb<\/p>\n<p class=\"fig-paragraph\">\u00abAvec ces gains astronomiques, c\u2019est comme si vous gagniez combien par mois\u00a0?\u00bb, a questionn\u00e9, curieuse, Audrey Crespo-Mara. Bien loin d\u2019\u00eatre langue de bois, \u00c9milien a r\u00e9v\u00e9l\u00e9 le montant calcul\u00e9. \u00abJe crois qu\u2019en moyenne, \u00e7a doit faire presque 120.000 euros par mois nets d\u2019imp\u00f4t. Ce qui est compl\u00e8tement d\u00e9mesur\u00e9, vraiment c\u2019est tr\u00e8s compliqu\u00e9 de se rendre compte. C\u2019est loin de tout\u00bb, a soulign\u00e9 \u00c9milien, et d\u2019autant plus qu\u2019un salaire de professeur d\u2019histoire, profession \u00e0 laquelle il se destinait avant son entr\u00e9e dans le jeu. \u00abEn un an et demi de jeu t\u00e9l\u00e9, vous avez gagn\u00e9 plus que votre m\u00e8re en toute une vie d\u2019aide soignante\u00bb, a point\u00e9 du doigt l\u2019intervieweuse. \u00abC\u2019est tr\u00e8s particulier comme sensation. J\u2019essaye d\u2019\u00eatre conscient de cette chance pour en profiter au maximum ou d\u2019en faire bon usage\u00bb, a d\u00e9clar\u00e9 le jeune homme.<\/p>\n<p class=\"fig-paragraph\">Particuli\u00e8rement philosophe, il a \u00e9galement continuellement \u00e0 l\u2019esprit l\u2019instabilit\u00e9 de sa situation. \u00abJ\u2019ai peur de la fin oui et non. Dans le sens o\u00f9 effectivement je fais tout pour \u00e9viter que le moment fatal arrive mais il arrivera un moment o\u00f9 je perdrais simplement. Et puis le jour o\u00f9 je perdrai, il faudra l\u2019accueillir et juste se souvenir des bons moments pass\u00e9s. Je ne m\u2019attendais absolument pas \u00e0 rester autant de temps, c\u2019est vraiment une surprise totale.\u00bb<\/p>\n<p>\u00a0\u00bb<br \/>\n        data-script=\u00a0\u00bbhttps:\/\/static.lefigaro.fr\/widget-video\/short-ttl\/video\/index.js\u00a0\u00bb<br \/>\n    &gt;<\/p>\n","protected":false},"excerpt":{"rendered":"Le ma\u00eetre de midi invaincu depuis plus d\u2019un an et demi \u00e9tait l\u2019invit\u00e9 d\u2019Audrey Crespo-Mara dans le portrait&hellip;\n","protected":false},"author":2,"featured_media":128045,"comment_status":"","ping_status":"","sticky":false,"template":"","format":"standard","meta":{"footnotes":""},"categories":[8],"tags":[497,496,17979,499,58,59,1011,27,465,500,504,505,495,503,502,501,199,498],"class_list":{"0":"post-128044","1":"post","2":"type-post","3":"status-publish","4":"format-standard","5":"has-post-thumbnail","7":"category-divertissement","8":"tag-actu-tv","9":"tag-actualite-tv","10":"tag-audrey-crespo-mara","11":"tag-buzz-tv","12":"tag-divertissement","13":"tag-entertainment","14":"tag-fr","15":"tag-france","16":"tag-jean-luc-reichmann","17":"tag-medias","18":"tag-news-tele","19":"tag-news-television","20":"tag-news-tv","21":"tag-programme-tele","22":"tag-programme-tv","23":"tag-quiz-tv","24":"tag-tf1","25":"tag-tv-actu"},"share_on_mastodon":{"url":"https:\/\/pubeurope.com\/@fr\/114571177418313161","error":""},"_links":{"self":[{"href":"https:\/\/www.europesays.com\/fr\/wp-json\/wp\/v2\/posts\/128044","targetHints":{"allow":["GET"]}}],"collection":[{"href":"https:\/\/www.europesays.com\/fr\/wp-json\/wp\/v2\/posts"}],"about":[{"href":"https:\/\/www.europesays.com\/fr\/wp-json\/wp\/v2\/types\/post"}],"author":[{"embeddable":true,"href":"https:\/\/www.europesays.com\/fr\/wp-json\/wp\/v2\/users\/2"}],"replies":[{"embeddable":true,"href":"https:\/\/www.europesays.com\/fr\/wp-json\/wp\/v2\/comments?post=128044"}],"version-history":[{"count":0,"href":"https:\/\/www.europesays.com\/fr\/wp-json\/wp\/v2\/posts\/128044\/revisions"}],"wp:featuredmedia":[{"embeddable":true,"href":"https:\/\/www.europesays.com\/fr\/wp-json\/wp\/v2\/media\/128045"}],"wp:attachment":[{"href":"https:\/\/www.europesays.com\/fr\/wp-json\/wp\/v2\/media?parent=128044"}],"wp:term":[{"taxonomy":"category","embeddable":true,"href":"https:\/\/www.europesays.com\/fr\/wp-json\/wp\/v2\/categories?post=128044"},{"taxonomy":"post_tag","embeddable":true,"href":"https:\/\/www.europesays.com\/fr\/wp-json\/wp\/v2\/tags?post=128044"}],"curies":[{"name":"wp","href":"https:\/\/api.w.org\/{rel}","templated":true}]}}