{"id":128056,"date":"2025-05-26T00:06:04","date_gmt":"2025-05-26T00:06:04","guid":{"rendered":"https:\/\/www.europesays.com\/fr\/128056\/"},"modified":"2025-05-26T00:06:04","modified_gmt":"2025-05-26T00:06:04","slug":"lagenda-du-week-end-dans-la-loire-des-24-et-25-mai","status":"publish","type":"post","link":"https:\/\/www.europesays.com\/fr\/128056\/","title":{"rendered":"L&rsquo;AGENDA DU WEEK-END DANS LA LOIRE DES 24 ET 25 MAI"},"content":{"rendered":"<p>                <a href=\"https:\/\/42info.fr\/gagnez-vos-airpods-pro\/\" target=\"_blank\" aria-label=\"Gagnez Airpod\" rel=\"noopener\"><img loading=\"lazy\" decoding=\"async\" src=\"https:\/\/www.europesays.com\/fr\/wp-content\/uploads\/2025\/05\/Gagnez-Airpod-scaled.jpg\" alt=\"\"   width=\"2560\" height=\"960\"\/><\/a><\/p>\n<p>Le d\u00e9partement de la Loire s\u2019appr\u00eate \u00e0 vivre un week-end particuli\u00e8rement riche en \u00e9v\u00e9nements culturels et festifs. De l\u2019art urbain \u00e0 la bi\u00e8re artisanale, en passant par la musique sacr\u00e9e, il y en aura pour tous les go\u00fbts.<\/p>\n<p>Paroles &amp; Musiques dernier jour<\/p>\n<p>Profitez du dernier jour du Festival Paroles et Musiques. \u00c7a se passe ce samedi soir au Fil et au Z\u00e9nith de Saint-Etienne. Au programme\u00a0: DeserTGirlz, Th\u00e9a et Bagarre au Fil. Du cot\u00e9 du Z\u00e9nith, on va mettre les watts sur L.E.J, Les Ogres de Barback, La Rue Ketanou, Les M\u00e9canos et enfin Alkabaya. Plus d\u2019info <a href=\"https:\/\/www.festivalpm.com\/programmation-2025\" target=\"_blank\" rel=\"noreferrer noopener\">ICI<\/a>.<\/p>\n<p><strong>Roanne vibre aux sons sacr\u00e9s<\/strong><\/p>\n<p>Dans le Roannais, l\u2019initiative \u00ab\u00a0Sacr\u00e9e musique\u00a0\u00bb transforme l\u2019\u00e9glise Saint-Etienne en \u00e9crin musical exceptionnel. Sous le parrainage de St\u00e9phane Bern et en partenariat avec la paroisse Saint-Pierre Saint-Paul, ce festival propose une programmation \u00e9clectique m\u00ealant gospel, ch\u0153urs et orchestres. L\u2019originalit\u00e9 r\u00e9side dans la mise en sc\u00e8ne \u00e0 la lueur des bougies, cr\u00e9ant une atmosph\u00e8re unique pour sublimer le patrimoine architectural. Plus d\u2019infos <a href=\"https:\/\/sacreemusique.com\/aura\/\" target=\"_blank\" rel=\"noreferrer noopener\">ICI<\/a>.<\/p>\n<p><strong>Saint-Chamond acceuille l\u2019art de rue<\/strong><\/p>\n<p>Le Mausa franchit une \u00e9tape historique ce samedi avec son inauguration officielle dans la Halle 07 de Novaci\u00e9ries. Ce nouveau mus\u00e9e d\u00e9di\u00e9 \u00e0 l\u2019art urbain et au street art mise sur une exposition baptis\u00e9e \u00ab\u00a0NoMad\u00a0\u00bb pour marquer les esprits. Les visiteurs pourront d\u00e9couvrir les \u0153uvres d\u2019artistes reconnus comme Jaune, Dotmasters et David de la Mano, confirmant l\u2019ambition de Saint-Chamond de devenir une r\u00e9f\u00e9rence en mati\u00e8re d\u2019art contemporain urbain. Plus d\u2019infos <a href=\"https:\/\/mausa.fr\" target=\"_blank\" rel=\"noreferrer noopener\">ICI<\/a>.<\/p>\n<p><strong>La nature \u00e0 l\u2019honneur \u00e0 Villars<\/strong><\/p>\n<p>Les amoureux de l\u2019environnement ont rendez-vous dans les jardins de la mairie de Villars pour la troisi\u00e8me F\u00eate de la Nature. Cette manifestation de 9h \u00e0 17h propose un panel d\u2019activit\u00e9s allant du rempotage aux ateliers culinaires, en passant par la sensibilisation au tri et la d\u00e9couverte de produits biologiques. Une approche ludique et p\u00e9dagogique pour sensibiliser petits et grands aux enjeux \u00e9cologiques. Plus d\u2019infos <a href=\"https:\/\/www.villars.fr\" target=\"_blank\" rel=\"noreferrer noopener\">ICI<\/a>.<\/p>\n<p><strong>Saint-Bonnet perp\u00e9tue sa tradition c\u00e9ramique<\/strong><\/p>\n<p>Enfin, Saint-Bonnet-le-Ch\u00e2teau confirme sa r\u00e9putation de terre d\u2019artisans avec la 39\u00e8me \u00e9dition de son March\u00e9 de potiers cr\u00e9ateurs. Quarante artistes investissent l\u2019all\u00e9e des Tilleuls durant deux jours pour pr\u00e9senter leurs cr\u00e9ations en c\u00e9ramique, porcelaine, gr\u00e8s et fa\u00efence. Un rendez-vous incontournable pour les amateurs d\u2019art d\u00e9coratif et les collectionneurs. Plus d\u2019infos <a href=\"https:\/\/www.facebook.com\/events\/557868120174126?acontext=%7B%22event_action_history%22%3A[%7B%22mechanism%22%3A%22discovery_local_tab%22%2C%22surface%22%3A%22bookmark%22%7D]%2C%22ref_notif_type%22%3Anull%7D\" target=\"_blank\" rel=\"noreferrer noopener\">ICI<\/a>.<\/p>\n<p><strong>Saint-Etienne mousse sa r\u00e9putation brassicole<\/strong><\/p>\n<p>La capitale st\u00e9phanoise c\u00e9l\u00e8bre son savoir-faire en mati\u00e8re de bi\u00e8res artisanales avec la deuxi\u00e8me \u00e9dition de \u00ab\u00a0St\u00e9 Mousse\u00a0\u00bb. Sept brasseries locales se donnent rendez-vous dans la cour de l\u2019amicale la\u00efque du Cr\u00eat de Roch : Phylum fungi, les Gueules d\u2019orge, Bim, Hoppy time, Loqui, la Brasserie st\u00e9phanoise et l\u2019Ours qui brasse. Animation musicale et jeux compl\u00e8tent cette journ\u00e9e d\u00e9di\u00e9e aux productions ind\u00e9pendantes. Plus d\u2019infos <a href=\"https:\/\/www.saint-etienne-metropole.fr\/agenda\/saint-etienne\/fete-locale\/fete-de-la-biere-ste-mousse-2\" target=\"_blank\" rel=\"noreferrer noopener\">ICI<\/a>.<\/p>\n","protected":false},"excerpt":{"rendered":"Le d\u00e9partement de la Loire s\u2019appr\u00eate \u00e0 vivre un week-end particuli\u00e8rement riche en \u00e9v\u00e9nements culturels et festifs. De&hellip;\n","protected":false},"author":2,"featured_media":39010,"comment_status":"","ping_status":"","sticky":false,"template":"","format":"standard","meta":{"footnotes":""},"categories":[9653],"tags":[1111,11,4763,2430,1777,674,1011,27,3367,7357,12,25,9838,9669,4001],"class_list":{"0":"post-128056","1":"post","2":"type-post","3":"status-publish","4":"format-standard","5":"has-post-thumbnail","7":"category-saint-etienne","8":"tag-actu","9":"tag-actualites","10":"tag-agenda","11":"tag-auvergne-rhone-alpes","12":"tag-eu","13":"tag-europe","14":"tag-fr","15":"tag-france","16":"tag-loire","17":"tag-montbrison","18":"tag-news","19":"tag-republique-francaise","20":"tag-roanne","21":"tag-saint-chamond","22":"tag-saint-etienne"},"share_on_mastodon":{"url":"https:\/\/pubeurope.com\/@fr\/114571219576677983","error":""},"_links":{"self":[{"href":"https:\/\/www.europesays.com\/fr\/wp-json\/wp\/v2\/posts\/128056","targetHints":{"allow":["GET"]}}],"collection":[{"href":"https:\/\/www.europesays.com\/fr\/wp-json\/wp\/v2\/posts"}],"about":[{"href":"https:\/\/www.europesays.com\/fr\/wp-json\/wp\/v2\/types\/post"}],"author":[{"embeddable":true,"href":"https:\/\/www.europesays.com\/fr\/wp-json\/wp\/v2\/users\/2"}],"replies":[{"embeddable":true,"href":"https:\/\/www.europesays.com\/fr\/wp-json\/wp\/v2\/comments?post=128056"}],"version-history":[{"count":0,"href":"https:\/\/www.europesays.com\/fr\/wp-json\/wp\/v2\/posts\/128056\/revisions"}],"wp:featuredmedia":[{"embeddable":true,"href":"https:\/\/www.europesays.com\/fr\/wp-json\/wp\/v2\/media\/39010"}],"wp:attachment":[{"href":"https:\/\/www.europesays.com\/fr\/wp-json\/wp\/v2\/media?parent=128056"}],"wp:term":[{"taxonomy":"category","embeddable":true,"href":"https:\/\/www.europesays.com\/fr\/wp-json\/wp\/v2\/categories?post=128056"},{"taxonomy":"post_tag","embeddable":true,"href":"https:\/\/www.europesays.com\/fr\/wp-json\/wp\/v2\/tags?post=128056"}],"curies":[{"name":"wp","href":"https:\/\/api.w.org\/{rel}","templated":true}]}}