{"id":128061,"date":"2025-05-26T00:19:08","date_gmt":"2025-05-26T00:19:08","guid":{"rendered":"https:\/\/www.europesays.com\/fr\/128061\/"},"modified":"2025-05-26T00:19:08","modified_gmt":"2025-05-26T00:19:08","slug":"lex-maire-de-toulon-hubert-falco-condamne-pour-injures-contre-un-journaliste","status":"publish","type":"post","link":"https:\/\/www.europesays.com\/fr\/128061\/","title":{"rendered":"L&rsquo;ex-maire de Toulon Hubert Falco condamn\u00e9 pour injures contre un journaliste"},"content":{"rendered":"<p><a href=\"https:\/\/www.laprovence.com\/article\/france-monde\/1961596553324614\/lex-maire-de-toulon-hubert-falco-juge-pour-injures-contre-un-journaliste\" target=\"_blank\" rel=\"noopener\">L&rsquo;ex-maire de Toulon Hubert Falco<\/a>, d\u00e9mis de ses fonctions par la justice, a \u00e9t\u00e9 condamn\u00e9 vendredi \u00e0 une amende de 1.000 euros pour avoir insult\u00e9 et trait\u00e9 de \u00ab\u00a0chien galeux\u00a0\u00bb un journaliste collaborant pour Mediapart.\u00a0 Le tribunal correctionnel de Toulon l&rsquo;a \u00e9galement condamn\u00e9 \u00e0 verser 1 000 euros de dommages et int\u00e9r\u00eats au journaliste Simon Fontvieille et 500 euros au Syndicat national des journalistes (SNJ), qui s&rsquo;\u00e9tait constitu\u00e9 partie civile.<\/p>\n<p>\u00ab\u00a0C&rsquo;est une victoire pour la libert\u00e9 de la presse montrant que tout journaliste, quel qu&rsquo;il soit, doit pouvoir exercer son travail de fa\u00e7on libre et sereine au service des citoyens et de l&rsquo;int\u00e9r\u00eat g\u00e9n\u00e9ral\u00a0\u00bb, a r\u00e9agi le journaliste aupr\u00e8s de l&rsquo;AFP. L&rsquo;avocat de l&rsquo;ex-\u00e9lu n&rsquo;\u00e9tait lui pas joignable dans l&rsquo;imm\u00e9diat.<\/p>\n<p>Le proc\u00e8s s&rsquo;\u00e9tait tenu le 16 mai en l&rsquo;absence de l&rsquo;ex-baron de la politique varoise, ce qui fut \u00ab\u00a0fort dommage\u00a0\u00bb selon la pr\u00e9sidente. Simon Fontvieille, journaliste de 34 ans, avait expliqu\u00e9 \u00e0 la barre les tentatives d'\u00a0\u00bbintimidation\u00a0\u00bb r\u00e9p\u00e9t\u00e9es de la part d&rsquo;Hubert Falco, \u00e0 qui il a consacr\u00e9 plusieurs enqu\u00eates.<\/p>\n<p>\u00ab\u00a0Oui, je te le dis ! Ecris-le \u00e0 Mediapart que je t&rsquo;ai dit que tu \u00e9tais un connard\u00a0\u00bb<\/p>\n<p>Les faits jug\u00e9s concernaient un \u00e9pisode en marge d&rsquo;une c\u00e9r\u00e9monie publique c\u00e9l\u00e9brant les 79 ans de la lib\u00e9ration de Toulon\u00a0en ao\u00fbt 2023.<\/p>\n<p>Hubert Falco, qui n&rsquo;a alors plus de mandat, est pr\u00e9sent et le journaliste le prend en photo, comme d&rsquo;autres personnalit\u00e9s.\u00a0 L&rsquo;ex-\u00e9lu, aujourd&rsquo;hui \u00e2g\u00e9 de 78 ans, lui lance alors : \u00ab\u00a0\u00c7a te g\u00eane que je sois l\u00e0 ?\u00a0\u00bb, le traitant d'\u00a0\u00bbesp\u00e8ce de chien\u00a0\u00bb, \u00ab\u00a0chien galeux\u00a0\u00bb. \u00ab\u00a0Enfin M. Falco, &lsquo;chien galeux&rsquo;, pourquoi vous \u00eates aussi grossier ?\u00a0\u00bb, lui r\u00e9pond le journaliste.<\/p>\n<p>Hubert Falco le traite alors de \u00ab\u00a0connard\u00a0\u00bb, ajoutant : \u00ab\u00a0Oui, je te le dis ! Ecris-le \u00e0 Mediapart que je t&rsquo;ai dit que tu \u00e9tais un connard\u00a0\u00bb. Le 28 mai, une autre \u00e9ch\u00e9ance judiciaire cruciale\u00a0attend Hubert Falco: la d\u00e9cision de la Cour de cassation sur sa peine de cinq ans d&rsquo;in\u00e9ligibilit\u00e9 imm\u00e9diate prononc\u00e9e en 2024 par la cour d&rsquo;appel d&rsquo;Aix-en-Provence dans un dossier de d\u00e9tournements de fonds publics, qu&rsquo;il conteste. Une d\u00e9cision dont d\u00e9pend son avenir politique, \u00e0 moins d&rsquo;un an des municipales.<\/p>\n","protected":false},"excerpt":{"rendered":"L&rsquo;ex-maire de Toulon Hubert Falco, d\u00e9mis de ses fonctions par la justice, a \u00e9t\u00e9 condamn\u00e9 vendredi \u00e0 une&hellip;\n","protected":false},"author":2,"featured_media":128062,"comment_status":"","ping_status":"","sticky":false,"template":"","format":"standard","meta":{"footnotes":""},"categories":[9619],"tags":[17,1111,11,4850,25169,25168,1777,674,274,22105,1011,27,22104,22103,12,882,25,2310],"class_list":{"0":"post-128061","1":"post","2":"type-post","3":"status-publish","4":"format-standard","5":"has-post-thumbnail","7":"category-toulon","8":"tag-17","9":"tag-actu","10":"tag-actualites","11":"tag-chien","12":"tag-connard","13":"tag-espece","14":"tag-eu","15":"tag-europe","16":"tag-faits-divers-justice","17":"tag-falco","18":"tag-fr","19":"tag-france","20":"tag-hubert","21":"tag-lex-maire","22":"tag-news","23":"tag-provence-alpes-cote-dazur","24":"tag-republique-francaise","25":"tag-toulon"},"share_on_mastodon":{"url":"https:\/\/pubeurope.com\/@fr\/114571270800872896","error":""},"_links":{"self":[{"href":"https:\/\/www.europesays.com\/fr\/wp-json\/wp\/v2\/posts\/128061","targetHints":{"allow":["GET"]}}],"collection":[{"href":"https:\/\/www.europesays.com\/fr\/wp-json\/wp\/v2\/posts"}],"about":[{"href":"https:\/\/www.europesays.com\/fr\/wp-json\/wp\/v2\/types\/post"}],"author":[{"embeddable":true,"href":"https:\/\/www.europesays.com\/fr\/wp-json\/wp\/v2\/users\/2"}],"replies":[{"embeddable":true,"href":"https:\/\/www.europesays.com\/fr\/wp-json\/wp\/v2\/comments?post=128061"}],"version-history":[{"count":0,"href":"https:\/\/www.europesays.com\/fr\/wp-json\/wp\/v2\/posts\/128061\/revisions"}],"wp:featuredmedia":[{"embeddable":true,"href":"https:\/\/www.europesays.com\/fr\/wp-json\/wp\/v2\/media\/128062"}],"wp:attachment":[{"href":"https:\/\/www.europesays.com\/fr\/wp-json\/wp\/v2\/media?parent=128061"}],"wp:term":[{"taxonomy":"category","embeddable":true,"href":"https:\/\/www.europesays.com\/fr\/wp-json\/wp\/v2\/categories?post=128061"},{"taxonomy":"post_tag","embeddable":true,"href":"https:\/\/www.europesays.com\/fr\/wp-json\/wp\/v2\/tags?post=128061"}],"curies":[{"name":"wp","href":"https:\/\/api.w.org\/{rel}","templated":true}]}}