{"id":12807,"date":"2025-04-09T14:12:22","date_gmt":"2025-04-09T14:12:22","guid":{"rendered":"https:\/\/www.europesays.com\/fr\/12807\/"},"modified":"2025-04-09T14:12:22","modified_gmt":"2025-04-09T14:12:22","slug":"une-friche-a-disposition-des-professeurs-pour-faire-classe-dehors-a-sainte-marthe","status":"publish","type":"post","link":"https:\/\/www.europesays.com\/fr\/12807\/","title":{"rendered":"une friche \u00e0 disposition des professeurs pour faire classe dehors \u00e0 Sainte-Marthe"},"content":{"rendered":"<p>Les petits Marseillais iront-ils bient\u00f4t \u00e0 l\u2019\u00e9cole en pleine nature\u00a0? Pour plus d\u2019une dizaine de classes du 14e cela sera possible d\u00e8s cette ann\u00e9e. Un terrain en friche de 5\u00a0000 m\u00e8tres carr\u00e9s pourra bient\u00f4t accueillir les \u00e9l\u00e8ves et leurs professeurs pour faire classe dans le cadre bucolique d\u2019une prairie \u00e0 Sainte-Marthe, a annonc\u00e9 ce lundi 7\u00a0avril l\u2019association marseillaise <a href=\"https:\/\/www.laprovence.com\/article\/sorties-loisirs\/6243445\/quand-le-gr-2013-fait-des-emules-en-europe.html\" target=\"_blank\" rel=\"nofollow noopener\">Le Bureau des guides<\/a>.<\/p>\n<p>Quatre \u00e9coles invit\u00e9es \u00e0 faire classe une fois par semaine<\/p>\n<p>Cr\u00e9\u00e9 dans le sillon de la Capitale europ\u00e9enne de la Culture en\u00a02013, le Bureau des guides se situe \u00e0 la crois\u00e9e de l\u2019am\u00e9nagement des territoires, de la cr\u00e9ation artistique et de l\u2019\u00e9cologie. L\u2019association qui organise des<a href=\"https:\/\/www.laprovence.com\/article\/region\/1180197929702616\/le-bureau-des-guides-veut-sattaquer-a-la-pollution-de-letang-de-berre-en-croisant-tous-les-regards\" target=\"_blank\" rel=\"nofollow noopener\"> balades urbaines<\/a> s\u2019est vue confier par la M\u00e9tropole la gestion d\u2019un terrain au 109 boulevard Notre-Dame de Santa Cruz (14e).\u00a0Le terrain a l\u2019avantage d\u2019\u00eatre sur l\u2019ex ceinture verte de Marseille, entre les fermes qui ont nourri la population citadine jusqu\u2019au milieu du XXe\u00a0si\u00e8cle. <a href=\"https:\/\/www.laprovence.com\/article\/region\/1003456252885115\/agriculture-urbaine-a-marseille-a-sainte-marthe-de-jeunes-paysans-redonnent-vie-a-un-patrimoine-oublie\" target=\"_blank\" rel=\"nofollow noopener\">Un h\u00e9ritage qui est en train de refaire surface<\/a>, d\u2019apr\u00e8s l\u2019association\u00a0: \u00ab\u00a0Depuis quelques ann\u00e9es, des agriculteurs s\u2019installent \u00e0 c\u00f4t\u00e9 de quartiers r\u00e9sidentiels pour ranimer un savoir-faire agricole enfoui. Cette proximit\u00e9 avec les fermes est l\u2019opportunit\u00e9 d\u2019aborder les enjeux d\u2019alimentation et de protection de la nature avec les jeunes Marseillais\u201d.<\/p>\n","protected":false},"excerpt":{"rendered":"Les petits Marseillais iront-ils bient\u00f4t \u00e0 l\u2019\u00e9cole en pleine nature\u00a0? Pour plus d\u2019une dizaine de classes du 14e&hellip;\n","protected":false},"author":2,"featured_media":12808,"comment_status":"","ping_status":"","sticky":false,"template":"","format":"standard","meta":{"footnotes":""},"categories":[2814],"tags":[17,1111,11,154,5853,1777,674,1011,27,3009,884,12,471,5854,882,16,25,96],"class_list":{"0":"post-12807","1":"post","2":"type-post","3":"status-publish","4":"format-standard","5":"has-post-thumbnail","7":"category-marseille","8":"tag-17","9":"tag-actu","10":"tag-actualites","11":"tag-des","12":"tag-disposition","13":"tag-eu","14":"tag-europe","15":"tag-fr","16":"tag-france","17":"tag-friche","18":"tag-marseille","19":"tag-news","20":"tag-pour","21":"tag-professeurs","22":"tag-provence-alpes-cote-dazur","23":"tag-region","24":"tag-republique-francaise","25":"tag-une"},"share_on_mastodon":{"url":"https:\/\/pubeurope.com\/@fr\/114308418395419182","error":""},"_links":{"self":[{"href":"https:\/\/www.europesays.com\/fr\/wp-json\/wp\/v2\/posts\/12807","targetHints":{"allow":["GET"]}}],"collection":[{"href":"https:\/\/www.europesays.com\/fr\/wp-json\/wp\/v2\/posts"}],"about":[{"href":"https:\/\/www.europesays.com\/fr\/wp-json\/wp\/v2\/types\/post"}],"author":[{"embeddable":true,"href":"https:\/\/www.europesays.com\/fr\/wp-json\/wp\/v2\/users\/2"}],"replies":[{"embeddable":true,"href":"https:\/\/www.europesays.com\/fr\/wp-json\/wp\/v2\/comments?post=12807"}],"version-history":[{"count":0,"href":"https:\/\/www.europesays.com\/fr\/wp-json\/wp\/v2\/posts\/12807\/revisions"}],"wp:featuredmedia":[{"embeddable":true,"href":"https:\/\/www.europesays.com\/fr\/wp-json\/wp\/v2\/media\/12808"}],"wp:attachment":[{"href":"https:\/\/www.europesays.com\/fr\/wp-json\/wp\/v2\/media?parent=12807"}],"wp:term":[{"taxonomy":"category","embeddable":true,"href":"https:\/\/www.europesays.com\/fr\/wp-json\/wp\/v2\/categories?post=12807"},{"taxonomy":"post_tag","embeddable":true,"href":"https:\/\/www.europesays.com\/fr\/wp-json\/wp\/v2\/tags?post=12807"}],"curies":[{"name":"wp","href":"https:\/\/api.w.org\/{rel}","templated":true}]}}