{"id":128072,"date":"2025-05-26T00:43:12","date_gmt":"2025-05-26T00:43:12","guid":{"rendered":"https:\/\/www.europesays.com\/fr\/128072\/"},"modified":"2025-05-26T00:43:12","modified_gmt":"2025-05-26T00:43:12","slug":"apres-cannes-nice-visee-par-un-sabotage-electrique-25-05-2025-a-2347","status":"publish","type":"post","link":"https:\/\/www.europesays.com\/fr\/128072\/","title":{"rendered":"Apr\u00e8s Cannes, Nice vis\u00e9e par un sabotage \u00e9lectrique &#8211; 25\/05\/2025 \u00e0 23:47"},"content":{"rendered":"<p>        <img fetchpriority=\"high\" decoding=\"async\" src=\"https:\/\/www.europesays.com\/fr\/wp-content\/uploads\/2025\/05\/f6ec41cb144230b606d58b3ec63f060c-760x506.jpg\" alt=\"Un feu tricolore priv\u00e9 d'\u00e9lectricit\u00e9, \u00e0 Cannes, le 24 mai 2025 ( AFP \/ Sameer AL-DOUMY )\" loading=\"eager\" width=\"760\" height=\"506\" style=\"max-width: 100%!important; height: auto;\"\/><\/p>\n<p class=\"c-image-news__legend\">Un feu tricolore priv\u00e9 d&rsquo;\u00e9lectricit\u00e9, \u00e0 Cannes, le 24 mai 2025 ( AFP \/ Sameer AL-DOUMY )<\/p>\n<p>\n Au lendemain du sabotage de deux installations \u00e9lectriques avec un black-out massif autour de Cannes en plein festival, un incendie volontaire a vis\u00e9 un transformateur \u00e9lectrique \u00e0 Nice, dans la nuit de samedi \u00e0 dimanche, touchant 45.000 foyers.\n<\/p>\n<p>\n Une enqu\u00eate en flagrance a \u00e9t\u00e9 ouverte pour \u00ab\u00a0destruction par incendie en bande organis\u00e9e\u00a0\u00bb et confi\u00e9e \u00e0 la police judiciaire, a indiqu\u00e9 le procureur de Nice, Damien Martinelli, dans un communiqu\u00e9.\n<\/p>\n<p>\n \u00ab\u00a0Des constatations et examens techniques sont en cours notamment pour pr\u00e9ciser les d\u00e9g\u00e2ts et les modalit\u00e9s de passage \u00e0 l\u2019acte\u00a0\u00bb, a-t-il ajout\u00e9.\n<\/p>\n<p>\n Le ministre de l&rsquo;Int\u00e9rieur Bruno Retailleau a pour sa part adress\u00e9 un t\u00e9l\u00e9gramme aux pr\u00e9fets leur demandant \u00ab\u00a0de prendre toutes les mesures n\u00e9cessaires pour renforcer, en lien avec les op\u00e9rateurs concern\u00e9s, la s\u00e9curit\u00e9 des principaux sites et infrastructres du r\u00e9seau \u00e9lectrique\u00a0\u00bb.\n<\/p>\n<p>\n Aucun lien entre ces divers incidents n&rsquo;a pour l&rsquo;instant \u00e9t\u00e9 formellement \u00e9tabli.\n<\/p>\n<p>\n A Nice, le feu s&rsquo;est d\u00e9clar\u00e9 vers 02H00 sur un poste \u00e9lectrique situ\u00e9 dans le quartier des Moulins, un secteur gangr\u00e9n\u00e9 par les trafics de stup\u00e9fiants dans l&rsquo;ouest de la ville.\n<\/p>\n<p>\n Selon une source polici\u00e8re, des \u00ab\u00a0traces de pneus\u00a0\u00bb ont \u00e9t\u00e9 d\u00e9couverte et une source proche du dossier a \u00e9voqu\u00e9 \u00ab\u00a0une porte fractur\u00e9e\u00a0\u00bb pour le local du transformateur.\n<\/p>\n<p>\n Quelque 45.000 foyers ont \u00e9t\u00e9 momentan\u00e9ment priv\u00e9s d&rsquo;\u00e9lectricit\u00e9, \u00e0 Nice et dans les communes voisines de Saint-Laurent-du-Var et Cagnes-sur-Mer, a pr\u00e9cis\u00e9 Enedis \u00e0 l&rsquo;AFP. A 06h00 le courant avait \u00e9t\u00e9 r\u00e9tabli.\n<\/p>\n<p>\n Le r\u00e9seau de tramway de Nice a \u00e9t\u00e9 bri\u00e8vement affect\u00e9, avec une reprise retard\u00e9e en d\u00e9but de matin\u00e9e, et l&rsquo;a\u00e9roport, un temps priv\u00e9 d&rsquo;\u00e9lectricit\u00e9, \u00ab\u00a0a \u00e9t\u00e9 rapidement r\u00e9aliment\u00e9\u00a0\u00bb, a pr\u00e9cis\u00e9 \u00e0 l&rsquo;AFP l&rsquo;adjoint au maire Ga\u00ebl Nofri.\n<\/p>\n<p>\n Cet incendie survient au lendemain de d\u00e9gradations volontaires sur deux installations \u00e9lectriques, un poste haute tension incendi\u00e9 dans le Var et un pyl\u00f4ne sci\u00e9 dans les Alpes-Maritimes, qui ont provoqu\u00e9 une coupure massive dans la r\u00e9gion, affectant 160.000 foyers, notamment \u00e0 Cannes, en plein festival de cin\u00e9ma, pr\u00e9serv\u00e9 gr\u00e2ce \u00e0 son syst\u00e8me d&rsquo;alimentation autonome.\n<\/p>\n<p> &#8211; Revendication en cours d&rsquo;\u00e9valuation &#8211;<\/p>\n<p>\n \u00ab\u00a0Je d\u00e9nonce avec force ces actes malveillants qui touchent notre pays\u00a0\u00bb, a r\u00e9agi sur X Christian Estrosi, qui a annonc\u00e9 le d\u00e9p\u00f4t d&rsquo;une plainte par la ville et la mise \u00e0 disposition des enqu\u00eateurs des images de vid\u00e9osurveillance.\n<\/p>\n<p>\n Le maire Horizons de Nice a \u00e9galement annonc\u00e9 le renforcement \u00ab\u00a0d\u00e8s les prochains jours\u00a0\u00bb de la surveillance des \u00ab\u00a0sites \u00e9lectriques strat\u00e9giques\u00a0\u00bb de la ville.\n<\/p>\n<p>\n Il a demand\u00e9 aux services de la police municipale de se \u00ab\u00a0mobiliser\u00a0\u00bb face \u00e0 ces actes \u00ab\u00a0qui peuvent avoir des cons\u00e9quences consid\u00e9rables, notamment sur les \u00e9tablissements de sant\u00e9\u00a0\u00bb. \u00ab\u00a0Tant que les auteurs de ces faits n&rsquo;auront pas \u00e9t\u00e9 interpell\u00e9s nous ne rel\u00e2cherons aucune attention o\u00f9 que ce soit\u00a0\u00bb, a-t-il assur\u00e9 lors d&rsquo;un point presse.\n<\/p>\n<p>\n Dimanche apr\u00e8s-midi, un communiqu\u00e9 anonyme et non authentifi\u00e9, se r\u00e9clamant de \u00ab\u00a0deux bandes d&rsquo;anarchistes\u00a0\u00bb, a \u00e9t\u00e9 post\u00e9 sur un site internet alternatif nantais, revendiquant \u00ab\u00a0la responsabilit\u00e9 de l&rsquo;attaque contre des installations \u00e9lectriques sur la C\u00f4te d&rsquo;Azur\u00a0\u00bb.\n<\/p>\n<p>\n \u00ab\u00a0La presse m&rsquo;a relay\u00e9 cette revendication trouv\u00e9e sur un site. Elle fait l&rsquo;objet d&rsquo;une \u00e9valuation\u00a0\u00bb, a r\u00e9agi aupr\u00e8s de l&rsquo;AFP le procureur de Grasse Damien Savarzeix, soulignant que \u00ab\u00a0l&rsquo;enqu\u00eate se poursuit sur le fond\u00a0\u00bb.\n<\/p>\n<p>\n Samedi, la coupure \u00e9lectrique avait affect\u00e9 \u00ab\u00a0toutes les communes du littoral entre Antibes et le Var ainsi que des communes situ\u00e9es davantage dans les terres\u00a0\u00bb, selon le pr\u00e9fet Laurent Hottiaux, qui avait d\u00e9nonc\u00e9 des \u00ab\u00a0actes graves de d\u00e9gradations portant atteinte \u00e0 l&rsquo;int\u00e9grit\u00e9 des infrastructures \u00e9lectriques\u00a0\u00bb.\n<\/p>\n<p>\n Dans la nuit, un incendie sur un poste \u00e9lectrique de tr\u00e8s haute tension \u00e0 Tanneron (Var) avait provoqu\u00e9 une premi\u00e8re coupure dans le Var et les Alpes-Maritimes. Puis, \u00e0 10H00, c&rsquo;est un pyl\u00f4ne \u00e9lectrique situ\u00e9 \u00e0 Villeneuve-Loubet (Alpes-Maritimes) qui avait subi des \u00ab\u00a0d\u00e9gradations majeures\u00a0\u00bb, selon le pr\u00e9fet.\n<\/p>\n<p>\n Trois des quatre piliers de ce pyl\u00f4ne de la ligne \u00e0 haute tension alimentant la ville de Cannes \u00ab\u00a0ont \u00e9t\u00e9 sci\u00e9s\u00a0\u00bb, dans le cadre d'\u00a0\u00bbun acte malveillant\u00a0\u00bb, avait pr\u00e9cis\u00e9 le procureur de Grasse  \u00e0 l&rsquo;AFP.\n<\/p>\n<p>\n Les sapeurs-pompiers des Alpes-Maritimes ont recens\u00e9 samedi une centaine d&rsquo;interventions mineures dans le d\u00e9partement, principalement sur des pannes d&rsquo;ascenseur. Les r\u00e9seaux de t\u00e9l\u00e9communication ont \u00e9galement \u00e9t\u00e9 affect\u00e9s par intermittence et la circulation de certains trains r\u00e9gionaux perturb\u00e9e\n<\/p>\n<p>\n L&rsquo;\u00e9lectricit\u00e9 avait \u00e9t\u00e9 r\u00e9tablie vers 17H00 pour l&rsquo;ensemble des 160.000 foyers priv\u00e9s de courant, selon RTE.<\/p>\n","protected":false},"excerpt":{"rendered":"Un feu tricolore priv\u00e9 d&rsquo;\u00e9lectricit\u00e9, \u00e0 Cannes, le 24 mai 2025 ( AFP \/ Sameer AL-DOUMY ) Au&hellip;\n","protected":false},"author":2,"featured_media":128073,"comment_status":"","ping_status":"","sticky":false,"template":"","format":"standard","meta":{"footnotes":""},"categories":[2819],"tags":[400,1111,11,398,408,405,1777,674,1011,27,403,402,399,404,12,2401,882,25,401,406,407],"class_list":{"0":"post-128072","1":"post","2":"type-post","3":"status-publish","4":"format-standard","5":"has-post-thumbnail","7":"category-nice","8":"tag-action-cac-40","9":"tag-actu","10":"tag-actualites","11":"tag-bourse-de-paris","12":"tag-boursorama","13":"tag-cotations","14":"tag-eu","15":"tag-europe","16":"tag-fr","17":"tag-france","18":"tag-indices-devises","19":"tag-investir","20":"tag-investissement","21":"tag-marche-boursier","22":"tag-news","23":"tag-nice","24":"tag-provence-alpes-cote-dazur","25":"tag-republique-francaise","26":"tag-sicav","27":"tag-trackers","28":"tag-warrants"},"share_on_mastodon":{"url":"https:\/\/pubeurope.com\/@fr\/114571365825903617","error":""},"_links":{"self":[{"href":"https:\/\/www.europesays.com\/fr\/wp-json\/wp\/v2\/posts\/128072","targetHints":{"allow":["GET"]}}],"collection":[{"href":"https:\/\/www.europesays.com\/fr\/wp-json\/wp\/v2\/posts"}],"about":[{"href":"https:\/\/www.europesays.com\/fr\/wp-json\/wp\/v2\/types\/post"}],"author":[{"embeddable":true,"href":"https:\/\/www.europesays.com\/fr\/wp-json\/wp\/v2\/users\/2"}],"replies":[{"embeddable":true,"href":"https:\/\/www.europesays.com\/fr\/wp-json\/wp\/v2\/comments?post=128072"}],"version-history":[{"count":0,"href":"https:\/\/www.europesays.com\/fr\/wp-json\/wp\/v2\/posts\/128072\/revisions"}],"wp:featuredmedia":[{"embeddable":true,"href":"https:\/\/www.europesays.com\/fr\/wp-json\/wp\/v2\/media\/128073"}],"wp:attachment":[{"href":"https:\/\/www.europesays.com\/fr\/wp-json\/wp\/v2\/media?parent=128072"}],"wp:term":[{"taxonomy":"category","embeddable":true,"href":"https:\/\/www.europesays.com\/fr\/wp-json\/wp\/v2\/categories?post=128072"},{"taxonomy":"post_tag","embeddable":true,"href":"https:\/\/www.europesays.com\/fr\/wp-json\/wp\/v2\/tags?post=128072"}],"curies":[{"name":"wp","href":"https:\/\/api.w.org\/{rel}","templated":true}]}}