{"id":128076,"date":"2025-05-26T00:47:08","date_gmt":"2025-05-26T00:47:08","guid":{"rendered":"https:\/\/www.europesays.com\/fr\/128076\/"},"modified":"2025-05-26T00:47:08","modified_gmt":"2025-05-26T00:47:08","slug":"previsions-du-lundi-26-mai-2025-4","status":"publish","type":"post","link":"https:\/\/www.europesays.com\/fr\/128076\/","title":{"rendered":"pr\u00e9visions du lundi 26 mai 2025"},"content":{"rendered":"<p>Il va faire 17\u00b0C en moyenne \u00e0 Bordeaux aujourd&rsquo;hui. Un vent de nord-ouest rafra\u00eechira quelque peu l&rsquo;atmosph\u00e8re. La grisaille ne se dissipe toujours pas, il va y avoir encore des nuages le matin. Du mauvais temps est \u00e0 pr\u00e9voir. Des pluies \u00e9parses vont tomber. Le mercure affichera 18\u00b0C en moyenne. Le soleil sera dominant, la promesse d&rsquo;un bel apr\u00e8s-midi ! Les temp\u00e9ratures seront comprises entre 20 et 21\u00b0C. Le ciel sera clair dans la nuit de lundi \u00e0 mardi.<\/p>\n<p>C&rsquo;est un soleil radieux qui va se montrer demain sur Bordeaux. Les valeurs afficheront entre 10 et 24\u00b0C. Il fera environ 18\u00b0C, le matin. Une brise de sud-ouest soufflera l\u00e9g\u00e8rement. Les temp\u00e9ratures vont enregistrer une augmentation de plusieurs degr\u00e9s au cours de l&rsquo;apr\u00e8s-midi. Les maximales atteindront les 24\u00b0C et les minimales seront de 22\u00b0C. Les temp\u00e9ratures avoisineront les 18\u00b0C dans la soir\u00e9e. Un l\u00e9ger vent de nord-ouest sera ressenti par les habitants.<\/p>\n<p>Peu de changements au fil des jours. Comptez sur 18\u00b0C en moyenne qui accompagneront des journ\u00e9es ensoleill\u00e9es.<\/p>\n<p><\/p>\n","protected":false},"excerpt":{"rendered":"Il va faire 17\u00b0C en moyenne \u00e0 Bordeaux aujourd&rsquo;hui. Un vent de nord-ouest rafra\u00eechira quelque peu l&rsquo;atmosph\u00e8re. La&hellip;\n","protected":false},"author":2,"featured_media":128077,"comment_status":"","ping_status":"","sticky":false,"template":"","format":"standard","meta":{"footnotes":""},"categories":[2817],"tags":[1111,11,3177,1997,1777,674,1011,27,2905,12,2219,2119,25],"class_list":{"0":"post-128076","1":"post","2":"type-post","3":"status-publish","4":"format-standard","5":"has-post-thumbnail","7":"category-bordeaux","8":"tag-actu","9":"tag-actualites","10":"tag-aquitaine","11":"tag-bordeaux","12":"tag-eu","13":"tag-europe","14":"tag-fr","15":"tag-france","16":"tag-gironde","17":"tag-news","18":"tag-nouvelle-aquitaine","19":"tag-previsions-meteo","20":"tag-republique-francaise"},"share_on_mastodon":{"url":"https:\/\/pubeurope.com\/@fr\/114571381567687609","error":""},"_links":{"self":[{"href":"https:\/\/www.europesays.com\/fr\/wp-json\/wp\/v2\/posts\/128076","targetHints":{"allow":["GET"]}}],"collection":[{"href":"https:\/\/www.europesays.com\/fr\/wp-json\/wp\/v2\/posts"}],"about":[{"href":"https:\/\/www.europesays.com\/fr\/wp-json\/wp\/v2\/types\/post"}],"author":[{"embeddable":true,"href":"https:\/\/www.europesays.com\/fr\/wp-json\/wp\/v2\/users\/2"}],"replies":[{"embeddable":true,"href":"https:\/\/www.europesays.com\/fr\/wp-json\/wp\/v2\/comments?post=128076"}],"version-history":[{"count":0,"href":"https:\/\/www.europesays.com\/fr\/wp-json\/wp\/v2\/posts\/128076\/revisions"}],"wp:featuredmedia":[{"embeddable":true,"href":"https:\/\/www.europesays.com\/fr\/wp-json\/wp\/v2\/media\/128077"}],"wp:attachment":[{"href":"https:\/\/www.europesays.com\/fr\/wp-json\/wp\/v2\/media?parent=128076"}],"wp:term":[{"taxonomy":"category","embeddable":true,"href":"https:\/\/www.europesays.com\/fr\/wp-json\/wp\/v2\/categories?post=128076"},{"taxonomy":"post_tag","embeddable":true,"href":"https:\/\/www.europesays.com\/fr\/wp-json\/wp\/v2\/tags?post=128076"}],"curies":[{"name":"wp","href":"https:\/\/api.w.org\/{rel}","templated":true}]}}