{"id":128082,"date":"2025-05-26T00:50:16","date_gmt":"2025-05-26T00:50:16","guid":{"rendered":"https:\/\/www.europesays.com\/fr\/128082\/"},"modified":"2025-05-26T00:50:16","modified_gmt":"2025-05-26T00:50:16","slug":"toulouse-30-millions-deuros-pour-moderniser-les-piscines-jusquen-2026-tous-les-investissements","status":"publish","type":"post","link":"https:\/\/www.europesays.com\/fr\/128082\/","title":{"rendered":"Toulouse. 30 millions d\u2019euros pour moderniser les piscines jusqu&rsquo;en 2026 : tous les investissements"},"content":{"rendered":"<p>            Par<br \/>\n        <strong><br \/>\n            <a href=\"https:\/\/actu.fr\/auteur\/lea-afonso\" title=\"Consulter tous les articles de L\u00e9a Afonso\" target=\"_blank\" rel=\"noopener\">L\u00e9a Afonso<\/a><br \/>\n        <\/strong><\/p>\n<p>        Publi\u00e9 le<\/p>\n<p>            25 mai 2025 \u00e0 16h50        <\/p>\n<p>Depuis 2017, la ville de <a href=\"https:\/\/actu.fr\/toulouse\/\" target=\"_blank\" rel=\"noopener\">Toulouse<\/a> s\u2019est lanc\u00e9e dans une <strong>transformation<\/strong> en profondeur de son <strong>parc de piscines<\/strong>. Consciente du vieillissement de ses \u00e9quipements et face \u00e0 une demande croissante des usagers, la municipalit\u00e9 a mis en place un \u00ab\u2009Plan piscines\u2009\u00bb dot\u00e9 de plus de 30 millions d\u2019euros d\u2019investissement, \u00e9tal\u00e9 jusqu\u2019en 2026. Un plan rappel\u00e9 par le maire de la ville, Jean-Luc Moudenc, le 15 mai dernier. Les d\u00e9tails.<\/p>\n<p>Une strat\u00e9gie pens\u00e9e pour tous les publics<\/p>\n<p class=\" wall-content\">L\u2019objectif est clair\u2009: \u00ab<strong>\u2009moderniser<\/strong> les infrastructures existantes, <strong>construire<\/strong> de nouveaux bassins, et proposer une <strong>offre plus accessible<\/strong>, plus simple et plus adapt\u00e9e \u00e0 tous\u2009\u00bb, explique la mairie. Cela passe notamment par une harmonisation des horaires d\u2019ouverture, avec des cr\u00e9neaux \u00e9largis\u2009: ouverture matinale de 7h \u00e0 9h, 38 cr\u00e9neaux en milieu de journ\u00e9e (12h-14h) du lundi au vendredi, plages horaires l\u2019apr\u00e8s-midi (16h-19h), et des nocturnes jusqu\u2019\u00e0 21h.<\/p>\n<p class=\" wall-content\">Les familles ne sont pas oubli\u00e9es, avec l\u2019introduction d\u2019<strong>animations ludiques,<\/strong> comme des structures gonflables (trois achet\u00e9es pour 2025), disponibles sur plusieurs piscines chaque semaine. Parmi les cr\u00e9neaux propos\u00e9s pour ces activit\u00e9s\u2009:<\/p>\n<ul class=\" wall-content\">\n<li>Bellevue\u2009: mercredi de 16h \u00e0 18h et dimanche de 10h \u00e0 12h<\/li>\n<li>Toulouse-Lautrec\u2009: dimanche de 16h \u00e0 17h<\/li>\n<li>Jean Boiteux et\u00a0Alban-Minville\u2009: dimanche de 10h \u00e0 12h<\/li>\n<li>Papus\u2009: dimanche de 10h \u00e0 13h<\/li>\n<li>L\u00e9o-Lagrange\u2009: dimanche de 8h30 \u00e0 10h30<\/li>\n<\/ul>\n<p class=\" wall-content\">La ville s\u2019engage \u00e9galement fortement dans l\u2019apprentissage scolaire, en particulier avec le dispositif \u00ab\u2009<strong>Aisance Aquatique<\/strong>\u2009\u00bb, pour lequel <strong>99\u2009% des ma\u00eetres-nageurs ont \u00e9t\u00e9 form\u00e9s<\/strong>. Le mois de juin est m\u00eame sanctuaris\u00e9 pour accueillir prioritairement les maternelles, signe d\u2019une volont\u00e9 d\u2019agir t\u00f4t pour pr\u00e9venir les noyades.<\/p>\n<p>Des r\u00e9novations majeures et mesur\u00e9es<\/p>\n<p class=\" wall-content\">\u00ab\u2009Les <strong>travaux<\/strong> de r\u00e9novation ont \u00e9t\u00e9 <strong>\u00e9tal\u00e9s dans le temps pour limiter les fermetures simultan\u00e9es<\/strong> et garantir ainsi un service continu\u2009\u00bb, affirme Jean-Luc Moudenc, maire de la ville. Parmi les r\u00e9novations notables\u2009:<\/p>\n<ul class=\" wall-content\">\n<li>Alban Minville (4,4 M\u20ac en 2021)<\/li>\n<li>Bellevue, transform\u00e9e en bassin nordique (2,9 M\u20ac en 2020), d\u00e9sormais ouverte toute l\u2019ann\u00e9e<\/li>\n<li>Chapou (r\u00e9habilitation des bassins, parcours baigneurs, chauffage, etc. en 2019)<\/li>\n<li>L\u00e9o Lagrange (changement de toiture et syst\u00e8me d\u2019eau chaude sanitaire, 580\u2009000\u20ac, en 2018)<\/li>\n<li>Yvonne Godard (ex-Pech David, 3\u00a0M\u20ac en 2025)<\/li>\n<li>Nakache \u00e9t\u00e9 (filtration 140\u2009000\u20ac, sol 150\u2009000\u20ac et nouvelle entr\u00e9e 300\u2009000\u20ac en 2024)<\/li>\n<li>Deux nouveaux bassins verront bient\u00f4t le jour \u00e0 Toulouse-Lautrec\u2009: un bassin nordique de 50\u00a0m\u00e8tres (4 couloirs) et un bassin d\u2019apprentissage<\/li>\n<\/ul>\n<p>\u00c9cologie et \u00e9conomies au rendez-vous<\/p>\n<p class=\" wall-content\">Au-del\u00e0 du confort, la Ville a cr\u00e9\u00e9 une cellule sp\u00e9cialis\u00e9e dans le traitement de l\u2019air et de l\u2019eau, optimisant la qualit\u00e9 de l\u2019accueil tout en r\u00e9duisant les co\u00fbts d\u2019exploitation. R\u00e9sultat en 2024\u2009:<\/p>\n<ul class=\" wall-content\">\n<li>686\u2009566\u00a0kWh d\u2019\u00e9nergie \u00e9conomis\u00e9s<\/li>\n<li>8\u2009363 m\u00b3 d\u2019eau \u00e9pargn\u00e9s<\/li>\n<li>400\u00a0kg de chlore en moins utilis\u00e9s<\/li>\n<li>Soit une \u00e9conomie estim\u00e9e \u00e0 110\u2009000\u00a0\u20ac<\/li>\n<\/ul>\n<p class=\" wall-content\">Gr\u00e2ce \u00e0 cette politique, Toulouse augmente non seulement ses surfaces et ses temps de nage. Avec ce Plan piscines, la ville confirme son engagement \u00e0 faire de la natation un sport accessible, inclusif et durable pour tous les Toulousains.<\/p>\n<p class=\" wall-content\">Suivez toute l\u2019actualit\u00e9 de vos villes et m\u00e9dias favoris en vous inscrivant \u00e0 <a href=\"https:\/\/moncompte.actu.fr\" title=\"D\u00e9couvez Mon Actu\" rel=\"nofollow noopener\" data-trk=\"{&quot;cta&quot;:{&quot;action&quot;:&quot;https:\\\/\\\/moncompte.actu.fr&quot;,&quot;category&quot;:&quot;mon compte&quot;,&quot;from&quot;:&quot;article footer&quot;,&quot;name&quot;:&quot;Mon actu&quot;,&quot;type&quot;:&quot;cta&quot;}}\" target=\"_blank\">Mon Actu<\/a>.<\/p>\n<ul class=\"ac-article-tag wall-content\">\n<li><a href=\"https:\/\/actu.fr\/tag\/jean-luc-moudenc\" data-trk=\"{&quot;cta&quot;:{&quot;action&quot;:&quot;Jean-Luc Moudenc&quot;,&quot;category&quot;:&quot;tag&quot;,&quot;from&quot;:&quot;article footer&quot;,&quot;name&quot;:&quot;Jean-Luc Moudenc&quot;,&quot;type&quot;:&quot;cta&quot;}}\" target=\"_blank\" rel=\"noopener\">#Jean-Luc Moudenc<\/a><\/li>\n<li><a href=\"https:\/\/actu.fr\/tag\/urbanisme\" data-trk=\"{&quot;cta&quot;:{&quot;action&quot;:&quot;Urbanisme&quot;,&quot;category&quot;:&quot;tag&quot;,&quot;from&quot;:&quot;article footer&quot;,&quot;name&quot;:&quot;Urbanisme&quot;,&quot;type&quot;:&quot;cta&quot;}}\" target=\"_blank\" rel=\"noopener\">#Urbanisme<\/a><\/li>\n<\/ul>\n","protected":false},"excerpt":{"rendered":"Par L\u00e9a Afonso Publi\u00e9 le 25 mai 2025 \u00e0 16h50 Depuis 2017, la ville de Toulouse s\u2019est lanc\u00e9e&hellip;\n","protected":false},"author":2,"featured_media":128083,"comment_status":"","ping_status":"","sticky":false,"template":"","format":"standard","meta":{"footnotes":""},"categories":[2816],"tags":[1111,11,1777,674,1011,27,2857,12,2680,25,104,2312,1352],"class_list":{"0":"post-128082","1":"post","2":"type-post","3":"status-publish","4":"format-standard","5":"has-post-thumbnail","7":"category-toulouse","8":"tag-actu","9":"tag-actualites","10":"tag-eu","11":"tag-europe","12":"tag-fr","13":"tag-france","14":"tag-jean-luc-moudenc","15":"tag-news","16":"tag-occitanie","17":"tag-republique-francaise","18":"tag-societe","19":"tag-toulouse","20":"tag-urbanisme"},"share_on_mastodon":{"url":"https:\/\/pubeurope.com\/@fr\/114571393315863423","error":""},"_links":{"self":[{"href":"https:\/\/www.europesays.com\/fr\/wp-json\/wp\/v2\/posts\/128082","targetHints":{"allow":["GET"]}}],"collection":[{"href":"https:\/\/www.europesays.com\/fr\/wp-json\/wp\/v2\/posts"}],"about":[{"href":"https:\/\/www.europesays.com\/fr\/wp-json\/wp\/v2\/types\/post"}],"author":[{"embeddable":true,"href":"https:\/\/www.europesays.com\/fr\/wp-json\/wp\/v2\/users\/2"}],"replies":[{"embeddable":true,"href":"https:\/\/www.europesays.com\/fr\/wp-json\/wp\/v2\/comments?post=128082"}],"version-history":[{"count":0,"href":"https:\/\/www.europesays.com\/fr\/wp-json\/wp\/v2\/posts\/128082\/revisions"}],"wp:featuredmedia":[{"embeddable":true,"href":"https:\/\/www.europesays.com\/fr\/wp-json\/wp\/v2\/media\/128083"}],"wp:attachment":[{"href":"https:\/\/www.europesays.com\/fr\/wp-json\/wp\/v2\/media?parent=128082"}],"wp:term":[{"taxonomy":"category","embeddable":true,"href":"https:\/\/www.europesays.com\/fr\/wp-json\/wp\/v2\/categories?post=128082"},{"taxonomy":"post_tag","embeddable":true,"href":"https:\/\/www.europesays.com\/fr\/wp-json\/wp\/v2\/tags?post=128082"}],"curies":[{"name":"wp","href":"https:\/\/api.w.org\/{rel}","templated":true}]}}