{"id":128087,"date":"2025-05-26T00:54:16","date_gmt":"2025-05-26T00:54:16","guid":{"rendered":"https:\/\/www.europesays.com\/fr\/128087\/"},"modified":"2025-05-26T00:54:16","modified_gmt":"2025-05-26T00:54:16","slug":"marseille-tfx","status":"publish","type":"post","link":"https:\/\/www.europesays.com\/fr\/128087\/","title":{"rendered":"Marseille | TFX"},"content":{"rendered":"<p id=\"descriptionPanel\" aria-labelledby=\"descriptionArrow\" aria-expanded=\"false\" class=\"mr-2 line-clamp-2 pr-2.5 text-secondary overflow-visible\">Paolo, depuis 25 ans au Canada, se voit contraint de retourner dans sa ville d&rsquo;origine : Marseille, qu&rsquo;il avait pourtant fui \u00e0 la suite d&rsquo;un drame. En effet, son fr\u00e8re, Joseph, lui apprend que son p\u00e8re est gravement malade et qu&rsquo;il le r\u00e9clame \u00e0 son chevet. Bon gr\u00e9 mal gr\u00e9, Paolo quitte le calme et l&rsquo;harmonie de la vie qu&rsquo;il a construite au Canada pour retrouver les tumultes de la cit\u00e9 phoc\u00e9enne, sa famille et peut-\u00eatre l&rsquo;amour ?<br \/>En savoir plus sur <a class=\"text-white hover:text-blue-500\" href=\"https:\/\/www.tf1.fr\/dossier\/kad-merad-64742941\" rel=\"nofollow noopener\" target=\"_blank\">Kad Merad <\/a><\/p>\n<p><a class=\"shrink-0\" href=\"https:\/\/www.tf1.fr\/tfx\/marseille-184\" rel=\"nofollow noopener\" target=\"_blank\"><img decoding=\"async\" src=\"https:\/\/www.europesays.com\/fr\/wp-content\/uploads\/2025\/05\/vignette-portrait-0dd96f-dde380-0@1x.jpg\" width=\"138\" height=\"184\" alt=\"\" loading=\"eager\" fetchpriority=\"auto\" class=\"aspect-[3\/4] h-24 w-auto rounded-3px\" aria-hidden=\"true\"\/><\/a><\/p>\n","protected":false},"excerpt":{"rendered":"Paolo, depuis 25 ans au Canada, se voit contraint de retourner dans sa ville d&rsquo;origine : Marseille, qu&rsquo;il&hellip;\n","protected":false},"author":2,"featured_media":128088,"comment_status":"","ping_status":"","sticky":false,"template":"","format":"standard","meta":{"footnotes":""},"categories":[2814],"tags":[1111,11,1777,674,2081,25122,1011,27,884,25123,12,882,25,25127,25171,25170],"class_list":{"0":"post-128087","1":"post","2":"type-post","3":"status-publish","4":"format-standard","5":"has-post-thumbnail","7":"category-marseille","8":"tag-actu","9":"tag-actualites","10":"tag-eu","11":"tag-europe","12":"tag-film","13":"tag-film-marseille","14":"tag-fr","15":"tag-france","16":"tag-marseille","17":"tag-marseille-film","18":"tag-news","19":"tag-provence-alpes-cote-dazur","20":"tag-republique-francaise","21":"tag-streaming-marseille","22":"tag-video-en-streaming-marseille","23":"tag-video-marseille"},"share_on_mastodon":{"url":"https:\/\/pubeurope.com\/@fr\/114571409777153951","error":""},"_links":{"self":[{"href":"https:\/\/www.europesays.com\/fr\/wp-json\/wp\/v2\/posts\/128087","targetHints":{"allow":["GET"]}}],"collection":[{"href":"https:\/\/www.europesays.com\/fr\/wp-json\/wp\/v2\/posts"}],"about":[{"href":"https:\/\/www.europesays.com\/fr\/wp-json\/wp\/v2\/types\/post"}],"author":[{"embeddable":true,"href":"https:\/\/www.europesays.com\/fr\/wp-json\/wp\/v2\/users\/2"}],"replies":[{"embeddable":true,"href":"https:\/\/www.europesays.com\/fr\/wp-json\/wp\/v2\/comments?post=128087"}],"version-history":[{"count":0,"href":"https:\/\/www.europesays.com\/fr\/wp-json\/wp\/v2\/posts\/128087\/revisions"}],"wp:featuredmedia":[{"embeddable":true,"href":"https:\/\/www.europesays.com\/fr\/wp-json\/wp\/v2\/media\/128088"}],"wp:attachment":[{"href":"https:\/\/www.europesays.com\/fr\/wp-json\/wp\/v2\/media?parent=128087"}],"wp:term":[{"taxonomy":"category","embeddable":true,"href":"https:\/\/www.europesays.com\/fr\/wp-json\/wp\/v2\/categories?post=128087"},{"taxonomy":"post_tag","embeddable":true,"href":"https:\/\/www.europesays.com\/fr\/wp-json\/wp\/v2\/tags?post=128087"}],"curies":[{"name":"wp","href":"https:\/\/api.w.org\/{rel}","templated":true}]}}