{"id":128089,"date":"2025-05-26T00:55:17","date_gmt":"2025-05-26T00:55:17","guid":{"rendered":"https:\/\/www.europesays.com\/fr\/128089\/"},"modified":"2025-05-26T00:55:17","modified_gmt":"2025-05-26T00:55:17","slug":"le-projet-de-reamenagement-du-boulevard-de-la-croix-rousse-presente","status":"publish","type":"post","link":"https:\/\/www.europesays.com\/fr\/128089\/","title":{"rendered":"Le projet de r\u00e9am\u00e9nagement du boulevard de la Croix-Rousse pr\u00e9sent\u00e9"},"content":{"rendered":"<p><img width=\"487\" height=\"299\" src=\"https:\/\/www.europesays.com\/fr\/wp-content\/uploads\/2025\/05\/boulevardCroixRousse.jpg\" class=\"attachment-post-thumbnail size-post-thumbnail wp-post-image\" alt=\"\" decoding=\"async\" fetchpriority=\"high\" \/><\/p>\n<p>(SdH\/LPI)<\/p>\n<p><strong>La M\u00e9tropole de Lyon et la Ville de Lyon ont fait part vendredi du sc\u00e9nario retenu pour le r\u00e9am\u00e9nagement du boulevard de la Croix-Rousse, , axe majeur du quartier. <\/strong><\/p>\n<p>La M\u00e9tropole de Lyon et la Ville de Lyon ont pr\u00e9sent\u00e9 vendredi le sc\u00e9nario retenu pour le r\u00e9am\u00e9nagement du boulevard de la Croix-Rousse, apr\u00e8s une p\u00e9riode de concertation. L\u2019objectif de cette transformation est, selon les collectivit\u00e9s, de recr\u00e9er une promenade apais\u00e9e, v\u00e9g\u00e9talis\u00e9e en restaurant le patrimoine arbor\u00e9, d\u2019am\u00e9liorer et s\u00e9curiser les d\u00e9placements, tout en confortant l\u2019embl\u00e9matique march\u00e9 du quartier et le c\u0153ur commer\u00e7ant du quartier.<\/p>\n<p><img decoding=\"async\" src=\"https:\/\/www.europesays.com\/fr\/wp-content\/uploads\/2025\/04\/abonnezvouslarge.jpg\" alt=\"\" \/><\/p>\n<p>Pour lire la totalit\u00e9 de l&rsquo;article,<strong> <a href=\"http:\/\/www.lyonpoleimmo.com\/membership-options-page\/\" target=\"_blank\" rel=\"noopener\">abonnez-vous<\/a> <\/strong>ou <a href=\"http:\/\/www.lyonpoleimmo.com\/senregistrer\/\" target=\"_blank\" rel=\"noopener\"><strong>identifiez-vous<\/strong><\/a>  <\/p>\n<p><strong>Si vous avez appr\u00e9ci\u00e9 cet article, s&rsquo;il vous plait, prenez le temps de <a href=\"#comments\">laisser un commentaire<\/a> ou de <a href=\"http:\/\/www.lyonpoleimmo.com\/feed\/\" target=\"_blank\" rel=\"noopener\">souscrire au flux<\/a> afin de recevoir les futurs articles directement dans votre lecteur de flux.<br \/>\n    <\/strong><\/p>\n<p>\t<a href=\"http:\/\/www.lyonpoleimmo.com\/2025\/05\/22\/90975\/renovation-urbaine-lecheance-de-livraison-des-operations-portee-a-2032\/\" rel=\"bookmark noopener\" title=\"Lien Permanent vers R\u00e9novation urbaine : l\u2019\u00e9ch\u00e9ance de livraison des op\u00e9rations port\u00e9e \u00e0 2032\" target=\"_blank\">R\u00e9novation urbaine : l\u2019\u00e9ch\u00e9ance de livraison des op\u00e9rations port\u00e9e \u00e0 2032<\/a><\/p>\n<p>\t<a href=\"http:\/\/www.lyonpoleimmo.com\/2025\/05\/22\/90975\/renovation-urbaine-lecheance-de-livraison-des-operations-portee-a-2032\/\" rel=\"bookmark noopener\" title=\"Lien Permanent vers R\u00e9novation urbaine : l\u2019\u00e9ch\u00e9ance de livraison des op\u00e9rations port\u00e9e \u00e0 2032\" target=\"_blank\"><\/p>\n<p>La ministre charg\u00e9e du Logement, Val\u00e9rie L\u00e9tard, \u00e9tait mardi en visite \u00e0 l\u2019agence nationale pour la r\u00e9novation urbaine dans le cadre de la revue nationale des projets du NPNRU.<\/p>\n<p><\/a><\/p>\n<p>\t<a href=\"http:\/\/www.lyonpoleimmo.com\/2025\/05\/22\/90970\/le-premier-espace-test-agricole-metropolitain-a-ete-inaugure\/\" rel=\"bookmark noopener\" title=\"Lien Permanent vers Le premier espace-test agricole m\u00e9tropolitain a \u00e9t\u00e9 inaugur\u00e9\" target=\"_blank\">Le premier espace-test agricole m\u00e9tropolitain a \u00e9t\u00e9 inaugur\u00e9<\/a><\/p>\n<p>\t<a href=\"http:\/\/www.lyonpoleimmo.com\/2025\/05\/22\/90970\/le-premier-espace-test-agricole-metropolitain-a-ete-inaugure\/\" rel=\"bookmark noopener\" title=\"Lien Permanent vers Le premier espace-test agricole m\u00e9tropolitain a \u00e9t\u00e9 inaugur\u00e9\" target=\"_blank\"><\/p>\n<p>Bruno Bernard, pr\u00e9sident de la M\u00e9tropole de Lyon, et H\u00e9l\u00e8ne Geoffroy, maire de Vaulx-en-Velin, ont inaugur\u00e9 hier l\u2019espace-test mara\u00eecher install\u00e9 depuis l\u2019automne dernier sur les Terres du Velin.<\/p>\n<p><\/a><\/p>\n<p>\t<a href=\"http:\/\/www.lyonpoleimmo.com\/2025\/05\/15\/90892\/la-proposition-de-loi-de-simplification-de-lurbanisme-et-du-logement-adoptee\/\" rel=\"bookmark noopener\" title=\"Lien Permanent vers La proposition de loi de simplification de l\u2019urbanisme et du logement adopt\u00e9e\" target=\"_blank\">La proposition de loi de simplification de l\u2019urbanisme et du logement adopt\u00e9e<\/a><\/p>\n<p>\t<a href=\"http:\/\/www.lyonpoleimmo.com\/2025\/05\/15\/90892\/la-proposition-de-loi-de-simplification-de-lurbanisme-et-du-logement-adoptee\/\" rel=\"bookmark noopener\" title=\"Lien Permanent vers La proposition de loi de simplification de l\u2019urbanisme et du logement adopt\u00e9e\" target=\"_blank\"><\/p>\n<p>L\u2019Assembl\u00e9e nationale a adopt\u00e9 la proposition de loi de simplification de l\u2019urbanisme et du logement. Le minist\u00e8re charg\u00e9 du logement salue \u00abun pas concret vers la relance de la production de logement par la facilitation des proc\u00e9dures\u00bb.<\/p>\n<p><\/a><\/p>\n<p>\t<a href=\"http:\/\/www.lyonpoleimmo.com\/2025\/05\/14\/90856\/la-grande-transformation-du-mas-du-taureau\/\" rel=\"bookmark noopener\" title=\"Lien Permanent vers La grande transformation du Mas du Taureau\" target=\"_blank\">La grande transformation du Mas du Taureau<\/a><\/p>\n<p>\t<a href=\"http:\/\/www.lyonpoleimmo.com\/2025\/05\/14\/90856\/la-grande-transformation-du-mas-du-taureau\/\" rel=\"bookmark noopener\" title=\"Lien Permanent vers La grande transformation du Mas du Taureau\" target=\"_blank\"><\/p>\n<p><img decoding=\"async\" src=\"https:\/\/www.europesays.com\/fr\/wp-content\/uploads\/2025\/05\/grande-ile.jpg\" alt=\"null\" \/>En attendant l\u2019arriv\u00e9e tant attendue du tramway T9, cette partie de Vaulx-en-Velin conna\u00eet une mue d\u2019ampleur, marqu\u00e9e par l\u2019arriv\u00e9e d\u2019\u00e9quipements publics et de nouveaux programmes de logements.<\/p>\n<p><\/a><\/p>\n<p>\t<a href=\"http:\/\/www.lyonpoleimmo.com\/2025\/05\/11\/90828\/la-place-hubert-mounier-nouveau-coeur-culturel-de-la-confluence\/\" rel=\"bookmark noopener\" title=\"Lien Permanent vers La place Hubert Mounier, nouveau coeur culturel de la Confluence\" target=\"_blank\">La place Hubert Mounier, nouveau coeur culturel de la Confluence<\/a><\/p>\n<p>\t<a href=\"http:\/\/www.lyonpoleimmo.com\/2025\/05\/11\/90828\/la-place-hubert-mounier-nouveau-coeur-culturel-de-la-confluence\/\" rel=\"bookmark noopener\" title=\"Lien Permanent vers La place Hubert Mounier, nouveau coeur culturel de la Confluence\" target=\"_blank\"><\/p>\n<p><img decoding=\"async\" src=\"https:\/\/www.europesays.com\/fr\/wp-content\/uploads\/2025\/05\/placeHubertMounier.jpg\" \/>L\u2019espace public a \u00e9t\u00e9 inaugur\u00e9 lundi en pr\u00e9sence de la famille du chanteur de l\u2019affaire Luis Trio, de plusieurs \u00e9lus, de Kent et de Benjamin Biolay.<\/p>\n<p><\/a><\/p>\n<p>\t<a href=\"http:\/\/www.lyonpoleimmo.com\/2025\/05\/07\/90796\/urbanisme-des-elus-critiquent-lingerence-de-la-metropole-dans-les-affaires-communales\/\" rel=\"bookmark noopener\" title=\"Lien Permanent vers Urbanisme : des \u00e9lus critiquent l\u2019 \u00abing\u00e9rence\u00bb de la M\u00e9tropole  dans les affaires communales\" target=\"_blank\">Urbanisme : des \u00e9lus critiquent l\u2019 \u00abing\u00e9rence\u00bb de la M\u00e9tropole  dans les affaires communales<\/a><\/p>\n<p>\t<a href=\"http:\/\/www.lyonpoleimmo.com\/2025\/05\/07\/90796\/urbanisme-des-elus-critiquent-lingerence-de-la-metropole-dans-les-affaires-communales\/\" rel=\"bookmark noopener\" title=\"Lien Permanent vers Urbanisme : des \u00e9lus critiquent l\u2019 \u00abing\u00e9rence\u00bb de la M\u00e9tropole  dans les affaires communales\" target=\"_blank\"><\/p>\n<p>Les pr\u00e9sidents de trois groupes d\u2019opposition \u00e0 la M\u00e9tropole de Lyon accusent dans un communiqu\u00e9 la collectivit\u00e9 d\u2019ing\u00e9rence des affaires communales en mati\u00e8re d\u2019urbanisme.<\/p>\n<p><\/a><\/p>\n<p>\t<a href=\"http:\/\/www.lyonpoleimmo.com\/2025\/05\/05\/90740\/evasyon-ou-la-mue-reussie-dun-ensemble-tertiaire-au-coeur-du-quartier-sans-souci\/\" rel=\"bookmark noopener\" title=\"Lien Permanent vers \u00ab\u00a0EvasYon\u00a0\u00bb ou la mue r\u00e9ussie d\u2019un ensemble tertiaire au c\u0153ur du quartier Sans Souci\" target=\"_blank\">\u00ab\u00a0EvasYon\u00a0\u00bb ou la mue r\u00e9ussie d\u2019un ensemble tertiaire au c\u0153ur du quartier Sans Souci<\/a><\/p>\n<p>\t<a href=\"http:\/\/www.lyonpoleimmo.com\/2025\/05\/05\/90740\/evasyon-ou-la-mue-reussie-dun-ensemble-tertiaire-au-coeur-du-quartier-sans-souci\/\" rel=\"bookmark noopener\" title=\"Lien Permanent vers \u00ab\u00a0EvasYon\u00a0\u00bb ou la mue r\u00e9ussie d\u2019un ensemble tertiaire au c\u0153ur du quartier Sans Souci\" target=\"_blank\"><\/p>\n<p>L\u2019op\u00e9ration inaugur\u00e9e fin mars par Vinci Immobilier, int\u00e8gre le premier Bikube, nouvelle marque de coliving au concept hybride, mais aussi un nouvel immeuble tertiaire et une r\u00e9sidence \u00e9tudiante.<\/p>\n<p><\/a><\/p>\n<p>\t<a href=\"http:\/\/www.lyonpoleimmo.com\/2025\/04\/29\/90696\/confluence-lilot-e4-nord-attribue-au-groupement-porte-par-vinci\/\" rel=\"bookmark noopener\" title=\"Lien Permanent vers Confluence\u00a0: l\u2019\u00eelot E4 Nord attribu\u00e9 au groupement port\u00e9 par Vinci\" target=\"_blank\">Confluence\u00a0: l\u2019\u00eelot E4 Nord attribu\u00e9 au groupement port\u00e9 par Vinci<\/a><\/p>\n<p>\t<a href=\"http:\/\/www.lyonpoleimmo.com\/2025\/04\/29\/90696\/confluence-lilot-e4-nord-attribue-au-groupement-porte-par-vinci\/\" rel=\"bookmark noopener\" title=\"Lien Permanent vers Confluence\u00a0: l\u2019\u00eelot E4 Nord attribu\u00e9 au groupement port\u00e9 par Vinci\" target=\"_blank\"><\/p>\n<p><img decoding=\"async\" src=\"https:\/\/www.europesays.com\/fr\/wp-content\/uploads\/2025\/05\/IlotE4Nord2.jpg\" \/>Vinci Immobilier, Lipsky+Rollet AE et Tectoniques ont \u00e9t\u00e9 d\u00e9sign\u00e9s laur\u00e9ats pour la r\u00e9alisation de cet \u00eelot qui comprendra un gymnase municipal omnisport avec une salle d\u2019escalade, une r\u00e9sidence \u00e9tudiante sociale, des logements, des bureaux et des commerces.<\/p>\n<p><\/a><\/p>\n<p>\t<a href=\"http:\/\/www.lyonpoleimmo.com\/2025\/04\/22\/90625\/lamenagement-de-la-zac-saint-jean-a-villeurbanne-confiee-a-la-spl-mlac\/\" rel=\"bookmark noopener\" title=\"Lien Permanent vers L\u2019am\u00e9nagement de la ZAC Saint-Jean \u00e0 Villeurbanne confi\u00e9e \u00e0 la SPL MLAC\" target=\"_blank\">L\u2019am\u00e9nagement de la ZAC Saint-Jean \u00e0 Villeurbanne confi\u00e9e \u00e0 la SPL MLAC<\/a><\/p>\n<p>\t<a href=\"http:\/\/www.lyonpoleimmo.com\/2025\/04\/22\/90625\/lamenagement-de-la-zac-saint-jean-a-villeurbanne-confiee-a-la-spl-mlac\/\" rel=\"bookmark noopener\" title=\"Lien Permanent vers L\u2019am\u00e9nagement de la ZAC Saint-Jean \u00e0 Villeurbanne confi\u00e9e \u00e0 la SPL MLAC\" target=\"_blank\"><\/p>\n<p>La M\u00e9tropole de Lyon a indiqu\u00e9 avoir confi\u00e9 \u00e0 la soci\u00e9t\u00e9 publique locale membre du groupe SERL la mission d\u2019am\u00e9nagement de ce quartier inscrit au NPNRU.<\/p>\n<p><\/a><\/p>\n<p>\t<a href=\"http:\/\/www.lyonpoleimmo.com\/2025\/04\/13\/90456\/la-place-basse-beraudier-a-ete-inauguree\/\" rel=\"bookmark noopener\" title=\"Lien Permanent vers La place basse B\u00e9raudier a \u00e9t\u00e9 inaugur\u00e9e\" target=\"_blank\">La place basse B\u00e9raudier a \u00e9t\u00e9 inaugur\u00e9e<\/a><\/p>\n<p>\t<a href=\"http:\/\/www.lyonpoleimmo.com\/2025\/04\/13\/90456\/la-place-basse-beraudier-a-ete-inauguree\/\" rel=\"bookmark noopener\" title=\"Lien Permanent vers La place basse B\u00e9raudier a \u00e9t\u00e9 inaugur\u00e9e\" target=\"_blank\"><\/p>\n<p><img decoding=\"async\" src=\"https:\/\/www.europesays.com\/fr\/wp-content\/uploads\/2025\/04\/Inauguration-placebasse-Beraudier.jpg\" alt=\"null\" \/>Depuis ce vendredi, les utilisateurs du m\u00e9tro peuvent rallier directement cette place basse B\u00e9raudier, laquelle permet d\u2019arriver directement via des escalators \u00e0 l\u2019entr\u00e9e de la gare.<\/p>\n<p><\/a><\/p>\n<p>\t<a href=\"http:\/\/www.lyonpoleimmo.com\/2025\/04\/11\/90418\/rillieux-la-pape-monin-mecanique-va-simplanter-sur-osterode\/\" rel=\"bookmark noopener\" title=\"Lien Permanent vers Rillieux-la-Pape : Monin M\u00e9canique va s\u2019implanter sur Ost\u00e9rode\" target=\"_blank\">Rillieux-la-Pape : Monin M\u00e9canique va s\u2019implanter sur Ost\u00e9rode<\/a><\/p>\n<p>\t<a href=\"http:\/\/www.lyonpoleimmo.com\/2025\/04\/11\/90418\/rillieux-la-pape-monin-mecanique-va-simplanter-sur-osterode\/\" rel=\"bookmark noopener\" title=\"Lien Permanent vers Rillieux-la-Pape : Monin M\u00e9canique va s\u2019implanter sur Ost\u00e9rode\" target=\"_blank\"><\/p>\n<p>Un lancement des travaux en vue de l\u2019implantation de l\u2019entreprise \u00e9tait organis\u00e9 ce mardi, en pr\u00e9sence d\u2019\u00e9lus et du dirigeant de l\u2019entreprise de m\u00e9canique.<\/p>\n<p><\/a><\/p>\n<p>\t<a href=\"http:\/\/www.lyonpoleimmo.com\/2025\/04\/10\/90410\/1ere-pierre-au-sein-du-nouveau-quartier-de-la-filature-a-villeurbanne\/\" rel=\"bookmark noopener\" title=\"Lien Permanent vers Pose de la 1\u00e8re pierre d\u2019Aurea, au sein du nouveau quartier de la Filature \u00e0 Villeurbanne\" target=\"_blank\">Pose de la 1\u00e8re pierre d\u2019Aurea, au sein du nouveau quartier de la Filature \u00e0 Villeurbanne<\/a><\/p>\n<p>\t<a href=\"http:\/\/www.lyonpoleimmo.com\/2025\/04\/10\/90410\/1ere-pierre-au-sein-du-nouveau-quartier-de-la-filature-a-villeurbanne\/\" rel=\"bookmark noopener\" title=\"Lien Permanent vers Pose de la 1\u00e8re pierre d\u2019Aurea, au sein du nouveau quartier de la Filature \u00e0 Villeurbanne\" target=\"_blank\"><\/p>\n<p><img decoding=\"async\" src=\"https:\/\/www.europesays.com\/fr\/wp-content\/uploads\/2025\/04\/Premiere-pierre-ACI-Aurea.jpg\" \/>BNP Paribas Real Estate, Ginkgo et CDC Habitat Auvergne-Rh\u00f4ne-Alpes ont pos\u00e9 mardi la premi\u00e8re pierre de la r\u00e9sidence Aurea, la premi\u00e8re \u00e9difi\u00e9e sur l\u2019ex-friche ACI.<\/p>\n<p><\/a><\/p>\n<p>\t<a href=\"http:\/\/www.lyonpoleimmo.com\/2025\/04\/09\/90379\/givors-reamenagement-despaces-publics-du-quartier-des-vernes\/\" rel=\"bookmark noopener\" title=\"Lien Permanent vers Givors : r\u00e9am\u00e9nagement d\u2019espaces publics du quartier des Vernes\" target=\"_blank\">Givors : r\u00e9am\u00e9nagement d\u2019espaces publics du quartier des Vernes<\/a><\/p>\n<p>\t<a href=\"http:\/\/www.lyonpoleimmo.com\/2025\/04\/09\/90379\/givors-reamenagement-despaces-publics-du-quartier-des-vernes\/\" rel=\"bookmark noopener\" title=\"Lien Permanent vers Givors : r\u00e9am\u00e9nagement d\u2019espaces publics du quartier des Vernes\" target=\"_blank\"><\/p>\n<p><img loading=\"lazy\" decoding=\"async\" width=\"487\" height=\"291\" class=\"wp-image-90382\" src=\"https:\/\/www.europesays.com\/fr\/wp-content\/uploads\/2025\/04\/Givors-Vernes-place-de-Gaulle.jpg\" alt=\"\" \/><br \/>La M\u00e9tropole de Lyon engage 2,4 millions d\u2019euros pour le r\u00e9am\u00e9nagement du c\u0153ur de quartier des Vernes, dans le cadre du projet de renouvellement urbain. Le secteur va changer de visage.<\/p>\n<p><\/a><\/p>\n<p>\t<a href=\"http:\/\/www.lyonpoleimmo.com\/2025\/04\/07\/90336\/inauguration-de-la-grande-rue-de-la-guillotiere\/\" rel=\"bookmark noopener\" title=\"Lien Permanent vers Inauguration de la grande rue de la Guilloti\u00e8re\" target=\"_blank\">Inauguration de la grande rue de la Guilloti\u00e8re<\/a><\/p>\n<p>\t<a href=\"http:\/\/www.lyonpoleimmo.com\/2025\/04\/07\/90336\/inauguration-de-la-grande-rue-de-la-guillotiere\/\" rel=\"bookmark noopener\" title=\"Lien Permanent vers Inauguration de la grande rue de la Guilloti\u00e8re\" target=\"_blank\"><\/p>\n<p><img decoding=\"async\" src=\"https:\/\/www.europesays.com\/fr\/wp-content\/uploads\/2025\/04\/inauguration-grande-rue-guillotiere.jpg\" alt=\"null\" \/>La M\u00e9tropole de Lyon met en avant une \u00abrue apais\u00e9e, confortable et v\u00e9g\u00e9talis\u00e9e\u00bb.<\/p>\n<p><\/a><\/p>\n<p>\t<a href=\"http:\/\/www.lyonpoleimmo.com\/2025\/03\/25\/90126\/rillieux-la-pape-inauguration-de-la-place-du-chateau\/\" rel=\"bookmark noopener\" title=\"Lien Permanent vers Rillieux-la-Pape : inauguration de la Place du Ch\u00e2teau\" target=\"_blank\">Rillieux-la-Pape : inauguration de la Place du Ch\u00e2teau<\/a><\/p>\n<p>\t<a href=\"http:\/\/www.lyonpoleimmo.com\/2025\/03\/25\/90126\/rillieux-la-pape-inauguration-de-la-place-du-chateau\/\" rel=\"bookmark noopener\" title=\"Lien Permanent vers Rillieux-la-Pape : inauguration de la Place du Ch\u00e2teau\" target=\"_blank\"><\/p>\n<p>Cet espace public renouvel\u00e9 est situ\u00e9 dans le quartier de la Roue \u00e0 Rillieux-la-Pape.<\/p>\n<p><\/a><\/p>\n","protected":false},"excerpt":{"rendered":"(SdH\/LPI) La M\u00e9tropole de Lyon et la Ville de Lyon ont fait part vendredi du sc\u00e9nario retenu pour&hellip;\n","protected":false},"author":2,"featured_media":128090,"comment_status":"","ping_status":"","sticky":false,"template":"","format":"standard","meta":{"footnotes":""},"categories":[1889],"tags":[5265,1111,11,2430,1777,674,1011,27,2428,12,25,1352],"class_list":{"0":"post-128089","1":"post","2":"type-post","3":"status-publish","4":"format-standard","5":"has-post-thumbnail","7":"category-lyon","8":"tag-abonnes","9":"tag-actu","10":"tag-actualites","11":"tag-auvergne-rhone-alpes","12":"tag-eu","13":"tag-europe","14":"tag-fr","15":"tag-france","16":"tag-lyon","17":"tag-news","18":"tag-republique-francaise","19":"tag-urbanisme"},"share_on_mastodon":{"url":"https:\/\/pubeurope.com\/@fr\/114571413134623028","error":""},"_links":{"self":[{"href":"https:\/\/www.europesays.com\/fr\/wp-json\/wp\/v2\/posts\/128089","targetHints":{"allow":["GET"]}}],"collection":[{"href":"https:\/\/www.europesays.com\/fr\/wp-json\/wp\/v2\/posts"}],"about":[{"href":"https:\/\/www.europesays.com\/fr\/wp-json\/wp\/v2\/types\/post"}],"author":[{"embeddable":true,"href":"https:\/\/www.europesays.com\/fr\/wp-json\/wp\/v2\/users\/2"}],"replies":[{"embeddable":true,"href":"https:\/\/www.europesays.com\/fr\/wp-json\/wp\/v2\/comments?post=128089"}],"version-history":[{"count":0,"href":"https:\/\/www.europesays.com\/fr\/wp-json\/wp\/v2\/posts\/128089\/revisions"}],"wp:featuredmedia":[{"embeddable":true,"href":"https:\/\/www.europesays.com\/fr\/wp-json\/wp\/v2\/media\/128090"}],"wp:attachment":[{"href":"https:\/\/www.europesays.com\/fr\/wp-json\/wp\/v2\/media?parent=128089"}],"wp:term":[{"taxonomy":"category","embeddable":true,"href":"https:\/\/www.europesays.com\/fr\/wp-json\/wp\/v2\/categories?post=128089"},{"taxonomy":"post_tag","embeddable":true,"href":"https:\/\/www.europesays.com\/fr\/wp-json\/wp\/v2\/tags?post=128089"}],"curies":[{"name":"wp","href":"https:\/\/api.w.org\/{rel}","templated":true}]}}