{"id":128091,"date":"2025-05-26T00:56:09","date_gmt":"2025-05-26T00:56:09","guid":{"rendered":"https:\/\/www.europesays.com\/fr\/128091\/"},"modified":"2025-05-26T00:56:09","modified_gmt":"2025-05-26T00:56:09","slug":"un-homme-poignarde-dans-la-station-de-metro-guillotiere","status":"publish","type":"post","link":"https:\/\/www.europesays.com\/fr\/128091\/","title":{"rendered":"un homme poignard\u00e9 dans la station de m\u00e9tro Guilloti\u00e8re"},"content":{"rendered":"<p itemprop=\"description\"><strong>Les faits se sont produits au sein de la station de m\u00e9tro Guilloti\u00e8re Gabriel-P\u00e9ri.<\/strong><\/p>\n<p>Dans la nuit de samedi \u00e0 dimanche, un homme bless\u00e9 a \u00e9t\u00e9 retrouv\u00e9 sur la passerelle au-dessus des voies.<\/p>\n<p>La victime avait \u00e9t\u00e9 poignard\u00e9e au thorax, le couteau ayant servi \u00e0 l&rsquo;agresser a d&rsquo;ailleurs \u00e9t\u00e9 d\u00e9couvert sur place.<\/p>\n<p>Hospitalis\u00e9e dans un \u00e9tat grave, elle n&rsquo;a toujours pas \u00e9t\u00e9 identifi\u00e9e selon le Progr\u00e8s.<\/p>\n<p>Une enqu\u00eate a \u00e9t\u00e9 ouverte pour comprendre les circonstances de cette attaque, et tenter d&rsquo;identifier le ou les auteurs. La vid\u00e9osurveillance de la station de m\u00e9tro lyonnaise est notamment en cours d&rsquo;exploitation.<\/p>\n<p>Ce n&rsquo;est pas la premi\u00e8re fois cette ann\u00e9e qu&rsquo;une agression \u00e0 l&rsquo;arme blanche se produit dans le m\u00e9tro \u00e0 la Guilloti\u00e8re. Le 26 janvier dernier, <a href=\"https:\/\/www.lyonmag.com\/article\/141932\/lyon-le-suspect-de-l-agression-au-couteau-dans-le-metro-guillotiere-place-en-detention-provisoire\" target=\"_blank\" rel=\"noopener\">un individu bouscul\u00e9 avait fait demi-tour avant de brusquement poignarder le badaud dans la nuque<\/a>.<\/p>\n","protected":false},"excerpt":{"rendered":"Les faits se sont produits au sein de la station de m\u00e9tro Guilloti\u00e8re Gabriel-P\u00e9ri. Dans la nuit de&hellip;\n","protected":false},"author":2,"featured_media":128092,"comment_status":"","ping_status":"","sticky":false,"template":"","format":"standard","meta":{"footnotes":""},"categories":[1889],"tags":[1111,11,2813,2190,2430,1109,251,1112,2811,1777,674,118,1011,27,1922,1110,1114,2428,2810,12,241,316,25,2812,517,800],"class_list":{"0":"post-128091","1":"post","2":"type-post","3":"status-publish","4":"format-standard","5":"has-post-thumbnail","7":"category-lyon","8":"tag-actu","9":"tag-actualites","10":"tag-article","11":"tag-asvel","12":"tag-auvergne-rhone-alpes","13":"tag-breves","14":"tag-culture","15":"tag-depeches","16":"tag-economique","17":"tag-eu","18":"tag-europe","19":"tag-faits-divers","20":"tag-fr","21":"tag-france","22":"tag-info","23":"tag-informations","24":"tag-infos","25":"tag-lyon","26":"tag-lyonmag","27":"tag-news","28":"tag-ol","29":"tag-politique","30":"tag-republique-francaise","31":"tag-sociale","32":"tag-sport","33":"tag-transports"},"share_on_mastodon":{"url":"","error":""},"_links":{"self":[{"href":"https:\/\/www.europesays.com\/fr\/wp-json\/wp\/v2\/posts\/128091","targetHints":{"allow":["GET"]}}],"collection":[{"href":"https:\/\/www.europesays.com\/fr\/wp-json\/wp\/v2\/posts"}],"about":[{"href":"https:\/\/www.europesays.com\/fr\/wp-json\/wp\/v2\/types\/post"}],"author":[{"embeddable":true,"href":"https:\/\/www.europesays.com\/fr\/wp-json\/wp\/v2\/users\/2"}],"replies":[{"embeddable":true,"href":"https:\/\/www.europesays.com\/fr\/wp-json\/wp\/v2\/comments?post=128091"}],"version-history":[{"count":0,"href":"https:\/\/www.europesays.com\/fr\/wp-json\/wp\/v2\/posts\/128091\/revisions"}],"wp:featuredmedia":[{"embeddable":true,"href":"https:\/\/www.europesays.com\/fr\/wp-json\/wp\/v2\/media\/128092"}],"wp:attachment":[{"href":"https:\/\/www.europesays.com\/fr\/wp-json\/wp\/v2\/media?parent=128091"}],"wp:term":[{"taxonomy":"category","embeddable":true,"href":"https:\/\/www.europesays.com\/fr\/wp-json\/wp\/v2\/categories?post=128091"},{"taxonomy":"post_tag","embeddable":true,"href":"https:\/\/www.europesays.com\/fr\/wp-json\/wp\/v2\/tags?post=128091"}],"curies":[{"name":"wp","href":"https:\/\/api.w.org\/{rel}","templated":true}]}}