{"id":128093,"date":"2025-05-26T00:59:13","date_gmt":"2025-05-26T00:59:13","guid":{"rendered":"https:\/\/www.europesays.com\/fr\/128093\/"},"modified":"2025-05-26T00:59:13","modified_gmt":"2025-05-26T00:59:13","slug":"taxis-de-nouvelles-actions-prevues-partout-en-france-ce-lundi","status":"publish","type":"post","link":"https:\/\/www.europesays.com\/fr\/128093\/","title":{"rendered":"Taxis : de nouvelles actions pr\u00e9vues partout en France ce lundi"},"content":{"rendered":"<p>Les repr\u00e9sentants des chauffeurs taxis ont \u00e9t\u00e9 re\u00e7us samedi par le Premier ministre, avec lequel ils ont convenu de revoir le projet de r\u00e9forme de la tarification des transports de patients.Malgr\u00e9 tout, ils ont pr\u00e9vu de mener plusieurs actions partout en France ce lundi pour \u00ab\u00a0maintenir la pression\u00a0\u00bb sur le gouvernement.Des perturbations sont attendues, notamment \u00e0 Paris et \u00e0 Marseille.<\/p>\n<p data-module=\"article-paragraph\" class=\"jsx-362436225 Paragraph Paragraph__End\">Leur <a href=\"https:\/\/www.tf1info.fr\/transports\/transport-de-malades-francois-bayrou-et-les-representants-de-taxi-s-entendent-pour-retravailler-le-projet-de-reforme-des-mardi-27-juin-2025-2372867.html\" target=\"_blank\" rel=\"noopener\">r\u00e9union avec Fran\u00e7ois Bayrou s&rsquo;est bien pass\u00e9e<\/a>, mais ils n&rsquo;excluaient pas de nouvelles actions. Les chauffeurs de taxis ont d\u00e9cid\u00e9 de prolonger leur mobilisation en attendant mardi, date du d\u00e9but du r\u00e9examen du projet de r\u00e9forme de la tarification des transports de patients annonc\u00e9 par le Premier ministre.<\/p>\n<p data-module=\"article-paragraph\" class=\"jsx-362436225 Paragraph Paragraph__End\">Ce lundi 26 mai, les chauffeurs parisiens sont, par exemple, appel\u00e9s \u00e0 rejoindre les a\u00e9roports parisiens d\u00e8s 6 heures du matin, o\u00f9 ils risquent de perturber le trafic et donc l&rsquo;acc\u00e8s \u00e0 Roissy et Orly. Ce dimanche, la pr\u00e9fecture des Bouches-du-Rh\u00f4ne indique aussi dans un communiqu\u00e9 que \u00ab\u00a0des perturbations sont attendues d\u00e8s 7h30\u00a0\u00bb, sur l&rsquo;avenue du Prado et la place Castellane, autour de la gare Saint-Charles ou de l&rsquo;a\u00e9roport Marseille-Provence. Dans le d\u00e9partement, les taxis visent aussi la gare TGV d&rsquo;Aix-en-Provence. Ailleurs, une nouvelle op\u00e9ration escargots est pr\u00e9vue d\u00e8s 6 heures du matin sur l&rsquo;autoroute A31, entre Metz et Thionville (Moselle).\u00a0<\/p>\n<p>D\u00e9j\u00e0 une semaine de mobilisation<\/p>\n<p data-module=\"article-paragraph\" class=\"jsx-362436225 Paragraph Paragraph__End\">Samedi, \u00e0 l&rsquo;issue d&rsquo;une rencontre avec les repr\u00e9sentants des chauffeurs, Fran\u00e7ois Bayrou a annonc\u00e9 le r\u00e9examen \u00e0 partir de mardi de la convention qui pr\u00e9voit une unification des tarifs pour le transport des malades, ainsi qu&rsquo;un <a href=\"https:\/\/www.tf1info.fr\/transports\/ils-viennent-de-paris-ils-viennent-de-nice-les-taxis-de-moutiers-en-colere-contre-la-concurrence-des-vtc-2355514.html\" target=\"_blank\" rel=\"noopener\">travail sur le respect des r\u00e8gles par les plateformes de VTC<\/a>, deux revendications majeures des taxis. Mais d\u00e8s samedi soir, certains, notamment parmi les taxis ind\u00e9pendants, avaient indiqu\u00e9 leur intention de rester dans la rue jusqu&rsquo;\u00e0 lundi, notamment Boulevard Raspail \u00e0 Paris, pr\u00e8s du minist\u00e8re des Transports. \u00ab\u00a0Les f\u00e9d\u00e9rations ont re\u00e7u un v\u00e9ritable accueil du Premier ministre. Il y a des choses qui vont \u00eatre remises sur la table. Mais en attendant, les chauffeurs veulent maintenir la pression et se m\u00e9fient. Ils attendent de voir le suivi des annonces\u00a0\u00bb, avait d\u00e9clar\u00e9 \u00e0 l&rsquo;AFP Dominique Buisson, de la F\u00e9d\u00e9ration nationale du taxi (FNDT).<\/p>\n<ul class=\"jsx-3657663356 ReadMoreArticle__List flex flex-column\">\n<li class=\"jsx-3657663356\"><a href=\"https:\/\/www.tf1info.fr\/transports\/paris-marseille-lyon-bordeaux-pourquoi-les-taxis-manifestent-dans-les-grandes-villes-francaises-ce-lundi-2371678.html\" rel=\"noopener\" class=\"jsx-4233824444 Link flex\" target=\"_blank\"><img decoding=\"async\" src=\"https:\/\/www.europesays.com\/fr\/wp-content\/uploads\/2025\/05\/taxis-en-colere-a-paris-72341c-0@1x.jpeg\" alt=\"Taxis en col\u00e8re \u00e0 Paris.\" loading=\"lazy\" importance=\"low\" fetchpriority=\"low\" class=\"\"\/>\n<p class=\"jsx-3657663356 ReadMoreArticle__Title\">Lire aussi<\/p>\n<p class=\"jsx-3657663356\">Pourquoi les taxis manifestent dans les grandes villes fran\u00e7aises ce lundi<\/p>\n<p><\/a><\/li>\n<\/ul>\n<p data-module=\"article-paragraph\" class=\"jsx-362436225 Paragraph Paragraph__End\">Les chauffeurs de taxis sont mobilis\u00e9s depuis une semaine contre une convention qui va modifier leur r\u00e9mun\u00e9ration pour le transport de malades. Le nouveau syst\u00e8me entend reposer sur une prise en charge de 13 euros par l&rsquo;Assurance maladie, puis un tarif kilom\u00e9trique unique. Il est con\u00e7u pour dissuader les retours \u00e0 vide ou les temps d&rsquo;attente trop longs. Cette tarification doit entrer en vigueur le 1er octobre. L&rsquo;objectif est de limiter la croissance des d\u00e9penses de transport sanitaire qui ont atteint 6,74 milliards d&rsquo;euros en 2024, dont 3,07 milliards pour les taxis conventionn\u00e9s (un bond de 45% depuis 2019).<\/p>\n<p>J.F. avec AFP<\/p>\n","protected":false},"excerpt":{"rendered":"Les repr\u00e9sentants des chauffeurs taxis ont \u00e9t\u00e9 re\u00e7us samedi par le Premier ministre, avec lequel ils ont convenu&hellip;\n","protected":false},"author":2,"featured_media":128094,"comment_status":"","ping_status":"","sticky":false,"template":"","format":"standard","meta":{"footnotes":""},"categories":[1888],"tags":[1111,1928,11,1927,1921,1777,674,1011,27,431,1922,12,1926,626,1925,25,731,9548,2803,133,8191],"class_list":{"0":"post-128093","1":"post","2":"type-post","3":"status-publish","4":"format-standard","5":"has-post-thumbnail","7":"category-paris","8":"tag-actu","9":"tag-actu-paris","10":"tag-actualites","11":"tag-actualites-paris","12":"tag-article-video","13":"tag-eu","14":"tag-europe","15":"tag-fr","16":"tag-france","17":"tag-francois-bayrou","18":"tag-info","19":"tag-news","20":"tag-news-paris","21":"tag-paris","22":"tag-paris-news","23":"tag-republique-francaise","24":"tag-securite-sociale","25":"tag-taxis","26":"tag-transport","27":"tag-video","28":"tag-video-transports"},"share_on_mastodon":{"url":"https:\/\/pubeurope.com\/@fr\/114571428746508988","error":""},"_links":{"self":[{"href":"https:\/\/www.europesays.com\/fr\/wp-json\/wp\/v2\/posts\/128093","targetHints":{"allow":["GET"]}}],"collection":[{"href":"https:\/\/www.europesays.com\/fr\/wp-json\/wp\/v2\/posts"}],"about":[{"href":"https:\/\/www.europesays.com\/fr\/wp-json\/wp\/v2\/types\/post"}],"author":[{"embeddable":true,"href":"https:\/\/www.europesays.com\/fr\/wp-json\/wp\/v2\/users\/2"}],"replies":[{"embeddable":true,"href":"https:\/\/www.europesays.com\/fr\/wp-json\/wp\/v2\/comments?post=128093"}],"version-history":[{"count":0,"href":"https:\/\/www.europesays.com\/fr\/wp-json\/wp\/v2\/posts\/128093\/revisions"}],"wp:featuredmedia":[{"embeddable":true,"href":"https:\/\/www.europesays.com\/fr\/wp-json\/wp\/v2\/media\/128094"}],"wp:attachment":[{"href":"https:\/\/www.europesays.com\/fr\/wp-json\/wp\/v2\/media?parent=128093"}],"wp:term":[{"taxonomy":"category","embeddable":true,"href":"https:\/\/www.europesays.com\/fr\/wp-json\/wp\/v2\/categories?post=128093"},{"taxonomy":"post_tag","embeddable":true,"href":"https:\/\/www.europesays.com\/fr\/wp-json\/wp\/v2\/tags?post=128093"}],"curies":[{"name":"wp","href":"https:\/\/api.w.org\/{rel}","templated":true}]}}