{"id":128097,"date":"2025-05-26T01:01:10","date_gmt":"2025-05-26T01:01:10","guid":{"rendered":"https:\/\/www.europesays.com\/fr\/128097\/"},"modified":"2025-05-26T01:01:10","modified_gmt":"2025-05-26T01:01:10","slug":"exposition-un-regard-sur-la-nature-par-cruschiform-du-23-mai-au-19-juillet-2025-dans-la-galerie-gallimard-paris-7e","status":"publish","type":"post","link":"https:\/\/www.europesays.com\/fr\/128097\/","title":{"rendered":"Exposition \u00ab\u00a0Un regard sur la nature par Cruschiform\u00a0\u00bb du 23 mai au 19 juillet 2025 dans la Galerie Gallimard (Paris 7e)"},"content":{"rendered":"<p>\u00a0<\/p>\n<p><img loading=\"lazy\" decoding=\"async\" class=\"aligncenter wp-image-74286\" src=\"https:\/\/www.europesays.com\/fr\/wp-content\/uploads\/2025\/05\/Exposition-22Un-regard-sur-la-nature-par-Cruschiform22-du-23-mai-au-19-juillet-2025-dans-la-Galerie-.png\" alt=\"Exposition &quot;Un regard sur la nature par Cruschiform&quot; du 23 mai au 19 juillet 2025 dans la Galerie Gallimard (Paris 7e)\" width=\"800\" height=\"744\"\/><\/p>\n<p><strong>Du 23 mai au 19 juillet 2025, la <a href=\"https:\/\/www.galeriegallimard.com\" target=\"_blank\" rel=\"noopener\">galerie Gallimard<\/a> est heureuse d\u2019accueillir l\u2019oeuvre de l\u2019autrice-illustratrice Cruschiform. \u00c0 cette occasion sont r\u00e9unies une cinquantaine d\u2019illustrations tir\u00e9es de ses deux ouvrages majeurs publi\u00e9s chez Gallimard : Colorama, imagier des nuances de couleurs et L\u2019odyss\u00e9e des graines, ainsi que des illustrations de commandes r\u00e9alis\u00e9es pour de grandes institutions. L\u2019exposition met en lumi\u00e8re le travail men\u00e9 par Cruschiform durant ces douze derni\u00e8res ann\u00e9es autour de la th\u00e9matique de la nature.<\/strong><\/p>\n<p>Du design formel des graines, aux multiples nuances de couleurs qui fa\u00e7onnent notre environnement, sans oublier les lignes architectur\u00e9es des paysages travers\u00e9s par la lumi\u00e8re, formes, couleurs et lumi\u00e8res composent ici un hymne \u00e0 la biodiversit\u00e9. Faisant dialoguer les sciences et l\u2019art, l\u2019artiste nous livre une approche sensible et analytique au travers de dessins tr\u00e8s contemporains.<\/p>\n<p>Le paysage y est trait\u00e9 tour \u00e0 tour comme un \u00e9crin \u00e0 habiter, un d\u00e9cor d\u2019histoires sur les sciences naturelles, ou le support d\u2019un imaginaire f\u00e9cond. Cruschiform nous partage son regard \u00e9merveill\u00e9 \u00e0 l\u2019\u00e9gard du monde v\u00e9g\u00e9tal, rend hommage \u00e0 la richesse du vivant et nous invite \u00e0 l\u2019admirer pour mieux le prot\u00e9ger.<\/p>\n<p>Informations pratiques<\/p>\n<p>Du 23 mai au 19 juillet 2025<br \/>Ouvert du mardi au samedi de 13h \u00e0 19h<br \/>Entr\u00e9e libre<\/p>\n","protected":false},"excerpt":{"rendered":"\u00a0 Du 23 mai au 19 juillet 2025, la galerie Gallimard est heureuse d\u2019accueillir l\u2019oeuvre de l\u2019autrice-illustratrice Cruschiform.&hellip;\n","protected":false},"author":2,"featured_media":128098,"comment_status":"","ping_status":"","sticky":false,"template":"","format":"standard","meta":{"footnotes":""},"categories":[1888],"tags":[11,3734,25172,1777,674,2087,1011,27,25173,2742,12,626,25174,25175,25],"class_list":{"0":"post-128097","1":"post","2":"type-post","3":"status-publish","4":"format-standard","5":"has-post-thumbnail","7":"category-paris","8":"tag-actualites","9":"tag-art","10":"tag-cruschiform","11":"tag-eu","12":"tag-europe","13":"tag-evenement","14":"tag-fr","15":"tag-france","16":"tag-galerie-gallimard","17":"tag-nature","18":"tag-news","19":"tag-paris","20":"tag-paris-7e","21":"tag-paris-7eme","22":"tag-republique-francaise"},"share_on_mastodon":{"url":"https:\/\/pubeurope.com\/@fr\/114571436680222661","error":""},"_links":{"self":[{"href":"https:\/\/www.europesays.com\/fr\/wp-json\/wp\/v2\/posts\/128097","targetHints":{"allow":["GET"]}}],"collection":[{"href":"https:\/\/www.europesays.com\/fr\/wp-json\/wp\/v2\/posts"}],"about":[{"href":"https:\/\/www.europesays.com\/fr\/wp-json\/wp\/v2\/types\/post"}],"author":[{"embeddable":true,"href":"https:\/\/www.europesays.com\/fr\/wp-json\/wp\/v2\/users\/2"}],"replies":[{"embeddable":true,"href":"https:\/\/www.europesays.com\/fr\/wp-json\/wp\/v2\/comments?post=128097"}],"version-history":[{"count":0,"href":"https:\/\/www.europesays.com\/fr\/wp-json\/wp\/v2\/posts\/128097\/revisions"}],"wp:featuredmedia":[{"embeddable":true,"href":"https:\/\/www.europesays.com\/fr\/wp-json\/wp\/v2\/media\/128098"}],"wp:attachment":[{"href":"https:\/\/www.europesays.com\/fr\/wp-json\/wp\/v2\/media?parent=128097"}],"wp:term":[{"taxonomy":"category","embeddable":true,"href":"https:\/\/www.europesays.com\/fr\/wp-json\/wp\/v2\/categories?post=128097"},{"taxonomy":"post_tag","embeddable":true,"href":"https:\/\/www.europesays.com\/fr\/wp-json\/wp\/v2\/tags?post=128097"}],"curies":[{"name":"wp","href":"https:\/\/api.w.org\/{rel}","templated":true}]}}