{"id":128099,"date":"2025-05-26T01:02:10","date_gmt":"2025-05-26T01:02:10","guid":{"rendered":"https:\/\/www.europesays.com\/fr\/128099\/"},"modified":"2025-05-26T01:02:10","modified_gmt":"2025-05-26T01:02:10","slug":"previsions-du-lundi-26-mai-2025-5","status":"publish","type":"post","link":"https:\/\/www.europesays.com\/fr\/128099\/","title":{"rendered":"pr\u00e9visions du lundi 26 mai 2025"},"content":{"rendered":"<p>Aujourd&rsquo;hui, \u00e0 Paris, des nuages ne voudront pas faire place au soleil. Du mauvais temps est \u00e0 pr\u00e9voir. Des pluies \u00e9parses vont tomber. Les valeurs tourneront autour des 14\u00b0C. Un vent de sud-ouest rafra\u00eechira sensiblement l&rsquo;atmosph\u00e8re. Le matin, on pr\u00e9voit des temp\u00e9ratures avoisinant 15\u00b0C. L&rsquo;apr\u00e8s-midi, toujours des nuages dans le ciel qui emp\u00eachent le soleil de faire son apparition. Les valeurs seront comprises entre 17 et 18\u00b0C. La soir\u00e9e va rester couverte \u00e0 cause de nuages qui se maintiennent dans le ciel. Des pluies \u00e9parses vont tomber sur la ville. Pendant votre sommeil, dans la nuit de lundi \u00e0 mardi, le ciel sera clair.<\/p>\n<p>Les nuages seront pr\u00e9sents demain \u00e0 Paris. La m\u00e9t\u00e9o va se r\u00e9chauffer avec une hausse de quelques degr\u00e9s. Les temp\u00e9ratures afficheront entre 11 et 19\u00b0C. Un modeste vent de sud-ouest sera ressenti par les habitants. Il va faire environ 15\u00b0C, le matin. On observera la pr\u00e9sence persistante de nuages demain apr\u00e8s-midi. Intemp\u00e9ries : on pr\u00e9voit des pluies \u00e9parses. En revanche, c&rsquo;est une hausse de quelques degr\u00e9s que vont conna\u00eetre les temp\u00e9ratures. Les valeurs s&rsquo;\u00e9chelonneront entre 18 et 19\u00b0C. Le ciel sera relativement lumineux, avec quelques \u00e9claircies demain soir. Le thermom\u00e8tre affichera 18\u00b0C en moyenne.<\/p>\n<p>La m\u00e9t\u00e9o des jours suivants va changer progressivement. Les conditions m\u00e9t\u00e9orologiques persisteront mercredi mais une am\u00e9lioration s&rsquo;ensuivra jeudi.<\/p>\n<p><\/p>\n","protected":false},"excerpt":{"rendered":"Aujourd&rsquo;hui, \u00e0 Paris, des nuages ne voudront pas faire place au soleil. Du mauvais temps est \u00e0 pr\u00e9voir.&hellip;\n","protected":false},"author":2,"featured_media":128100,"comment_status":"","ping_status":"","sticky":false,"template":"","format":"standard","meta":{"footnotes":""},"categories":[1888],"tags":[11,1777,674,1011,27,662,12,626,2119,25],"class_list":{"0":"post-128099","1":"post","2":"type-post","3":"status-publish","4":"format-standard","5":"has-post-thumbnail","7":"category-paris","8":"tag-actualites","9":"tag-eu","10":"tag-europe","11":"tag-fr","12":"tag-france","13":"tag-ile-de-france","14":"tag-news","15":"tag-paris","16":"tag-previsions-meteo","17":"tag-republique-francaise"},"share_on_mastodon":{"url":"https:\/\/pubeurope.com\/@fr\/114571440487304999","error":""},"_links":{"self":[{"href":"https:\/\/www.europesays.com\/fr\/wp-json\/wp\/v2\/posts\/128099","targetHints":{"allow":["GET"]}}],"collection":[{"href":"https:\/\/www.europesays.com\/fr\/wp-json\/wp\/v2\/posts"}],"about":[{"href":"https:\/\/www.europesays.com\/fr\/wp-json\/wp\/v2\/types\/post"}],"author":[{"embeddable":true,"href":"https:\/\/www.europesays.com\/fr\/wp-json\/wp\/v2\/users\/2"}],"replies":[{"embeddable":true,"href":"https:\/\/www.europesays.com\/fr\/wp-json\/wp\/v2\/comments?post=128099"}],"version-history":[{"count":0,"href":"https:\/\/www.europesays.com\/fr\/wp-json\/wp\/v2\/posts\/128099\/revisions"}],"wp:featuredmedia":[{"embeddable":true,"href":"https:\/\/www.europesays.com\/fr\/wp-json\/wp\/v2\/media\/128100"}],"wp:attachment":[{"href":"https:\/\/www.europesays.com\/fr\/wp-json\/wp\/v2\/media?parent=128099"}],"wp:term":[{"taxonomy":"category","embeddable":true,"href":"https:\/\/www.europesays.com\/fr\/wp-json\/wp\/v2\/categories?post=128099"},{"taxonomy":"post_tag","embeddable":true,"href":"https:\/\/www.europesays.com\/fr\/wp-json\/wp\/v2\/tags?post=128099"}],"curies":[{"name":"wp","href":"https:\/\/api.w.org\/{rel}","templated":true}]}}