{"id":128103,"date":"2025-05-26T01:04:09","date_gmt":"2025-05-26T01:04:09","guid":{"rendered":"https:\/\/www.europesays.com\/fr\/128103\/"},"modified":"2025-05-26T01:04:09","modified_gmt":"2025-05-26T01:04:09","slug":"une-nouvelle-attaque-fait-au-moins-13-morts-trump-insatisfait-de-ce-que-fait-poutine","status":"publish","type":"post","link":"https:\/\/www.europesays.com\/fr\/128103\/","title":{"rendered":"une nouvelle attaque fait au moins 13 morts, Trump \u00abinsatisfait de ce que fait Poutine\u00bb"},"content":{"rendered":"<p>Le pays a subi dimanche une attaque combin\u00e9e de 367 projectiles, dont 69 missiles et 298 drones, apr\u00e8s d\u2019autres frappes massives la nuit pr\u00e9c\u00e9dente.<\/p>\n<p class=\"fig-paragraph\">L&rsquo;<a href=\"http:\/\/www.lefigaro.fr\/international\/dossier\/guerre-en-ukraine-les-reportages-du-figaro\" data-fig-type=\"Topic\" data-gtm-custom-categorie=\"navigation\" data-gtm-custom-action=\"crossclick\" data-gtm-custom-label=\"Contextuel\" data-gtm-event=\"customEventSPE\" data-fig-domain=\"LEFIGARO\" target=\"_blank\" rel=\"noopener\">Ukraine<\/a>\u00a0a subi une nouvelle attaque a\u00e9rienne massive dimanche qui a fait au moins 13 morts, quelques heures avant un dernier \u00e9change de prisonniers qui s&rsquo;est tenu entre la\u00a0<a href=\"http:\/\/www.lefigaro.fr\/international\/dossier\/voyage-a-travers-toutes-les-russies\" data-fig-type=\"Topic\" data-gtm-custom-categorie=\"navigation\" data-gtm-custom-action=\"crossclick\" data-gtm-custom-label=\"Contextuel\" data-gtm-event=\"customEventSPE\" data-fig-domain=\"LEFIGARO\" target=\"_blank\" rel=\"noopener\">Russie<\/a>\u00a0et l&rsquo;Ukraine. Selon l&rsquo;arm\u00e9e de l&rsquo;air ukrainienne, le pays a subi dimanche \u00e0 l&rsquo;aube une attaque combin\u00e9e de 367 projectiles, dont 69 missiles et 298 drones, apr\u00e8s d&rsquo;autres frappes massives la nuit pr\u00e9c\u00e9dente.<\/p>\n<p class=\"fig-paragraph\">L&rsquo;arm\u00e9e ukrainienne a dit avoir abattu 45 de ces missiles, ainsi que 266 drones. \u00abDes attaques a\u00e9riennes ennemies ont \u00e9t\u00e9 signal\u00e9es dans 22 endroits, et des chutes de d\u00e9bris de missiles et de drones abattus dans 15 endroits\u00bb, a-t-elle pr\u00e9cis\u00e9. Dans la nuit de vendredi \u00e0 samedi, quelque 250 drones et 14 missiles balistiques avaient \u00e9t\u00e9 d\u00e9tect\u00e9s, ciblant en majorit\u00e9 la capitale.<\/p>\n<p class=\"fig-paragraph\">\u00abSans pression vraiment forte sur les dirigeants russes, cette brutalit\u00e9 ne peut \u00eatre stopp\u00e9e. Les sanctions aideront certainement\u00bb, a r\u00e9agi dimanche le pr\u00e9sident ukrainien Volodymyr Zelensky, appelant \u00e0 cibler \u00ables faiblesses de l&rsquo;\u00e9conomie russe\u00bb. Il a demand\u00e9 aux \u00c9tats-Unis, aux pays europ\u00e9ens et \u00abtous ceux cherchant la paix\u00bb \u00e0 faire preuve de \u00abd\u00e9termination\u00bb pour pousser son homologue russe Vladimir Poutine \u00e0 \u00abterminer la guerre\u00bb.<\/p>\n<p>\u00abJe ne suis pas satisfait de ce que fait Poutine\u00bb<\/p>\n<p class=\"fig-paragraph\">M. Poutine \u00abbafoue les droits humains, c&rsquo;est un affront, y compris envers le pr\u00e9sident am\u00e9ricain Donald Trump, qui a tant fait pour amener Poutine \u00e0 la table des n\u00e9gociations\u00bb, a d\u00e9nonc\u00e9 le ministre allemand des Affaires \u00e9trang\u00e8res Johann Wadephul sur la cha\u00eene publique ARD.<\/p>\n<p class=\"fig-paragraph\">Depuis mi-f\u00e9vrier, l&rsquo;administration am\u00e9ricaine de Donald Trump multiplie les appels \u00e0 un cessez-le-feu et s&rsquo;est rapproch\u00e9e pour cela de Moscou, sans r\u00e9sultat probant pour l&rsquo;heure. \u00abJe ne suis pas satisfait de ce que fait Poutine. Il tue beaucoup de gens\u00bb, a r\u00e9agi Donald Trump dimanche soir. \u00abIl envoie des roquettes sur des villes et tue des gens, et je n&rsquo;aime pas \u00e7a du tout. Nous sommes en pleine discussion et il envoie des roquettes sur Kiev et d&rsquo;autres villes.\u00bb<\/p>\n<p class=\"fig-paragraph\">Ces bombardements sont intervenus peu avant la tenue de la troisi\u00e8me et derni\u00e8re \u00e9tape d&rsquo;un vaste \u00e9change de prisonniers au format 1.000 pour 1.000, seul r\u00e9sultat tangible des pourparlers directs entre Russes et Ukrainiens mi-mai \u00e0 Istanbul.<\/p>\n<p class=\"fig-paragraph\">Kiev et Moscou ont annonc\u00e9 dimanche que 303 prisonniers de guerre de chaque camp avaient \u00e9t\u00e9 \u00e9chang\u00e9s. L&rsquo;\u00e9change de prisonniers et de corps de militaires tu\u00e9s au combat est l&rsquo;un des derniers domaines de coop\u00e9ration entre les deux pays, alors que la Russie occupe environ 20% du territoire ukrainien. La diplomatie russe avait indiqu\u00e9 vendredi que Moscou travaillait sur un document exposant \u00ables conditions d&rsquo;un accord durable\u00bb pour r\u00e9gler le conflit, qui sera transmis \u00e0 Kiev une fois l&rsquo;\u00e9change de prisonniers finalis\u00e9.<\/p>\n","protected":false},"excerpt":{"rendered":"Le pays a subi dimanche une attaque combin\u00e9e de 367 projectiles, dont 69 missiles et 298 drones, apr\u00e8s&hellip;\n","protected":false},"author":2,"featured_media":128104,"comment_status":"","ping_status":"","sticky":false,"template":"","format":"standard","meta":{"footnotes":""},"categories":[1590],"tags":[259,11,260,2024,1777,674,131,14,261,12,262,132,220],"class_list":{"0":"post-128103","1":"post","2":"type-post","3":"status-publish","4":"format-standard","5":"has-post-thumbnail","7":"category-ukraine","8":"tag-actualite-internationale","9":"tag-actualites","10":"tag-affaires-etrangeres","11":"tag-drones","12":"tag-eu","13":"tag-europe","14":"tag-guerre-en-ukraine","15":"tag-international","16":"tag-ministere-des-affaires-etrangeres","17":"tag-news","18":"tag-politique-etrangere","19":"tag-russie","20":"tag-ukraine"},"share_on_mastodon":{"url":"https:\/\/pubeurope.com\/@fr\/114571449707785039","error":""},"_links":{"self":[{"href":"https:\/\/www.europesays.com\/fr\/wp-json\/wp\/v2\/posts\/128103","targetHints":{"allow":["GET"]}}],"collection":[{"href":"https:\/\/www.europesays.com\/fr\/wp-json\/wp\/v2\/posts"}],"about":[{"href":"https:\/\/www.europesays.com\/fr\/wp-json\/wp\/v2\/types\/post"}],"author":[{"embeddable":true,"href":"https:\/\/www.europesays.com\/fr\/wp-json\/wp\/v2\/users\/2"}],"replies":[{"embeddable":true,"href":"https:\/\/www.europesays.com\/fr\/wp-json\/wp\/v2\/comments?post=128103"}],"version-history":[{"count":0,"href":"https:\/\/www.europesays.com\/fr\/wp-json\/wp\/v2\/posts\/128103\/revisions"}],"wp:featuredmedia":[{"embeddable":true,"href":"https:\/\/www.europesays.com\/fr\/wp-json\/wp\/v2\/media\/128104"}],"wp:attachment":[{"href":"https:\/\/www.europesays.com\/fr\/wp-json\/wp\/v2\/media?parent=128103"}],"wp:term":[{"taxonomy":"category","embeddable":true,"href":"https:\/\/www.europesays.com\/fr\/wp-json\/wp\/v2\/categories?post=128103"},{"taxonomy":"post_tag","embeddable":true,"href":"https:\/\/www.europesays.com\/fr\/wp-json\/wp\/v2\/tags?post=128103"}],"curies":[{"name":"wp","href":"https:\/\/api.w.org\/{rel}","templated":true}]}}