{"id":128107,"date":"2025-05-26T01:06:26","date_gmt":"2025-05-26T01:06:26","guid":{"rendered":"https:\/\/www.europesays.com\/fr\/128107\/"},"modified":"2025-05-26T01:06:26","modified_gmt":"2025-05-26T01:06:26","slug":"south-western-railway-devient-le-premier-operateur-renationalise-du-royaume-uni-rts-ch","status":"publish","type":"post","link":"https:\/\/www.europesays.com\/fr\/128107\/","title":{"rendered":"South Western Railway devient le premier op\u00e9rateur renationalis\u00e9 du Royaume-Uni &#8211; rts.ch"},"content":{"rendered":"<p>South Western Railway, compagnie ferroviaire qui op\u00e8re dans le sud-ouest de l&rsquo;Angleterre, est devenue dimanche la premi\u00e8re \u00e0 repasser dans le giron public dans le cadre de la campagne de renationalisation du rail du gouvernement travailliste britannique.<\/p>\n<p>\u00ab\u00a0Nous allons dire adieu \u00e0 30 ans d&rsquo;inefficacit\u00e9, de gaspillage et de frustration des passagers\u00a0\u00bb, a d\u00e9clar\u00e9 la ministre des Transports Heidi Alexander, lors d&rsquo;une visite cette semaine dans un d\u00e9p\u00f4t de trains, dans le sud de l&rsquo;Angleterre. \u00ab\u00a0Nous allons avancer avec confiance vers un nouvel avenir pour les chemins de fer\u00a0\u00bb.<\/p>\n<p><strong class=\"inline-title\">&gt;&gt; Lire aussi\u00a0: <\/strong><a href=\"https:\/\/www.rts.ch\/info\/monde\/2024\/article\/au-royaume-uni-la-re-nationalisation-du-rail-a-ete-validee-par-le-parlement-28702094.html\" data-item-id=\"richtext_link\" target=\"_blank\" rel=\"noopener\">Au Royaume-Uni, la re-nationalisation du rail a \u00e9t\u00e9 valid\u00e9e par le Parlement<\/a><\/p>\n<p>La privatisation des op\u00e9rateurs ferroviaires a eu lieu au milieu des ann\u00e9es 1990 sous le Premier ministre conservateur John Major, dans la continuit\u00e9 de la politique lib\u00e9rale de Margaret Thatcher dans les ann\u00e9es 1980.<\/p>\n<p>Grave d\u00e9raillement<\/p>\n<p>Malgr\u00e9 la promesse d&rsquo;un meilleur service, d&rsquo;investissements accrus et de moindres d\u00e9penses pour l&rsquo;Etat, le projet \u00e9tait alors tr\u00e8s impopulaire, d\u00e9nonc\u00e9 par les syndicats, l&rsquo;opposition, certains conservateurs et une large partie de la population.<\/p>\n<p>Le nombre de passagers s&rsquo;est accru dans un premier temps, tout comme les investissements.<\/p>\n<p>Mais un d\u00e9raillement caus\u00e9 par des micro-fissures dans les rails, qui a fait quatre morts en 2000, a profond\u00e9ment choqu\u00e9 l&rsquo;opinion publique. Les annulations et les retards sont aussi devenus monnaie courante et les passagers se sont plaints des prix.<\/p>\n<p>Le r\u00e9seau ferr\u00e9 est depuis redevenu public, g\u00e9r\u00e9 par la soci\u00e9t\u00e9 Network Rail.<\/p>\n<p>Syndicats soulag\u00e9s<\/p>\n<p>Quatre op\u00e9rateurs sur quatorze en Angleterre sont d\u00e9j\u00e0 repass\u00e9s sous contr\u00f4le public ces derni\u00e8res ann\u00e9es en raison de leurs mauvaises performances. Mais l&rsquo;id\u00e9e \u00e9tait initialement de les g\u00e9rer temporairement avant un retour au secteur priv\u00e9.<\/p>\n<p>La majorit\u00e9 travailliste, au pouvoir depuis juillet, a approuv\u00e9 fin novembre une loi qui impose de nationaliser les op\u00e9rateurs priv\u00e9s \u00e0 l&rsquo;expiration de leurs contrats (voire plus t\u00f4t en cas de mauvaise gestion) pour les regrouper dans un organisme nomm\u00e9 \u00ab\u00a0Great British Railways\u00a0\u00bb.<\/p>\n<p>Le fait d&rsquo;attendre la fin des contrats permet, selon le gouvernement, d&rsquo;\u00e9viter de payer des compensations aux exploitants actuels. Ils expireront tous d&rsquo;ici 2027.<\/p>\n<p>Les syndicats du secteur, qui ont lanc\u00e9 ces derni\u00e8res ann\u00e9es une vague de gr\u00e8ves sous la pression de la crise du pouvoir d&rsquo;achat provoqu\u00e9e par l&rsquo;inflation, ont salu\u00e9 la reprise en main par l&rsquo;Etat.<\/p>\n<p>D&rsquo;autres entreprises suivront<\/p>\n<p>Le gouvernement avait annonc\u00e9 en d\u00e9cembre que la premi\u00e8re compagnie concern\u00e9e serait South Western Railway. Suivront la soci\u00e9t\u00e9 c2c le 20 juillet puis Greater Anglia le 12 octobre.<\/p>\n<p>A partir de dimanche, les op\u00e9rations de South Western Railway seront g\u00e9r\u00e9es par un nouvel op\u00e9rateur public qui aura vocation \u00e0 \u00eatre int\u00e9gr\u00e9 \u00e0 Great British Railways une fois que l&rsquo;entreprise sera cr\u00e9\u00e9e.<\/p>\n<p class=\"sources\">afp\/juma<\/p>\n","protected":false},"excerpt":{"rendered":"South Western Railway, compagnie ferroviaire qui op\u00e8re dans le sud-ouest de l&rsquo;Angleterre, est devenue dimanche la premi\u00e8re \u00e0&hellip;\n","protected":false},"author":2,"featured_media":128108,"comment_status":"","ping_status":"","sticky":false,"template":"","format":"standard","meta":{"footnotes":""},"categories":[1588],"tags":[11,4708,3108,6359,257,25176,16309,1777,674,418,5072,25177,399,74,12,12030,473,1853,25178,6917,800,1851,1850,1852],"class_list":{"0":"post-128107","1":"post","2":"type-post","3":"status-publish","4":"format-standard","5":"has-post-thumbnail","7":"category-royaume-uni","8":"tag-actualites","9":"tag-angleterre","10":"tag-contrat","11":"tag-economie-et-finances","12":"tag-entreprise","13":"tag-entreprise-ferroviaire","14":"tag-etat","15":"tag-eu","16":"tag-europe","17":"tag-gouvernement","18":"tag-grande-bretagne","19":"tag-great-british-railways","20":"tag-investissement","21":"tag-monde","22":"tag-news","23":"tag-passager","24":"tag-royaume-uni","25":"tag-royaume-uni-de-grande-bretagne-et-dirlande-du-nord","26":"tag-south-western-railway","27":"tag-transport-ferroviaire","28":"tag-transports","29":"tag-uk","30":"tag-united-kingdom","31":"tag-united-kingdom-of-great-britain-and-northern-ireland"},"share_on_mastodon":{"url":"https:\/\/pubeurope.com\/@fr\/114571456286760619","error":""},"_links":{"self":[{"href":"https:\/\/www.europesays.com\/fr\/wp-json\/wp\/v2\/posts\/128107","targetHints":{"allow":["GET"]}}],"collection":[{"href":"https:\/\/www.europesays.com\/fr\/wp-json\/wp\/v2\/posts"}],"about":[{"href":"https:\/\/www.europesays.com\/fr\/wp-json\/wp\/v2\/types\/post"}],"author":[{"embeddable":true,"href":"https:\/\/www.europesays.com\/fr\/wp-json\/wp\/v2\/users\/2"}],"replies":[{"embeddable":true,"href":"https:\/\/www.europesays.com\/fr\/wp-json\/wp\/v2\/comments?post=128107"}],"version-history":[{"count":0,"href":"https:\/\/www.europesays.com\/fr\/wp-json\/wp\/v2\/posts\/128107\/revisions"}],"wp:featuredmedia":[{"embeddable":true,"href":"https:\/\/www.europesays.com\/fr\/wp-json\/wp\/v2\/media\/128108"}],"wp:attachment":[{"href":"https:\/\/www.europesays.com\/fr\/wp-json\/wp\/v2\/media?parent=128107"}],"wp:term":[{"taxonomy":"category","embeddable":true,"href":"https:\/\/www.europesays.com\/fr\/wp-json\/wp\/v2\/categories?post=128107"},{"taxonomy":"post_tag","embeddable":true,"href":"https:\/\/www.europesays.com\/fr\/wp-json\/wp\/v2\/tags?post=128107"}],"curies":[{"name":"wp","href":"https:\/\/api.w.org\/{rel}","templated":true}]}}