{"id":12811,"date":"2025-04-09T14:14:09","date_gmt":"2025-04-09T14:14:09","guid":{"rendered":"https:\/\/www.europesays.com\/fr\/12811\/"},"modified":"2025-04-09T14:14:09","modified_gmt":"2025-04-09T14:14:09","slug":"des-lyonnais-testent-une-caisse-de-lalimentation","status":"publish","type":"post","link":"https:\/\/www.europesays.com\/fr\/12811\/","title":{"rendered":"des Lyonnais testent une caisse de l\u2019alimentation"},"content":{"rendered":"<p>\u00ab\u00a0\u00c7a doit faire vingt ans que je ne suis pas retourn\u00e9e dans une grande surface. Je suis tr\u00e8s \u2019\u2019quartier\u2019\u2019. J\u2019ai rejoint cette caisse pour aider les producteurs locaux\u00a0\u00bb, lance Catherine. Cette habitante de Lyon 8e fait partie de la centaine de foyers qui exp\u00e9rimente une caisse de l\u2019alimentation.<\/p>\n<p>150\u00a0euros par mois pour une personne seule<\/p>\n<p>Ils cotisent tous chaque mois une certaine somme en fonction de leur revenu (le minimum est de 1\u00a0euro) et re\u00e7oivent un versement calcul\u00e9 en fonction de la composition de leur foyer\u00a0: 150\u00a0euros pour une personne seule, 75 par personne suppl\u00e9mentaire et 45 pour un enfant de moins de 14 ans.<\/p>\n<p>Ils ne sont pas de simples b\u00e9n\u00e9ficiaires, mais au c\u0153ur du projet. Ils ont eux-m\u00eames d\u00e9cid\u00e9 o\u00f9 ils peuvent d\u00e9penser leur enveloppe afin d\u2019acheter des produits sains et locaux, con\u00e7us dans des conditions respectueuses de l\u2019environnement et \u00e0 des prix&#8230;<\/p>\n","protected":false},"excerpt":{"rendered":"\u00ab\u00a0\u00c7a doit faire vingt ans que je ne suis pas retourn\u00e9e dans une grande surface. Je suis tr\u00e8s&hellip;\n","protected":false},"author":2,"featured_media":12812,"comment_status":"","ping_status":"","sticky":false,"template":"","format":"standard","meta":{"footnotes":""},"categories":[1889],"tags":[1111,11,2430,4406,33,2757,1777,674,1011,27,2428,2756,12,25,2429,4604,3151,104],"class_list":{"0":"post-12811","1":"post","2":"type-post","3":"status-publish","4":"format-standard","5":"has-post-thumbnail","7":"category-lyon","8":"tag-actu","9":"tag-actualites","10":"tag-auvergne-rhone-alpes","11":"tag-commerce-et-services","12":"tag-economie","13":"tag-edition-lyon-villeurbanne","14":"tag-eu","15":"tag-europe","16":"tag-fr","17":"tag-france","18":"tag-lyon","19":"tag-lyon-bassin","20":"tag-news","21":"tag-republique-francaise","22":"tag-rhone","23":"tag-selection-abonne","24":"tag-selection-de-la-redaction-69","25":"tag-societe"},"share_on_mastodon":{"url":"https:\/\/pubeurope.com\/@fr\/114308426188034383","error":""},"_links":{"self":[{"href":"https:\/\/www.europesays.com\/fr\/wp-json\/wp\/v2\/posts\/12811","targetHints":{"allow":["GET"]}}],"collection":[{"href":"https:\/\/www.europesays.com\/fr\/wp-json\/wp\/v2\/posts"}],"about":[{"href":"https:\/\/www.europesays.com\/fr\/wp-json\/wp\/v2\/types\/post"}],"author":[{"embeddable":true,"href":"https:\/\/www.europesays.com\/fr\/wp-json\/wp\/v2\/users\/2"}],"replies":[{"embeddable":true,"href":"https:\/\/www.europesays.com\/fr\/wp-json\/wp\/v2\/comments?post=12811"}],"version-history":[{"count":0,"href":"https:\/\/www.europesays.com\/fr\/wp-json\/wp\/v2\/posts\/12811\/revisions"}],"wp:featuredmedia":[{"embeddable":true,"href":"https:\/\/www.europesays.com\/fr\/wp-json\/wp\/v2\/media\/12812"}],"wp:attachment":[{"href":"https:\/\/www.europesays.com\/fr\/wp-json\/wp\/v2\/media?parent=12811"}],"wp:term":[{"taxonomy":"category","embeddable":true,"href":"https:\/\/www.europesays.com\/fr\/wp-json\/wp\/v2\/categories?post=12811"},{"taxonomy":"post_tag","embeddable":true,"href":"https:\/\/www.europesays.com\/fr\/wp-json\/wp\/v2\/tags?post=12811"}],"curies":[{"name":"wp","href":"https:\/\/api.w.org\/{rel}","templated":true}]}}