{"id":128113,"date":"2025-05-26T01:09:07","date_gmt":"2025-05-26T01:09:07","guid":{"rendered":"https:\/\/www.europesays.com\/fr\/128113\/"},"modified":"2025-05-26T01:09:07","modified_gmt":"2025-05-26T01:09:07","slug":"trump-annonce-quil-reportera-les-droits-de-douane-sur-lunion-europeenne","status":"publish","type":"post","link":"https:\/\/www.europesays.com\/fr\/128113\/","title":{"rendered":"Trump annonce qu&rsquo;il reportera les droits de douane sur l&rsquo;Union europ\u00e9enne"},"content":{"rendered":"<p>Le pr\u00e9sident Donald Trump a annonc\u00e9 dimanche que les \u00c9tats-Unis reporteraient l\u2019application de droits de douane de 50\u00a0% sur les marchandises en provenance de l\u2019Union europ\u00e9enne du 1er\u00a0juin au 9\u00a0juillet afin de gagner du temps pour les n\u00e9gociations avec l\u2019UE.<\/p>\n<p>Cet accord fait suite \u00e0 un appel dimanche avec Ursula von der Leyen, pr\u00e9sidente de la Commission europ\u00e9enne, qui avait d\u00e9clar\u00e9 \u00e0 Donald Trump qu\u2019elle \u00absouhaitait entamer des n\u00e9gociations s\u00e9rieuses\u00bb, selon les d\u00e9clarations du pr\u00e9sident am\u00e9ricain.<\/p>\n<p>\u00abJ\u2019ai dit \u00e0 tous ceux qui voulaient bien m\u2019\u00e9couter qu\u2019ils devaient le faire\u00bb, a affirm\u00e9 Donald Trump aux journalistes dimanche \u00e0 Morristown, dans le New Jersey, alors qu\u2019il s\u2019appr\u00eatait \u00e0 rentrer \u00e0 Washington. Mme\u00a0Von der Leyen s\u2019est engag\u00e9e \u00e0 \u00abse r\u00e9unir rapidement et \u00e0 trouver une solution\u00bb, a ajout\u00e9 Donald Trump.<\/p>\n<p>Vendredi, dans une publication sur les r\u00e9seaux sociaux, Donald Trump avait menac\u00e9 d\u2019imposer un tarif douanier de 50\u00a0% sur les marchandises de l\u2019UE, se plaignant que le bloc des 27\u00a0membres \u00e9tait \u00abtr\u00e8s difficile \u00e0 g\u00e9rer\u00bb sur le plan commercial et que les n\u00e9gociations \u00abn\u2019aboutissaient \u00e0 rien\u00bb. Ces droits de douane auraient d\u00fb entrer en vigueur le 1er\u00a0juin.<\/p>\n<p>Mais l\u2019appel avec Ursula von der Leyen a sembl\u00e9 apaiser les tensions, du moins pour l\u2019instant.<\/p>\n<p>\u00abJ\u2019ai accept\u00e9 la prolongation \u2014 jusqu\u2019au 9\u00a0juillet\u00a02025. Ce fut un privil\u00e8ge pour moi de le faire\u00bb, a expliqu\u00e9 Donald Trump sur Truth Social peu apr\u00e8s son entretien avec les journalistes dimanche soir.<\/p>\n<p>De son c\u00f4t\u00e9, Mme\u00a0von der Leyen a d\u00e9clar\u00e9 que l\u2019UE et les \u00c9tats-Unis \u00abpartagent la relation commerciale la plus importante et la plus \u00e9troite au monde\u00bb.<\/p>\n<p>\u00abL\u2019Europe est pr\u00eate \u00e0 faire avancer les n\u00e9gociations rapidement et r\u00e9solument, a-t-elle dit. Pour parvenir \u00e0 un accord satisfaisant, nous aurions besoin de temps jusqu\u2019au 9\u00a0juillet.\u00bb<\/p>\n","protected":false},"excerpt":{"rendered":"Le pr\u00e9sident Donald Trump a annonc\u00e9 dimanche que les \u00c9tats-Unis reporteraient l\u2019application de droits de douane de 50\u00a0%&hellip;\n","protected":false},"author":2,"featured_media":128114,"comment_status":"","ping_status":"","sticky":false,"template":"","format":"standard","meta":{"footnotes":""},"categories":[1586],"tags":[11,1777,674,1779,1011,27,4574,25179,4575,1854,16175,12,25,1778,364],"class_list":{"0":"post-128113","1":"post","2":"type-post","3":"status-publish","4":"format-standard","5":"has-post-thumbnail","7":"category-europe","8":"tag-actualites","9":"tag-eu","10":"tag-europe","11":"tag-european-union","12":"tag-fr","13":"tag-france","14":"tag-https-lactualite-com-sujet-affaires","15":"tag-https-lactualite-com-sujet-culture-arts","16":"tag-https-lactualite-com-sujet-economie","17":"tag-https-lactualite-com-sujet-international","18":"tag-https-lactualite-com-sujet-science-et-technologie","19":"tag-news","20":"tag-republique-francaise","21":"tag-ue","22":"tag-union-europeenne"},"share_on_mastodon":{"url":"https:\/\/pubeurope.com\/@fr\/114571468029430523","error":""},"_links":{"self":[{"href":"https:\/\/www.europesays.com\/fr\/wp-json\/wp\/v2\/posts\/128113","targetHints":{"allow":["GET"]}}],"collection":[{"href":"https:\/\/www.europesays.com\/fr\/wp-json\/wp\/v2\/posts"}],"about":[{"href":"https:\/\/www.europesays.com\/fr\/wp-json\/wp\/v2\/types\/post"}],"author":[{"embeddable":true,"href":"https:\/\/www.europesays.com\/fr\/wp-json\/wp\/v2\/users\/2"}],"replies":[{"embeddable":true,"href":"https:\/\/www.europesays.com\/fr\/wp-json\/wp\/v2\/comments?post=128113"}],"version-history":[{"count":0,"href":"https:\/\/www.europesays.com\/fr\/wp-json\/wp\/v2\/posts\/128113\/revisions"}],"wp:featuredmedia":[{"embeddable":true,"href":"https:\/\/www.europesays.com\/fr\/wp-json\/wp\/v2\/media\/128114"}],"wp:attachment":[{"href":"https:\/\/www.europesays.com\/fr\/wp-json\/wp\/v2\/media?parent=128113"}],"wp:term":[{"taxonomy":"category","embeddable":true,"href":"https:\/\/www.europesays.com\/fr\/wp-json\/wp\/v2\/categories?post=128113"},{"taxonomy":"post_tag","embeddable":true,"href":"https:\/\/www.europesays.com\/fr\/wp-json\/wp\/v2\/tags?post=128113"}],"curies":[{"name":"wp","href":"https:\/\/api.w.org\/{rel}","templated":true}]}}