{"id":128130,"date":"2025-05-26T01:20:08","date_gmt":"2025-05-26T01:20:08","guid":{"rendered":"https:\/\/www.europesays.com\/fr\/128130\/"},"modified":"2025-05-26T01:20:08","modified_gmt":"2025-05-26T01:20:08","slug":"cyclisme-gp-beiras-et-la-serra","status":"publish","type":"post","link":"https:\/\/www.europesays.com\/fr\/128130\/","title":{"rendered":"Cyclisme. GP Beiras et la Serra"},"content":{"rendered":"<p>Le Fran\u00e7ais <strong><a href=\"https:\/\/www.cyclismactu.net\/..\/news-interview-route-alexis-guerin-quand-on-voit-autant-d-equipes-fermer-85300.html\" target=\"_blank\" rel=\"noopener\">Alexis Gu\u00e9rin<\/a><\/strong> (Anicolor \/ Tien 21) a remport\u00e9 la 7e \u00e9dition du <strong>Grande Pr\u00e9mio Internacional Beiras e Serra da Estrela<\/strong>, qui s&rsquo;est d\u00e9roul\u00e9e du 23 au 25 mai 2025 au Portugal. <strong>Gu\u00e9rin <\/strong>a scell\u00e9 sa victoire lors de la 3e et derni\u00e8re \u00e9tape, en prenant la t\u00eate du classement g\u00e9n\u00e9ral final. Au g\u00e9n\u00e9ral, <strong>Gu\u00e9rin <\/strong>devance le Colombien <strong>Jes\u00fas David Pe\u00f1a<\/strong> (APHotels &amp; Resorts \/ Tavira \/ SC Farense) de 6 secondes, et le Russe <strong>Artem Nych<\/strong> (Anicolor \/ Tien 21) de 1 minute et 31 secondes. Auparavant, <strong>Thomas Guillermo Silva<\/strong> (Caja Rural &#8211; Seguros RGA) et <strong>Jordi Lopez<\/strong> (Euskaltel-Euskadi) avaient remport\u00e9 les 1\u00e8re et 2e \u00e9tapes.<\/p>\n<p>Vid\u00e9o &#8211; Alexis Gu\u00e9rin au micro de Cyclism&rsquo;Actu avant la saison Lire la suite de l&rsquo;article&#13;<\/p>\n<p>\u00a0<\/p>\n<p>&#13;<br \/>\n<strong>Les r\u00e9sultats<\/strong>&#13;<\/p>\n<p><strong>\u00c9tape 1 (23 mai) : Almeida \u2192 Penamacor (191,2 km)<\/strong><\/p>\n<p>&#13;<\/p>\n<ol>&#13;<\/p>\n<li>&#13;\n<p>Guillermo Thomas Silva (Caja Rural &#8211; Seguros RGA) \u2013 4h30&rsquo;44\u00a0\u00bb<\/p>\n<p>&#13;\n<\/li>\n<p>&#13;<\/p>\n<li>&#13;\n<p>Fernando Barcel\u00f3 (Caja Rural &#8211; Seguros RGA) m.t.<\/p>\n<p>&#13;\n<\/li>\n<p>&#13;<\/p>\n<li>&#13;\n<p>Bruno Kessler (Rembe Rad-net Pro CT) m.t.\u00a0<\/p>\n<p>&#13;\n<\/li>\n<p>&#13;\n<\/ol>\n<p>&#13;<\/p>\n<p><strong>\u00c9tape 2 (24 mai) : Figueira de Castelo Rodrigo \u2192 Celorico da Beira (188,5 km)<\/strong><\/p>\n<p>&#13;<\/p>\n<ol>&#13;<\/p>\n<li>&#13;\n<p>Jordi L\u00f3pez (Euskaltel &#8211; Euskadi)<\/p>\n<p>&#13;\n<\/li>\n<p>&#13;<\/p>\n<li>&#13;\n<p>Guillermo Thomas Silva (Caja Rural &#8211; Seguros RGA) m.t.<\/p>\n<p>&#13;\n<\/li>\n<p>&#13;<\/p>\n<li>&#13;\n<p>Mikel Retegi (Equipo Kern Pharma) m.t.<\/p>\n<p>&#13;\n<\/li>\n<p>&#13;\n<\/ol>\n<p>&#13;<\/p>\n<p><strong>\u00c9tape 3 (25 mai) : Pinhel \u2192 Seia (180,2 km)<\/strong><\/p>\n<p>&#13;<\/p>\n<ol>&#13;<\/p>\n<li>&#13;\n<p>Alexis Gu\u00e9rin (Anicolor \/ Tien 21)<\/p>\n<p>&#13;\n<\/li>\n<p>&#13;<\/p>\n<li>&#13;\n<p>Jes\u00fas David Pe\u00f1a (APHotels &amp; Resorts &#8211; Tavira \/ SC Farense)<\/p>\n<p>&#13;\n<\/li>\n<p>&#13;<\/p>\n<li>&#13;\n<p>Artem Nych (Anicolor \/ Tien 21)<\/p>\n<p>&#13;\n<\/li>\n<p>&#13;\n<\/ol>\n<p>&#13;<\/p>\n<p><strong>Classement g\u00e9n\u00e9ral final :<\/strong><\/p>\n<p>&#13;<\/p>\n<ol>&#13;<\/p>\n<li>&#13;\n<p>Alexis Gu\u00e9rin (Anicolor \/ Tien 21) 14h27&rsquo;41\u00a0\u00bb<\/p>\n<p>&#13;\n<\/li>\n<p>&#13;<\/p>\n<li>&#13;\n<p>Jes\u00fas David Pe\u00f1a (APHotels &amp; Resorts &#8211; Tavira \/ SC Farense) + 06&Prime;<\/p>\n<p>&#13;\n<\/li>\n<p>&#13;<\/p>\n<li>&#13;\n<p>Artem Nych (Anicolor \/ Tien 21) + 1&rsquo;31\u00a0\u00bb<\/p>\n<p>&#13;\n<\/li>\n<p>&#13;<\/p>\n<li>&#13;\n<p>Fernando Barcel\u00f3 (Caja Rural &#8211; Seguros RGA) + 1&rsquo;51\u00a0\u00bb<\/p>\n<p>&#13;\n<\/li>\n<p>&#13;<\/p>\n<li>&#13;\n<p>Sergio Geovani Chumil (Burgos BH) + 1&rsquo;57\u00a0\u00bb<\/p>\n<p>&#13;\n<\/li>\n<p>&#13;<\/p>\n<li>&#13;\n<p>Unai Iribar (Equipo Kern Pharma) + 2&rsquo;00\u00a0\u00bb<\/p>\n<p>&#13;\n<\/li>\n<p>&#13;<\/p>\n<li>&#13;\n<p>Jon Agirre (Euskaltel &#8211; Euskadi) + 2&rsquo;15\u00a0\u00bb<\/p>\n<p>&#13;\n<\/li>\n<p>&#13;<\/p>\n<li>&#13;\n<p>Keegan Swirbul (Efapel Cycling) + 2&rsquo;15\u00a0\u00bb<\/p>\n<p>&#13;\n<\/li>\n<p>&#13;<\/p>\n<li>&#13;\n<p>Mikel Bizkarra (Euskaltel &#8211; Euskadi) + 2&rsquo;15\u00a0\u00bb<\/p>\n<p>&#13;\n<\/li>\n<p>&#13;<\/p>\n<li>&#13;\n<p>Guillermo Thomas Silva (Caja Rural &#8211; Seguros RGA) + 4&rsquo;00\u00a0\u00bb<\/p>\n<p>&#13;\n<\/li>\n<p>&#13;\n<\/ol>\n","protected":false},"excerpt":{"rendered":"Le Fran\u00e7ais Alexis Gu\u00e9rin (Anicolor \/ Tien 21) a remport\u00e9 la 7e \u00e9dition du Grande Pr\u00e9mio Internacional Beiras&hellip;\n","protected":false},"author":2,"featured_media":128131,"comment_status":"","ping_status":"","sticky":false,"template":"","format":"standard","meta":{"footnotes":""},"categories":[1411],"tags":[1154,207,211,1011,27,25180,209,60,210,212,208,213],"class_list":{"0":"post-128130","1":"post","2":"type-post","3":"status-publish","4":"format-standard","5":"has-post-thumbnail","7":"category-cyclisme","8":"tag-cycling","9":"tag-cyclisme","10":"tag-ffc","11":"tag-fr","12":"tag-france","13":"tag-gp-beiras-et-la-serra","14":"tag-route","15":"tag-sports","16":"tag-tour-de-france","17":"tag-uci","18":"tag-velo","19":"tag-world-tour"},"share_on_mastodon":{"url":"https:\/\/pubeurope.com\/@fr\/114571511361049370","error":""},"_links":{"self":[{"href":"https:\/\/www.europesays.com\/fr\/wp-json\/wp\/v2\/posts\/128130","targetHints":{"allow":["GET"]}}],"collection":[{"href":"https:\/\/www.europesays.com\/fr\/wp-json\/wp\/v2\/posts"}],"about":[{"href":"https:\/\/www.europesays.com\/fr\/wp-json\/wp\/v2\/types\/post"}],"author":[{"embeddable":true,"href":"https:\/\/www.europesays.com\/fr\/wp-json\/wp\/v2\/users\/2"}],"replies":[{"embeddable":true,"href":"https:\/\/www.europesays.com\/fr\/wp-json\/wp\/v2\/comments?post=128130"}],"version-history":[{"count":0,"href":"https:\/\/www.europesays.com\/fr\/wp-json\/wp\/v2\/posts\/128130\/revisions"}],"wp:featuredmedia":[{"embeddable":true,"href":"https:\/\/www.europesays.com\/fr\/wp-json\/wp\/v2\/media\/128131"}],"wp:attachment":[{"href":"https:\/\/www.europesays.com\/fr\/wp-json\/wp\/v2\/media?parent=128130"}],"wp:term":[{"taxonomy":"category","embeddable":true,"href":"https:\/\/www.europesays.com\/fr\/wp-json\/wp\/v2\/categories?post=128130"},{"taxonomy":"post_tag","embeddable":true,"href":"https:\/\/www.europesays.com\/fr\/wp-json\/wp\/v2\/tags?post=128130"}],"curies":[{"name":"wp","href":"https:\/\/api.w.org\/{rel}","templated":true}]}}