{"id":128138,"date":"2025-05-26T01:24:17","date_gmt":"2025-05-26T01:24:17","guid":{"rendered":"https:\/\/www.europesays.com\/fr\/128138\/"},"modified":"2025-05-26T01:24:17","modified_gmt":"2025-05-26T01:24:17","slug":"dans-un-livre-lavocat-corse-patrice-spinosi-sinquiete-pour-letat-de-droit","status":"publish","type":"post","link":"https:\/\/www.europesays.com\/fr\/128138\/","title":{"rendered":"Dans un livre, l&rsquo;avocat corse Patrice Spinosi s&rsquo;inqui\u00e8te pour l&rsquo;\u00c9tat de droit"},"content":{"rendered":"<p><strong>Quelle urgence a pr\u00e9sid\u00e9 \u00e0 l&rsquo;\u00e9criture de ce livre\u00a0?<\/strong>&#13;\n<\/p>\n<p>La m\u00e9canique des atteintes \u00e0 l&rsquo;\u00c9tat de droit existe en Europe depuis plusieurs ann\u00e9es et on la voit monter. On a vu basculer la Hongrie, la Pologne\u2026 L&rsquo;envie d&rsquo;\u00e9crire le livre s&rsquo;est acc\u00e9l\u00e9r\u00e9e avec le deuxi\u00e8me mandat de Donald Trump, qui illustre tout ce que je pouvais penser et \u00e9crire depuis plusieurs ann\u00e9es, \u00e0 savoir la fragilit\u00e9 de la d\u00e9mocratie, m\u00eame dans un pays o\u00f9 on la pensait tr\u00e8s install\u00e9e. On voit pour la premi\u00e8re fois un pr\u00e9sident affirmer qu&rsquo;il ne respectera pas les d\u00e9cisions de la Cour supr\u00eame, en allant jusqu&rsquo;\u00e0 refuser de les appliquer.<\/p>\n<p><strong>Estimez-vous le r\u00e9gime d\u00e9mocratique menac\u00e9\u00a0?<\/strong>&#13;\n<\/p>\n<p>Le principe de la d\u00e9mocratie, ind\u00e9pendamment d&rsquo;une \u00e9lection, est fond\u00e9 sur la s\u00e9paration des pouvoirs. \u00c0 partir du moment o\u00f9 l&rsquo;ex\u00e9cutif alli\u00e9 au l\u00e9gislatif tente un coup de force contre le judiciaire, vous sortez d&rsquo;un r\u00e9gime d\u00e9mocratique. Ce qu&rsquo;on voit aux \u00c9tats-Unis est l&rsquo;illustration d&rsquo;un avenir possible en France.<\/p>\n<p>\u00ab\u00a0Les \u00e9tats d&rsquo;urgence ont \u00e9galement \u00e9corch\u00e9 l&rsquo;\u00c9tat de droit\u00a0\u00bb<\/p>\n<p><strong>Chez nous, les coups de canif \u00e0 l&rsquo;\u00c9tat de droit sont venus d&rsquo;abord des partis r\u00e9publicains classiques, selon vous\u00a0?<\/strong>&#13;\n<\/p>\n<p>Depuis le d\u00e9but du XXIe si\u00e8cle, on voit en effet que, pour des raisons \u00e9lectoralistes ou de facilit\u00e9, des id\u00e9es ont \u00e9t\u00e9 blanchies, comme celle de peines planchers qu&rsquo;on voit resurgir actuellement, les interrogations sur la binationalit\u00e9 ou la l\u00e9gitime d\u00e9fense, toutes choses issues de la m\u00e9canique de la pens\u00e9e d&rsquo;extr\u00eame droite. Autre \u00e9l\u00e9ment tr\u00e8s important, les \u00e9tats d&rsquo;urgence pour cause de terrorisme ou de crise sanitaire ont \u00e9galement \u00e9corch\u00e9 l&rsquo;\u00c9tat de droit.<\/p>\n","protected":false},"excerpt":{"rendered":"Quelle urgence a pr\u00e9sid\u00e9 \u00e0 l&rsquo;\u00e9criture de ce livre\u00a0?&#13; La m\u00e9canique des atteintes \u00e0 l&rsquo;\u00c9tat de droit existe&hellip;\n","protected":false},"author":2,"featured_media":128139,"comment_status":"","ping_status":"","sticky":false,"template":"","format":"standard","meta":{"footnotes":""},"categories":[1357],"tags":[17,1379,2517,1446,58,59,1011,27,2173,25183,2003,1380,25184,25186,25185],"class_list":{"0":"post-128138","1":"post","2":"type-post","3":"status-publish","4":"format-standard","5":"has-post-thumbnail","7":"category-livres","8":"tag-17","9":"tag-books","10":"tag-corse","11":"tag-dans","12":"tag-divertissement","13":"tag-entertainment","14":"tag-fr","15":"tag-france","16":"tag-interview","17":"tag-lavocat","18":"tag-livre","19":"tag-livres","20":"tag-patrice","21":"tag-sinquiete","22":"tag-spinosi"},"share_on_mastodon":{"url":"https:\/\/pubeurope.com\/@fr\/114571527068720314","error":""},"_links":{"self":[{"href":"https:\/\/www.europesays.com\/fr\/wp-json\/wp\/v2\/posts\/128138","targetHints":{"allow":["GET"]}}],"collection":[{"href":"https:\/\/www.europesays.com\/fr\/wp-json\/wp\/v2\/posts"}],"about":[{"href":"https:\/\/www.europesays.com\/fr\/wp-json\/wp\/v2\/types\/post"}],"author":[{"embeddable":true,"href":"https:\/\/www.europesays.com\/fr\/wp-json\/wp\/v2\/users\/2"}],"replies":[{"embeddable":true,"href":"https:\/\/www.europesays.com\/fr\/wp-json\/wp\/v2\/comments?post=128138"}],"version-history":[{"count":0,"href":"https:\/\/www.europesays.com\/fr\/wp-json\/wp\/v2\/posts\/128138\/revisions"}],"wp:featuredmedia":[{"embeddable":true,"href":"https:\/\/www.europesays.com\/fr\/wp-json\/wp\/v2\/media\/128139"}],"wp:attachment":[{"href":"https:\/\/www.europesays.com\/fr\/wp-json\/wp\/v2\/media?parent=128138"}],"wp:term":[{"taxonomy":"category","embeddable":true,"href":"https:\/\/www.europesays.com\/fr\/wp-json\/wp\/v2\/categories?post=128138"},{"taxonomy":"post_tag","embeddable":true,"href":"https:\/\/www.europesays.com\/fr\/wp-json\/wp\/v2\/tags?post=128138"}],"curies":[{"name":"wp","href":"https:\/\/api.w.org\/{rel}","templated":true}]}}