{"id":128140,"date":"2025-05-26T01:25:12","date_gmt":"2025-05-26T01:25:12","guid":{"rendered":"https:\/\/www.europesays.com\/fr\/128140\/"},"modified":"2025-05-26T01:25:12","modified_gmt":"2025-05-26T01:25:12","slug":"pourquoi-le-dernier-episode-a-ete-tres-personnel-a-tourner-pour-joe-mantegna-rossi","status":"publish","type":"post","link":"https:\/\/www.europesays.com\/fr\/128140\/","title":{"rendered":"Pourquoi le dernier \u00e9pisode a \u00e9t\u00e9 tr\u00e8s personnel \u00e0 tourner pour Joe Mantegna (Rossi)"},"content":{"rendered":"<p>Joe Mantegna est l&rsquo;un des visages les plus populaires d&rsquo;Esprits criminels, <a href=\"https:\/\/www.programme-tv.net\/news\/series-tv\/364680-esprits-criminels-faut-il-regarder-la-saison-17-inedite-diffusee-a-partir-de-ce-mercredi-13-novembre-2024-sur-tf1-notre-avis\/\" data-api-deeplink=\"teleloisirs:\/\/news\/364680\" target=\"_blank\" rel=\"noopener\">diffus\u00e9e en France sur TF1<\/a>. Cet acteur am\u00e9ricain de 77 ans, originaire de Chicago, a int\u00e9gr\u00e9 la s\u00e9rie lanc\u00e9e par CBS d\u00e8s la troisi\u00e8me saison. Il incarne le personnage de David Rossi, l&rsquo;un des profileurs stars du programme, <a href=\"https:\/\/www.programme-tv.net\/news\/evenement\/disney-plus-streaming\/372957-esprits-criminels-sera-t-elle-annulee-ou-renouvelee-apres-la-saison-18-on-a-enfin-la-reponse\/\" data-api-deeplink=\"teleloisirs:\/\/news\/372957\" target=\"_blank\" rel=\"noopener\">qui en est \u00e0 18e saison<\/a>. Ce mercredi 21 mai, sur Instagram, le com\u00e9dien s&rsquo;est confi\u00e9 au sujet d&rsquo;un \u00e9pisode un peu sp\u00e9cial, qu&rsquo;il venait de tourner&#8230; Un message tr\u00e8s \u00e9nigmatique qui devrait \u00e0 coup s\u00fbr susciter la curiosit\u00e9 des <a href=\"https:\/\/www.programme-tv.net\/news\/evenement\/disney-plus-streaming\/326615-quiz-esprits-criminels-seul-un-vrai-profileur-du-dsc-saura-repondre-a-nos-questions\/\" data-api-deeplink=\"teleloisirs:\/\/news\/326615\" target=\"_blank\" rel=\"noopener\">fans de la s\u00e9rie<\/a> !<\/p>\n<p>Esprits criminels : L&rsquo;\u00e9pisode diffus\u00e9 cette semaine aux \u00c9tats-Unis tient \u00ab\u00a0particuli\u00e8rement \u00e0 c\u0153ur\u00a0\u00bb \u00e0 Joe Mantegna<\/p>\n<p>Dans ce message, Joe Mantegna indique que chaque \u00e9pisode de cette s\u00e9rie culte qu&rsquo;il tourne signifie \u00ab\u00a0quelque chose de diff\u00e9rent\u00a0\u00bb, pour lui. Mais celui auquel il a particip\u00e9, et qui a \u00e9t\u00e9 diffus\u00e9 cette semaine outre-Atlantique, lui \u00ab\u00a0tient particuli\u00e8rement \u00e0 c\u0153ur\u00a0\u00bb. \u00ab\u00a0Une des raisons ? J&rsquo;ai eu le profond honneur d&rsquo;officier le mariage de Janelle Gaeta Marmo [qui interpr\u00e8te le r\u00f4le de Katie Rollo], que vous verrez dans une sc\u00e8ne avec moi-m\u00eame et<a href=\"https:\/\/www.programme-tv.net\/news\/series-tv\/367338-esprits-criminels-le-machiavelique-elias-voit-est-il-mort-la-scenariste-en-chef-de-la-serie-repond\/\" data-api-deeplink=\"teleloisirs:\/\/news\/367338\" target=\"_blank\" rel=\"noopener\"> [Elias] Voit<\/a>\u00ab\u00a0, incarn\u00e9 \u00e0 l&rsquo;\u00e9cran par le com\u00e9dien Zach Gilford, poursuit Joe Mantegna, qui est \u00e9galement aujourd&rsquo;hui l&rsquo;un des r\u00e9alisateurs d&rsquo;Esprits criminels, rebaptis\u00e9e depuis trois saisons Esprits criminels : Evolution.<\/p>\n<p>                        L&rsquo;actrice am\u00e9ricaine Linda Lavin a tourn\u00e9 un \u00e9pisode d&rsquo;Esprits criminels avant de dispara\u00eetre, \u00e0 l&rsquo;\u00e2ge de 87 ans<\/p>\n<p>Autre raison qui fait de cet \u00e9pisode un \u00e9pisode pas comme les autres, \u00ab\u00a0elle met en vedette <b>Linda Lavin<\/b>, une belle \u00e2me et ch\u00e8re nouvelle amie\u00a0\u00bb, poursuit le septuag\u00e9naire. Cette immense actrice, qui a commenc\u00e9 sa carri\u00e8re \u00e0 Broadway dans les ann\u00e9es 1960 avant de devenir l&rsquo;un des visages ch\u00e9ris des Am\u00e9ricains sur le petit \u00e9cran, <a href=\"https:\/\/www.programme-tv.net\/news\/people\/367960-mort-de-linda-lavin-l-actrice-de-bones-et-newport-beach-est-decedee-de-facon-inattendue-alors-qu-elle-tournait-une-nouvelle-serie-avec-matt-bomer\/\" data-api-deeplink=\"teleloisirs:\/\/news\/367960\" target=\"_blank\" rel=\"noopener\">est morte le 29 d\u00e9cembre 2024<\/a>, \u00e0 l&rsquo;\u00e2ge de 87 ans. \u00ab\u00a0<b>Je ne le savais pas \u00e0 l&rsquo;\u00e9poque, mais je r\u00e9alisais sa derni\u00e8re performance, aussi profonde qu&rsquo;inoubliable<\/b>\u00ab\u00a0, assure Joe Mantegna. Il reste une derni\u00e8re raison, qui fait de Time to say goodbye un num\u00e9ro sp\u00e9cial, pour l&rsquo;acteur am\u00e9ricain : mais pour \u00e7a, \u00ab\u00a0il faudra regarder pour comprendre\u00a0\u00bb, \u00e9crit-il. \u00c7a, c&rsquo;est du teasing ! Il faudra toutefois, en France, encore attendre un peu : la saison 18, diffus\u00e9e aux \u00c9tats-Unis sur Paramount + depuis le 8 mai 2025, n&rsquo;est pas encore disponible chez nous.<\/p>\n<p><a href=\"https:\/\/www.instagram.com\/p\/DJ7f1-OTKc4\/?img_index=4\" rel=\"nofollow noopener\" target=\"_blank\"><b>Pour d\u00e9couvrir le message de Joe Mantegna, rendez-vous ici<\/b><\/a><b>.<\/b><\/p>\n<p>Article \u00e9crit en collaboration avec 6Medias<\/p>\n<p>    <script async src=\"\/\/www.instagram.com\/embed.js\"><\/script><\/p>\n","protected":false},"excerpt":{"rendered":"Joe Mantegna est l&rsquo;un des visages les plus populaires d&rsquo;Esprits criminels, diffus\u00e9e en France sur TF1. Cet acteur&hellip;\n","protected":false},"author":2,"featured_media":128141,"comment_status":"","ping_status":"","sticky":false,"template":"","format":"standard","meta":{"footnotes":""},"categories":[1356],"tags":[244,58,59,25191,25188,25190,25189,1011,27,25187,5388,10395,129,252,199,2175,1364],"class_list":{"0":"post-128140","1":"post","2":"type-post","3":"status-publish","4":"format-standard","5":"has-post-thumbnail","7":"category-television","8":"tag-commentaire","9":"tag-divertissement","10":"tag-entertainment","11":"tag-esprits-criminels","12":"tag-esprits-criminels-evolution-11132024-0910-pm-tf1","13":"tag-esprits-criminels-evolution-11132024-1010-pm-tf11","14":"tag-esprits-criminels-evolution-11132024-1100-pm-tf1","15":"tag-fr","16":"tag-france","17":"tag-joe-mantegna","18":"tag-paramount-plus","19":"tag-pub-streaming","20":"tag-svod","21":"tag-television","22":"tag-tf1","23":"tag-tl-story","24":"tag-tv"},"share_on_mastodon":{"url":"https:\/\/pubeurope.com\/@fr\/114571531039950924","error":""},"_links":{"self":[{"href":"https:\/\/www.europesays.com\/fr\/wp-json\/wp\/v2\/posts\/128140","targetHints":{"allow":["GET"]}}],"collection":[{"href":"https:\/\/www.europesays.com\/fr\/wp-json\/wp\/v2\/posts"}],"about":[{"href":"https:\/\/www.europesays.com\/fr\/wp-json\/wp\/v2\/types\/post"}],"author":[{"embeddable":true,"href":"https:\/\/www.europesays.com\/fr\/wp-json\/wp\/v2\/users\/2"}],"replies":[{"embeddable":true,"href":"https:\/\/www.europesays.com\/fr\/wp-json\/wp\/v2\/comments?post=128140"}],"version-history":[{"count":0,"href":"https:\/\/www.europesays.com\/fr\/wp-json\/wp\/v2\/posts\/128140\/revisions"}],"wp:featuredmedia":[{"embeddable":true,"href":"https:\/\/www.europesays.com\/fr\/wp-json\/wp\/v2\/media\/128141"}],"wp:attachment":[{"href":"https:\/\/www.europesays.com\/fr\/wp-json\/wp\/v2\/media?parent=128140"}],"wp:term":[{"taxonomy":"category","embeddable":true,"href":"https:\/\/www.europesays.com\/fr\/wp-json\/wp\/v2\/categories?post=128140"},{"taxonomy":"post_tag","embeddable":true,"href":"https:\/\/www.europesays.com\/fr\/wp-json\/wp\/v2\/tags?post=128140"}],"curies":[{"name":"wp","href":"https:\/\/api.w.org\/{rel}","templated":true}]}}