{"id":128159,"date":"2025-05-26T01:36:36","date_gmt":"2025-05-26T01:36:36","guid":{"rendered":"https:\/\/www.europesays.com\/fr\/128159\/"},"modified":"2025-05-26T01:36:36","modified_gmt":"2025-05-26T01:36:36","slug":"les-7-et-8-juin-le-chateau-va-replonger-au-moyen-age-2","status":"publish","type":"post","link":"https:\/\/www.europesays.com\/fr\/128159\/","title":{"rendered":"les 7 et 8 juin, le ch\u00e2teau va replonger au Moyen \u00c2ge"},"content":{"rendered":"<p>Les 7 et 8\u00a0juin, sera organis\u00e9e la septi\u00e8me f\u00eate m\u00e9di\u00e9vale. Cette animation avait \u00e9t\u00e9 suspendue l\u2019ann\u00e9e du Covid, elle revient avec ses multiples animations, ses artisans, ses spectacles, ses chevaliers\u2026<\/p>\n<p>Les porteurs du projet d\u2019Amiproche, Yves Fayolle assist\u00e9 de Bernard Brayet et Fran\u00e7ois Gabion, ont mis au point un beau programme pour cette f\u00eate qui se d\u00e9roulera dans le parc du ch\u00e2teau du XIIe \u00a0si\u00e8cle. L\u2019entr\u00e9e, pour les spectateurs, se fera par le tunnel \u00e0 c\u00f4t\u00e9 du ch\u00e2teau.<\/p>\n<p>\u00ab\u00a0Les visiteurs d\u00e9couvriront le ch\u00e2teau embelli au fil du temps\u00a0\u00bb<\/p>\n<p>\u00ab\u00a0Nous aurons cinq compagnies pr\u00e9sentes les deux jours qui dormiront sur place. Une seule d\u2019entre elles est de la r\u00e9gion, la Compagnie Franche du Forez. Elle sera accompagn\u00e9e des Lames du Val d\u2019Azergues, D\u2019or et d\u2019Azur,&#8230;<\/p>\n","protected":false},"excerpt":{"rendered":"Les 7 et 8\u00a0juin, sera organis\u00e9e la septi\u00e8me f\u00eate m\u00e9di\u00e9vale. Cette animation avait \u00e9t\u00e9 suspendue l\u2019ann\u00e9e du Covid,&hellip;\n","protected":false},"author":2,"featured_media":123307,"comment_status":"","ping_status":"","sticky":false,"template":"","format":"standard","meta":{"footnotes":""},"categories":[9653],"tags":[1111,11,2430,1687,7539,1777,674,1011,27,12,25,12490,12491,4001],"class_list":{"0":"post-128159","1":"post","2":"type-post","3":"status-publish","4":"format-standard","5":"has-post-thumbnail","7":"category-saint-etienne","8":"tag-actu","9":"tag-actualites","10":"tag-auvergne-rhone-alpes","11":"tag-culture-loisirs","12":"tag-edition-loire-sud","13":"tag-eu","14":"tag-europe","15":"tag-fr","16":"tag-france","17":"tag-news","18":"tag-republique-francaise","19":"tag-roche-la-moliere","20":"tag-roche-la-moliere-bassin","21":"tag-saint-etienne"},"share_on_mastodon":{"url":"https:\/\/pubeurope.com\/@fr\/114571574228980235","error":""},"_links":{"self":[{"href":"https:\/\/www.europesays.com\/fr\/wp-json\/wp\/v2\/posts\/128159","targetHints":{"allow":["GET"]}}],"collection":[{"href":"https:\/\/www.europesays.com\/fr\/wp-json\/wp\/v2\/posts"}],"about":[{"href":"https:\/\/www.europesays.com\/fr\/wp-json\/wp\/v2\/types\/post"}],"author":[{"embeddable":true,"href":"https:\/\/www.europesays.com\/fr\/wp-json\/wp\/v2\/users\/2"}],"replies":[{"embeddable":true,"href":"https:\/\/www.europesays.com\/fr\/wp-json\/wp\/v2\/comments?post=128159"}],"version-history":[{"count":0,"href":"https:\/\/www.europesays.com\/fr\/wp-json\/wp\/v2\/posts\/128159\/revisions"}],"wp:featuredmedia":[{"embeddable":true,"href":"https:\/\/www.europesays.com\/fr\/wp-json\/wp\/v2\/media\/123307"}],"wp:attachment":[{"href":"https:\/\/www.europesays.com\/fr\/wp-json\/wp\/v2\/media?parent=128159"}],"wp:term":[{"taxonomy":"category","embeddable":true,"href":"https:\/\/www.europesays.com\/fr\/wp-json\/wp\/v2\/categories?post=128159"},{"taxonomy":"post_tag","embeddable":true,"href":"https:\/\/www.europesays.com\/fr\/wp-json\/wp\/v2\/tags?post=128159"}],"curies":[{"name":"wp","href":"https:\/\/api.w.org\/{rel}","templated":true}]}}