{"id":128170,"date":"2025-05-26T01:52:35","date_gmt":"2025-05-26T01:52:35","guid":{"rendered":"https:\/\/www.europesays.com\/fr\/128170\/"},"modified":"2025-05-26T01:52:35","modified_gmt":"2025-05-26T01:52:35","slug":"le-defi-malsain-lance-par-un-majeur","status":"publish","type":"post","link":"https:\/\/www.europesays.com\/fr\/128170\/","title":{"rendered":"le d\u00e9fi malsain lanc\u00e9 par un majeur"},"content":{"rendered":"<p>Poursuivi pour corruption de mineurs sur sept victimes \u00e2g\u00e9es de 11 \u00e0 15 ans, le pr\u00e9venu s\u2019avance \u00e0 la barre. Ses doigts tricotent entre eux et serrent nerveusement le pupitre qui fait face aux juges, tandis que ses jambes n\u2019arr\u00eatent pas de remuer tout au long des d\u00e9bats. Le 17\u00a0mai\u00a02022, ce jeune homme de 27 ans avait d\u00e9j\u00e0 \u00e9t\u00e9 condamn\u00e9 par la justice, pour des faits strictement identiques, \u00e0 huit mois de prison avec sursis et mise \u00e0 l\u2019\u00e9preuve, ainsi qu\u2019\u00e0 une interdiction d\u2019exercer des activit\u00e9s en lien avec des mineurs.<\/p>\n<p>Contact nou\u00e9 \u00e0 la patinoire<\/p>\n<p>\u00c0 l\u2019automne 2024, le majeur aborde les jeunes parties civiles \u00e0 la patinoire de Strasbourg. Il engage la conversation autour des joies de&#8230;<\/p>\n","protected":false},"excerpt":{"rendered":"Poursuivi pour corruption de mineurs sur sept victimes \u00e2g\u00e9es de 11 \u00e0 15 ans, le pr\u00e9venu s\u2019avance \u00e0&hellip;\n","protected":false},"author":2,"featured_media":128171,"comment_status":"","ping_status":"","sticky":false,"template":"","format":"standard","meta":{"footnotes":""},"categories":[2820],"tags":[1111,11,2880,1777,674,274,107,1011,27,775,12,25,640,2879],"class_list":{"0":"post-128170","1":"post","2":"type-post","3":"status-publish","4":"format-standard","5":"has-post-thumbnail","7":"category-strasbourg","8":"tag-actu","9":"tag-actualites","10":"tag-edition-strasbourg","11":"tag-eu","12":"tag-europe","13":"tag-faits-divers-justice","14":"tag-fil-info","15":"tag-fr","16":"tag-france","17":"tag-grand-est","18":"tag-news","19":"tag-republique-francaise","20":"tag-strasbourg","21":"tag-strasbourg-ville"},"share_on_mastodon":{"url":"https:\/\/pubeurope.com\/@fr\/114571637115611061","error":""},"_links":{"self":[{"href":"https:\/\/www.europesays.com\/fr\/wp-json\/wp\/v2\/posts\/128170","targetHints":{"allow":["GET"]}}],"collection":[{"href":"https:\/\/www.europesays.com\/fr\/wp-json\/wp\/v2\/posts"}],"about":[{"href":"https:\/\/www.europesays.com\/fr\/wp-json\/wp\/v2\/types\/post"}],"author":[{"embeddable":true,"href":"https:\/\/www.europesays.com\/fr\/wp-json\/wp\/v2\/users\/2"}],"replies":[{"embeddable":true,"href":"https:\/\/www.europesays.com\/fr\/wp-json\/wp\/v2\/comments?post=128170"}],"version-history":[{"count":0,"href":"https:\/\/www.europesays.com\/fr\/wp-json\/wp\/v2\/posts\/128170\/revisions"}],"wp:featuredmedia":[{"embeddable":true,"href":"https:\/\/www.europesays.com\/fr\/wp-json\/wp\/v2\/media\/128171"}],"wp:attachment":[{"href":"https:\/\/www.europesays.com\/fr\/wp-json\/wp\/v2\/media?parent=128170"}],"wp:term":[{"taxonomy":"category","embeddable":true,"href":"https:\/\/www.europesays.com\/fr\/wp-json\/wp\/v2\/categories?post=128170"},{"taxonomy":"post_tag","embeddable":true,"href":"https:\/\/www.europesays.com\/fr\/wp-json\/wp\/v2\/tags?post=128170"}],"curies":[{"name":"wp","href":"https:\/\/api.w.org\/{rel}","templated":true}]}}