{"id":128172,"date":"2025-05-26T01:53:11","date_gmt":"2025-05-26T01:53:11","guid":{"rendered":"https:\/\/www.europesays.com\/fr\/128172\/"},"modified":"2025-05-26T01:53:11","modified_gmt":"2025-05-26T01:53:11","slug":"chelsea-officiellement-en-ligue-des-champions-blueco-facilite-alsasports","status":"publish","type":"post","link":"https:\/\/www.europesays.com\/fr\/128172\/","title":{"rendered":"Chelsea officiellement en Ligue des champions, BlueCo facilit\u00e9 \u2014 Alsa&rsquo;Sports"},"content":{"rendered":"<p><strong>La derni\u00e8re journ\u00e9e de Premier League s\u2019est achev\u00e9e hier et Chelsea, appartenant au m\u00eame propri\u00e9taire que le Racing, jouera la Ligue des champions. Il n\u2019y aura donc aucune contrainte structurelle, juridique ou sportive pour BlueCo la saison prochaine. <\/strong><\/p>\n<p>C\u2019\u00e9tait l\u2019une des interrogations \u00e0 mesure que le Racing Club de Strasbourg se rapprochait des places europ\u00e9ennes. Avec un risque, celui de disputer une m\u00eame Coupe d\u2019Europe qu\u2019un club d\u00e9tenu par le m\u00eame propri\u00e9taire. En l\u2019occurence, Strasbourg et Chelsea auraient connu de multiples complications juridiques et sportives s\u2019ils avaient jou\u00e9 une m\u00eame comp\u00e9tition. Le r\u00e8glement de l\u2019UEFA, qui reste attentive sur le sujet, aurait emp\u00each\u00e9 les dirigeants \u00e0 occuper des fonctions officielles dans les deux clubs, ainsi que les mouvements de joueurs (achats ou pr\u00eats) dans les deux sens (que ce soit de Chelsea \u00e0 Strasbourg ou inversement). <\/p>\n<p>Mais cette hypoth\u00e8se ne verra donc pas le jour. Strasbourg \u00e9voluera en Ligue Conf\u00e9rence s\u2019il passe son tour de barrage, et Chelsea s\u2019est officiellement qualifi\u00e9 en Ligue des champions hier lors de la derni\u00e8re journ\u00e9e en battant Nottingham \u00e0 l\u2019ext\u00e9rieur (0-1). Les Blues terminent 4\u00e8me de Premier League, et le consortium am\u00e9ricain BlueCo s\u2019est \u00e9vit\u00e9 bien des d\u00e9marches encombrantes pour la saison \u00e0 venir. <\/p>\n","protected":false},"excerpt":{"rendered":"La derni\u00e8re journ\u00e9e de Premier League s\u2019est achev\u00e9e hier et Chelsea, appartenant au m\u00eame propri\u00e9taire que le Racing,&hellip;\n","protected":false},"author":2,"featured_media":128173,"comment_status":"","ping_status":"","sticky":false,"template":"","format":"standard","meta":{"footnotes":""},"categories":[2820],"tags":[1111,11,11871,1777,674,63,1011,27,775,12,4448,25,640],"class_list":{"0":"post-128172","1":"post","2":"type-post","3":"status-publish","4":"format-standard","5":"has-post-thumbnail","7":"category-strasbourg","8":"tag-actu","9":"tag-actualites","10":"tag-chelsea","11":"tag-eu","12":"tag-europe","13":"tag-football","14":"tag-fr","15":"tag-france","16":"tag-grand-est","17":"tag-news","18":"tag-rc-strasbourg","19":"tag-republique-francaise","20":"tag-strasbourg"},"share_on_mastodon":{"url":"https:\/\/pubeurope.com\/@fr\/114571641104734304","error":""},"_links":{"self":[{"href":"https:\/\/www.europesays.com\/fr\/wp-json\/wp\/v2\/posts\/128172","targetHints":{"allow":["GET"]}}],"collection":[{"href":"https:\/\/www.europesays.com\/fr\/wp-json\/wp\/v2\/posts"}],"about":[{"href":"https:\/\/www.europesays.com\/fr\/wp-json\/wp\/v2\/types\/post"}],"author":[{"embeddable":true,"href":"https:\/\/www.europesays.com\/fr\/wp-json\/wp\/v2\/users\/2"}],"replies":[{"embeddable":true,"href":"https:\/\/www.europesays.com\/fr\/wp-json\/wp\/v2\/comments?post=128172"}],"version-history":[{"count":0,"href":"https:\/\/www.europesays.com\/fr\/wp-json\/wp\/v2\/posts\/128172\/revisions"}],"wp:featuredmedia":[{"embeddable":true,"href":"https:\/\/www.europesays.com\/fr\/wp-json\/wp\/v2\/media\/128173"}],"wp:attachment":[{"href":"https:\/\/www.europesays.com\/fr\/wp-json\/wp\/v2\/media?parent=128172"}],"wp:term":[{"taxonomy":"category","embeddable":true,"href":"https:\/\/www.europesays.com\/fr\/wp-json\/wp\/v2\/categories?post=128172"},{"taxonomy":"post_tag","embeddable":true,"href":"https:\/\/www.europesays.com\/fr\/wp-json\/wp\/v2\/tags?post=128172"}],"curies":[{"name":"wp","href":"https:\/\/api.w.org\/{rel}","templated":true}]}}