{"id":128190,"date":"2025-05-26T02:04:18","date_gmt":"2025-05-26T02:04:18","guid":{"rendered":"https:\/\/www.europesays.com\/fr\/128190\/"},"modified":"2025-05-26T02:04:18","modified_gmt":"2025-05-26T02:04:18","slug":"pres-de-marseille-un-appel-a-temoins-lance-apres-la-mort-dune-femme-dans-un-violent-accident","status":"publish","type":"post","link":"https:\/\/www.europesays.com\/fr\/128190\/","title":{"rendered":"Pr\u00e8s de Marseille. Un appel \u00e0 t\u00e9moins lanc\u00e9 apr\u00e8s la mort d&rsquo;une femme dans un violent accident"},"content":{"rendered":"<p>            Par<br \/>\n        <strong><br \/>\n            <a href=\"https:\/\/actu.fr\/auteur\/thibault-nadal-actu-fr\" title=\"Consulter tous les articles de Thibault Nadal\" rel=\"nofollow noopener\" target=\"_blank\">Thibault Nadal<\/a><br \/>\n        <\/strong><\/p>\n<p>        Publi\u00e9 le<\/p>\n<p>            22 mai 2025 \u00e0 9h22        <\/p>\n<p>Les <a href=\"https:\/\/actu.fr\/tag\/gendarmerie\" rel=\"nofollow noopener\" target=\"_blank\">gendarmes<\/a> veulent avoir des r\u00e9ponses. Sur leurs <a href=\"https:\/\/actu.fr\/tag\/reseaux-sociaux\" rel=\"nofollow noopener\" target=\"_blank\">r\u00e9seaux sociaux<\/a> ce mardi 20\u00a0mai 2025, ils ont lanc\u00e9 un appel \u00e0 t\u00e9moins pour obtenir des informations sur <a href=\"https:\/\/actu.fr\/tag\/accident\" rel=\"nofollow noopener\" target=\"_blank\">un accident<\/a> mortel survenu dix jours plus t\u00f4t \u00e0 <a href=\"https:\/\/actu.fr\/provence-alpes-cote-d-azur\/arles_13004\" rel=\"nofollow noopener\" target=\"_blank\">Arles<\/a> dans <a href=\"https:\/\/actu.fr\/provence-alpes-cote-d-azur\/bouches-du-rhone_13\" rel=\"nofollow noopener\" target=\"_blank\">les Bouches-du-Rh\u00f4ne<\/a>.<\/p>\n<p>Le chauffard aurait violemment percut\u00e9 le v\u00e9hicule de la victime<\/p>\n<p class=\" wall-content\">Selon leurs informations, dans la nuit du 10 au 11\u00a0mai entre 00h30 et 1h30, un accident mortel est survenu sur la RN568 dans le sens Arles-Istres apr\u00e8s Mas-Thibert.<\/p>\n<p>    <a href=\"https:\/\/www.facebook.com\/plugins\/post.php?href=https%3A%2F%2Fwww.facebook.com%2Fgendarmeriedesbouchesdurhone%2Fposts%2Fpfbid023TyWnU8uc9DbbKEmMDJpKrooREPmUYu3zZbXAppvawTaAt9o1rdPr8qPoc554wUHl&amp;show_text=true&amp;width=350\" title=\"Ouvrie le lien\" rel=\"nofollow noopener\" target=\"_blank\">Cliquez ici pour visualiser le contenu<\/a><\/p>\n<p class=\" wall-content\"><a href=\"https:\/\/www.laprovence.com\/article\/faits-divers-justice\/1385872660266914\/une-jeune-femme-de-26-ans-tuee-dans-un-accident-pres-d-arles-la-gendarmerie-lance-un-appel-a-temoins\" rel=\"nofollow noopener\" target=\"_blank\">La Provence<\/a> r\u00e9v\u00e8le que la victime est <strong>une femme \u00e2g\u00e9e de 26\u00a0ans<\/strong> et donne plus de d\u00e9tails sur les circonstances de l\u2019accident.<\/p>\n<p class=\" wall-content\">Selon leurs informations, <strong>une voiture aurait percut\u00e9 le v\u00e9hicule de la victime en tentant de la doubler<\/strong>. Celle-ci aurait termin\u00e9 sa course contre une buse en b\u00e9ton.<\/p>\n<p>Vid\u00e9os : en ce moment sur Actu<\/p>\n<p class=\" wall-content\">Le chauffard \u00e0 l\u2019origine de ce violent accident a pris la fuite et est activement recherch\u00e9.<\/p>\n<p>Les gendarmes \u00e0 la recherche de t\u00e9moins<\/p>\n<p class=\" wall-content\">\u00ab\u2009La gendarmerie d\u2019Arles recherche toutes personnes ayant \u00e9t\u00e9 t\u00e9moin de l\u2019accident et\/ou pouvant apporter toutes informations utiles \u00e0 l\u2019enqu\u00eate.\u2009\u00bb<\/p>\n<p class=\" wall-content\">Si vous disposez d\u2019informations, il est n\u00e9cessaire de contacter la gendarmerie d\u2019Arles au 04.90.52.50.70 ou de se rendre directement au si\u00e8ge de la gendarmerie, situ\u00e9 boulevard des Lices.<\/p>\n<p class=\" wall-content\">Suivez toute l\u2019actualit\u00e9 de vos villes et m\u00e9dias favoris en vous inscrivant \u00e0 <a href=\"https:\/\/moncompte.actu.fr\" title=\"D\u00e9couvez Mon Actu\" rel=\"nofollow noopener\" data-trk=\"{&quot;cta&quot;:{&quot;action&quot;:&quot;https:\\\/\\\/moncompte.actu.fr&quot;,&quot;category&quot;:&quot;mon compte&quot;,&quot;from&quot;:&quot;article footer&quot;,&quot;name&quot;:&quot;Mon actu&quot;,&quot;type&quot;:&quot;cta&quot;}}\" target=\"_blank\">Mon Actu<\/a>.<\/p>\n","protected":false},"excerpt":{"rendered":"Par Thibault Nadal Publi\u00e9 le 22 mai 2025 \u00e0 9h22 Les gendarmes veulent avoir des r\u00e9ponses. Sur leurs&hellip;\n","protected":false},"author":2,"featured_media":128191,"comment_status":"","ping_status":"","sticky":false,"template":"","format":"standard","meta":{"footnotes":""},"categories":[2814],"tags":[119,1111,11,1777,674,118,1011,27,3381,884,12,882,25],"class_list":{"0":"post-128190","1":"post","2":"type-post","3":"status-publish","4":"format-standard","5":"has-post-thumbnail","7":"category-marseille","8":"tag-accident","9":"tag-actu","10":"tag-actualites","11":"tag-eu","12":"tag-europe","13":"tag-faits-divers","14":"tag-fr","15":"tag-france","16":"tag-gendarmerie","17":"tag-marseille","18":"tag-news","19":"tag-provence-alpes-cote-dazur","20":"tag-republique-francaise"},"share_on_mastodon":{"url":"https:\/\/pubeurope.com\/@fr\/114571684295678350","error":""},"_links":{"self":[{"href":"https:\/\/www.europesays.com\/fr\/wp-json\/wp\/v2\/posts\/128190","targetHints":{"allow":["GET"]}}],"collection":[{"href":"https:\/\/www.europesays.com\/fr\/wp-json\/wp\/v2\/posts"}],"about":[{"href":"https:\/\/www.europesays.com\/fr\/wp-json\/wp\/v2\/types\/post"}],"author":[{"embeddable":true,"href":"https:\/\/www.europesays.com\/fr\/wp-json\/wp\/v2\/users\/2"}],"replies":[{"embeddable":true,"href":"https:\/\/www.europesays.com\/fr\/wp-json\/wp\/v2\/comments?post=128190"}],"version-history":[{"count":0,"href":"https:\/\/www.europesays.com\/fr\/wp-json\/wp\/v2\/posts\/128190\/revisions"}],"wp:featuredmedia":[{"embeddable":true,"href":"https:\/\/www.europesays.com\/fr\/wp-json\/wp\/v2\/media\/128191"}],"wp:attachment":[{"href":"https:\/\/www.europesays.com\/fr\/wp-json\/wp\/v2\/media?parent=128190"}],"wp:term":[{"taxonomy":"category","embeddable":true,"href":"https:\/\/www.europesays.com\/fr\/wp-json\/wp\/v2\/categories?post=128190"},{"taxonomy":"post_tag","embeddable":true,"href":"https:\/\/www.europesays.com\/fr\/wp-json\/wp\/v2\/tags?post=128190"}],"curies":[{"name":"wp","href":"https:\/\/api.w.org\/{rel}","templated":true}]}}