{"id":128193,"date":"2025-05-26T02:06:04","date_gmt":"2025-05-26T02:06:04","guid":{"rendered":"https:\/\/www.europesays.com\/fr\/128193\/"},"modified":"2025-05-26T02:06:04","modified_gmt":"2025-05-26T02:06:04","slug":"un-homme-se-noie-dans-la-saone-les-pompiers-ne-parviennent-pas-a-le-ranimer","status":"publish","type":"post","link":"https:\/\/www.europesays.com\/fr\/128193\/","title":{"rendered":"un homme se noie dans la Sa\u00f4ne, les pompiers ne parviennent pas \u00e0 le ranimer"},"content":{"rendered":"<p itemprop=\"description\"><strong>Ce dimanche matin, un homme est tomb\u00e9 dans la Sa\u00f4ne \u00e0 hauteur de l&rsquo;Ile Barbe dans le 9e arrondissement de Lyon.<\/strong><\/p>\n<p>Des t\u00e9moins l&rsquo;ont aper\u00e7u et ont sollicit\u00e9 l&rsquo;intervention des pompiers.<\/p>\n<p>Le corps du malheureux a \u00e9t\u00e9 rep\u00each\u00e9 vers 10h30. La victime, \u00e2g\u00e9e d&rsquo;une vingtaine d&rsquo;ann\u00e9es, n&rsquo;a pas pu \u00eatre ranim\u00e9e.<\/p>\n<p>Une enqu\u00eate a \u00e9t\u00e9 ouverte pour comprendre les circonstances du drame et retrouver l&rsquo;identit\u00e9 de la victime.<\/p>\n","protected":false},"excerpt":{"rendered":"Ce dimanche matin, un homme est tomb\u00e9 dans la Sa\u00f4ne \u00e0 hauteur de l&rsquo;Ile Barbe dans le 9e&hellip;\n","protected":false},"author":2,"featured_media":128194,"comment_status":"","ping_status":"","sticky":false,"template":"","format":"standard","meta":{"footnotes":""},"categories":[1889],"tags":[1111,11,2813,2190,2430,1109,251,1112,2811,1777,674,118,1011,27,1922,1110,1114,2428,2810,12,241,316,25,2812,517,800],"class_list":{"0":"post-128193","1":"post","2":"type-post","3":"status-publish","4":"format-standard","5":"has-post-thumbnail","7":"category-lyon","8":"tag-actu","9":"tag-actualites","10":"tag-article","11":"tag-asvel","12":"tag-auvergne-rhone-alpes","13":"tag-breves","14":"tag-culture","15":"tag-depeches","16":"tag-economique","17":"tag-eu","18":"tag-europe","19":"tag-faits-divers","20":"tag-fr","21":"tag-france","22":"tag-info","23":"tag-informations","24":"tag-infos","25":"tag-lyon","26":"tag-lyonmag","27":"tag-news","28":"tag-ol","29":"tag-politique","30":"tag-republique-francaise","31":"tag-sociale","32":"tag-sport","33":"tag-transports"},"share_on_mastodon":{"url":"https:\/\/pubeurope.com\/@fr\/114571692220459522","error":""},"_links":{"self":[{"href":"https:\/\/www.europesays.com\/fr\/wp-json\/wp\/v2\/posts\/128193","targetHints":{"allow":["GET"]}}],"collection":[{"href":"https:\/\/www.europesays.com\/fr\/wp-json\/wp\/v2\/posts"}],"about":[{"href":"https:\/\/www.europesays.com\/fr\/wp-json\/wp\/v2\/types\/post"}],"author":[{"embeddable":true,"href":"https:\/\/www.europesays.com\/fr\/wp-json\/wp\/v2\/users\/2"}],"replies":[{"embeddable":true,"href":"https:\/\/www.europesays.com\/fr\/wp-json\/wp\/v2\/comments?post=128193"}],"version-history":[{"count":0,"href":"https:\/\/www.europesays.com\/fr\/wp-json\/wp\/v2\/posts\/128193\/revisions"}],"wp:featuredmedia":[{"embeddable":true,"href":"https:\/\/www.europesays.com\/fr\/wp-json\/wp\/v2\/media\/128194"}],"wp:attachment":[{"href":"https:\/\/www.europesays.com\/fr\/wp-json\/wp\/v2\/media?parent=128193"}],"wp:term":[{"taxonomy":"category","embeddable":true,"href":"https:\/\/www.europesays.com\/fr\/wp-json\/wp\/v2\/categories?post=128193"},{"taxonomy":"post_tag","embeddable":true,"href":"https:\/\/www.europesays.com\/fr\/wp-json\/wp\/v2\/tags?post=128193"}],"curies":[{"name":"wp","href":"https:\/\/api.w.org\/{rel}","templated":true}]}}