{"id":12821,"date":"2025-04-09T14:19:28","date_gmt":"2025-04-09T14:19:28","guid":{"rendered":"https:\/\/www.europesays.com\/fr\/12821\/"},"modified":"2025-04-09T14:19:28","modified_gmt":"2025-04-09T14:19:28","slug":"prince-william-il-est-possible-de-croiser-le-mari-de-kate-middleton-a-paris-aujourdhui","status":"publish","type":"post","link":"https:\/\/www.europesays.com\/fr\/12821\/","title":{"rendered":"Prince William : il est possible de croiser le mari de Kate Middleton \u00e0 Paris aujourd&rsquo;hui !"},"content":{"rendered":"<p>Ce mercredi 9 avril, le prince William sera \u00e0 Paris pour assister au match de Ligue des champions opposant le PSG \u00e0 Aston Villa, son \u00e9quipe de c\u0153ur. Une visite royale inattendue qui pourrait bien surprendre les Parisiens.<\/p>\n<p>Apr\u00e8s une ann\u00e9e 2024 marqu\u00e9e par les \u00e9preuves,<strong> 2025 s\u2019annonce sous un ciel bien plus cl\u00e9ment pour la famille royale britannique<\/strong>. L\u2019an pass\u00e9, la nouvelle du cancer de Kate Middleton avait boulevers\u00e9 l\u2019opinion publique. Comme si cela ne suffisait pas, le roi Charles III r\u00e9v\u00e9lait lui aussi faire face \u00e0 la m\u00eame maladie. Deux coups durs en plein c\u0153ur de la monarchie, <strong>deux annonces qui avaient profond\u00e9ment touch\u00e9 les Britanniques<\/strong>. Mais depuis janvier, les nouvelles sont meilleures. <a href=\"https:\/\/www.voici.fr\/news-people\/kate-middleton-en-remission-elle-a-change-depuis-son-cancer-797650\" rel=\"nofollow noopener\" target=\"_blank\">La princesse de Galles a m\u00eame annonc\u00e9 sa r\u00e9mission<\/a>, et <a href=\"https:\/\/www.voici.fr\/news-people\/le-roi-charles-iii-en-forme-malgre-la-maladie-il-decide-de-faire-passer-le-devoir-avant-tout-802037\" rel=\"nofollow noopener\" target=\"_blank\">l&rsquo;\u00e9poux de la reine Camilla a repris partiellement ses engagements<\/a>. Un vent d\u2019optimisme souffle enfin sur Buckingham, et <strong>le prince William<\/strong>,<strong> lui, n\u2019a jamais quitt\u00e9 le navire<\/strong>.<\/p>\n<p>Face \u00e0 la temp\u00eate, le prince de Galles a tenu bon. Entre engagements officiels, visites diplomatiques et vie de famille, le prince William s\u2019est montr\u00e9 exemplaire. Pr\u00e9sent sur tous les fronts, <strong>il a soutenu son \u00e9pouse sans rel\u00e2che<\/strong>, veillant aussi sur leurs trois enfants, le prince George, la princesse Charlotte et le prince Louis. Malgr\u00e9 la pression et les projecteurs, <strong>il a continu\u00e9 \u00e0 assurer ses fonctions sans faillir, incarnant avec calme et fermet\u00e9 le futur de la monarchie<\/strong>. Une posture salu\u00e9e dans la presse britannique et admir\u00e9e par ses nombreux fans \u00e0 travers le monde.<\/p>\n<p>                                                                        Le prince William se rend \u00e0 Paris pour une occasion sp\u00e9ciale<\/p>\n<p>Depuis quelques mois, <strong>le couple princier s\u2019affiche \u00e0 nouveau ensemble<\/strong> lors d\u2019\u00e9v\u00e9nements publics. Et \u00e0 chaque apparition, c\u2019est le m\u00eame constat : complicit\u00e9, tendresse, regards qui en disent long. Les Britanniques, qui les ont soutenus dans les \u00e9preuves, retrouvent avec bonheur ce duo \u00e0 l\u2019\u00e9l\u00e9gance naturelle et \u00e0 l\u2019humour discret. \u00c0 travers leurs gestes et leurs regards, <strong>Kate et William continuent de montrer qu\u2019ils forment une \u00e9quipe solide<\/strong>, bien au-del\u00e0 du protocole royal.<\/p>\n<p>Mais ce mercredi 9 avril, <strong>c\u2019est en solo que le prince William s\u2019appr\u00eate \u00e0 faire une apparition remarqu\u00e9e \u00e0 Paris<\/strong>. Pas pour un gala ni un sommet diplomatique, non, pour le match PSG \u2013 Aston Villa, en quart de finale aller de la Ligue des champions. Un \u00e9v\u00e9nement footballistique de haut vol, que <a href=\"https:\/\/www.voici.fr\/news-people\/le-prince-william-se-desolidarise-du-roi-charles-iii-et-embauche-les-anciens-avocats-de-lady-diana-801911\" rel=\"nofollow noopener\" target=\"_blank\">le futur roi d\u2019Angleterre<\/a> ne pouvait pas manquer. Fan inconditionnel de l&rsquo;\u00e9quipe anglaise, le fr\u00e8re du prince Harry <a href=\"https:\/\/www.voici.fr\/news-people\/le-prince-william-rejoint-par-son-fils-george-a-la-finale-de-la-coupe-d-angleterre-ce-detail-qui-a-emu-les-spectateurs-783409\" rel=\"nofollow noopener\" target=\"_blank\"><strong>a d\u00e9j\u00e0 \u00e9t\u00e9 vu plusieurs fois dans les tribunes, parfois avec son fils, le prince George<\/strong><\/a>, \u00e0 qui il a transmis sa passion. Ce soir, il viendra encourager son \u00e9quipe pr\u00e9f\u00e9r\u00e9e au Parc des Princes, certains fans chanceux pourraient bien croiser le prince de Galles dans les all\u00e9es du stade.<\/p>\n","protected":false},"excerpt":{"rendered":"Ce mercredi 9 avril, le prince William sera \u00e0 Paris pour assister au match de Ligue des champions&hellip;\n","protected":false},"author":2,"featured_media":12822,"comment_status":"","ping_status":"","sticky":false,"template":"","format":"standard","meta":{"footnotes":""},"categories":[1888],"tags":[1111,1928,11,1927,1777,674,5860,63,1011,27,5859,5861,5858,12,1926,2334,626,1925,25,4867,5857],"class_list":{"0":"post-12821","1":"post","2":"type-post","3":"status-publish","4":"format-standard","5":"has-post-thumbnail","7":"category-paris","8":"tag-actu","9":"tag-actu-paris","10":"tag-actualites","11":"tag-actualites-paris","12":"tag-eu","13":"tag-europe","14":"tag-famille-royale-dangleterre","15":"tag-football","16":"tag-fr","17":"tag-france","18":"tag-george-dangleterre","19":"tag-gotha","20":"tag-kate-middleton","21":"tag-news","22":"tag-news-paris","23":"tag-parc-des-princes","24":"tag-paris","25":"tag-paris-news","26":"tag-republique-francaise","27":"tag-royautu00e9","28":"tag-william-dangleterre"},"share_on_mastodon":{"url":"https:\/\/pubeurope.com\/@fr\/114308445912580033","error":""},"_links":{"self":[{"href":"https:\/\/www.europesays.com\/fr\/wp-json\/wp\/v2\/posts\/12821","targetHints":{"allow":["GET"]}}],"collection":[{"href":"https:\/\/www.europesays.com\/fr\/wp-json\/wp\/v2\/posts"}],"about":[{"href":"https:\/\/www.europesays.com\/fr\/wp-json\/wp\/v2\/types\/post"}],"author":[{"embeddable":true,"href":"https:\/\/www.europesays.com\/fr\/wp-json\/wp\/v2\/users\/2"}],"replies":[{"embeddable":true,"href":"https:\/\/www.europesays.com\/fr\/wp-json\/wp\/v2\/comments?post=12821"}],"version-history":[{"count":0,"href":"https:\/\/www.europesays.com\/fr\/wp-json\/wp\/v2\/posts\/12821\/revisions"}],"wp:featuredmedia":[{"embeddable":true,"href":"https:\/\/www.europesays.com\/fr\/wp-json\/wp\/v2\/media\/12822"}],"wp:attachment":[{"href":"https:\/\/www.europesays.com\/fr\/wp-json\/wp\/v2\/media?parent=12821"}],"wp:term":[{"taxonomy":"category","embeddable":true,"href":"https:\/\/www.europesays.com\/fr\/wp-json\/wp\/v2\/categories?post=12821"},{"taxonomy":"post_tag","embeddable":true,"href":"https:\/\/www.europesays.com\/fr\/wp-json\/wp\/v2\/tags?post=12821"}],"curies":[{"name":"wp","href":"https:\/\/api.w.org\/{rel}","templated":true}]}}