{"id":128218,"date":"2025-05-26T02:26:09","date_gmt":"2025-05-26T02:26:09","guid":{"rendered":"https:\/\/www.europesays.com\/fr\/128218\/"},"modified":"2025-05-26T02:26:09","modified_gmt":"2025-05-26T02:26:09","slug":"des-policiers-et-gendarmes-deployes-dans-les-alpes-maritimes-pour-securiser-un-certain-nombre-dinstallations-electriques","status":"publish","type":"post","link":"https:\/\/www.europesays.com\/fr\/128218\/","title":{"rendered":"Des policiers et gendarmes d\u00e9ploy\u00e9s dans les Alpes-Maritimes pour s\u00e9curiser un certain nombre d\u2019installations \u00e9lectriques"},"content":{"rendered":"<p>A la suite du sabotage de<a href=\"https:\/\/www.nicematin.com\/sujet\/panne-delectricite-geante\" target=\"_blank\" rel=\"noopener\"> trois infrastructures \u00e9lectriques dans les Alpes-Maritimes et le Var ce samedi et ce dimanche<\/a> &#8211; l\u2019usine RTE de Tanneron, un pyl\u00f4ne \u00e0 Villeneuve-Loubet et un transformateur \u00e9lectrique \u00e0 Nice &#8211; le pr\u00e9fet des Alpes-Maritimes Laurent Hottiaux a annonc\u00e9 ce dimanche soir que <strong>des policiers et des gendarmes sont d\u00e9ploy\u00e9s sur un certain nombre de sites \u00e9lectriques du d\u00e9partement particuli\u00e8rement sensibles<\/strong>.<\/p>\n<p>Il a \u00e9galement indiqu\u00e9 que \u00ab\u00a0les services d\u2019enqu\u00eate sont mobilis\u00e9s au niveau d\u00e9partemental et national pour interpeller les auteurs de ces actes\u00a0\u00bb.<\/p>\n<p>\u00ab\u00a0\u00c9trange co\u00efncidence\u00a0\u00bb<\/p>\n<p>Sans pr\u00e9juger des r\u00e9sultats de l\u2019enqu\u00eate en cours pour d\u00e9terminer si un seul et m\u00eame groupe est \u00e0 l\u2019origine des trois sabotages, le repr\u00e9sentant de l\u2019\u00c9tat y voit \u00ab\u00a0une \u00e9trange co\u00efncidence\u00a0\u00bb.<\/p>\n<p>Il a \u00e9galement indiqu\u00e9 que <a href=\"https:\/\/www.nicematin.com\/faits-divers\/l-obscenite-du-festival-de-cannes-thales-et-l-aeroport-aussi-vises-prochaines-cibles-ce-que-l-on-sait-de-la-revendication-des-sabotages-electriques-par-des-anarchistes-987387\" target=\"_blank\" rel=\"noopener\">la revendication d\u2019un collectif anarchiste<\/a>, rendue publique ce dimanche, fait l\u2019objet \u00ab\u00a0d\u2019un examen approfondi par les services d\u2019enqu\u00eate\u00a0\u00bb. <\/p>\n<p>Laurent Hottiaux \u00ab\u00a0condamne tr\u00e8s fermement ces actes qui ont mis en danger la population, notamment les plus fragiles\u00a0\u00bb. Il s\u2019est f\u00e9licit\u00e9 de \u00ab\u00a0la formidable mobilisation (&#8230;) qui nous a permis samedi de r\u00e9tablir l\u2019\u00e9lectricit\u00e9 en 6 heures\u00a0\u00bb ainsi que la r\u00e9activit\u00e9 des services de secours ce dimanche \u00e0 Nice.<\/p>\n","protected":false},"excerpt":{"rendered":"A la suite du sabotage de trois infrastructures \u00e9lectriques dans les Alpes-Maritimes et le Var ce samedi et&hellip;\n","protected":false},"author":2,"featured_media":128219,"comment_status":"","ping_status":"","sticky":false,"template":"","format":"standard","meta":{"footnotes":""},"categories":[2],"tags":[11,332,1011,27,12,25],"class_list":{"0":"post-128218","1":"post","2":"type-post","3":"status-publish","4":"format-standard","5":"has-post-thumbnail","7":"category-actualites","8":"tag-actualites","9":"tag-faits-de-societe","10":"tag-fr","11":"tag-france","12":"tag-news","13":"tag-republique-francaise"},"share_on_mastodon":{"url":"https:\/\/pubeurope.com\/@fr\/114571770840991359","error":""},"_links":{"self":[{"href":"https:\/\/www.europesays.com\/fr\/wp-json\/wp\/v2\/posts\/128218","targetHints":{"allow":["GET"]}}],"collection":[{"href":"https:\/\/www.europesays.com\/fr\/wp-json\/wp\/v2\/posts"}],"about":[{"href":"https:\/\/www.europesays.com\/fr\/wp-json\/wp\/v2\/types\/post"}],"author":[{"embeddable":true,"href":"https:\/\/www.europesays.com\/fr\/wp-json\/wp\/v2\/users\/2"}],"replies":[{"embeddable":true,"href":"https:\/\/www.europesays.com\/fr\/wp-json\/wp\/v2\/comments?post=128218"}],"version-history":[{"count":0,"href":"https:\/\/www.europesays.com\/fr\/wp-json\/wp\/v2\/posts\/128218\/revisions"}],"wp:featuredmedia":[{"embeddable":true,"href":"https:\/\/www.europesays.com\/fr\/wp-json\/wp\/v2\/media\/128219"}],"wp:attachment":[{"href":"https:\/\/www.europesays.com\/fr\/wp-json\/wp\/v2\/media?parent=128218"}],"wp:term":[{"taxonomy":"category","embeddable":true,"href":"https:\/\/www.europesays.com\/fr\/wp-json\/wp\/v2\/categories?post=128218"},{"taxonomy":"post_tag","embeddable":true,"href":"https:\/\/www.europesays.com\/fr\/wp-json\/wp\/v2\/tags?post=128218"}],"curies":[{"name":"wp","href":"https:\/\/api.w.org\/{rel}","templated":true}]}}