{"id":128226,"date":"2025-05-26T02:31:21","date_gmt":"2025-05-26T02:31:21","guid":{"rendered":"https:\/\/www.europesays.com\/fr\/128226\/"},"modified":"2025-05-26T02:31:21","modified_gmt":"2025-05-26T02:31:21","slug":"bouffeuses-de-chttes-recits-glacants-de-temoins-un-homme-discret-dans-la-tourmente","status":"publish","type":"post","link":"https:\/\/www.europesays.com\/fr\/128226\/","title":{"rendered":"\u201cBouffeuses de ch*ttes\u201d : r\u00e9cits gla\u00e7ants de t\u00e9moins, un homme discret dans la tourmente"},"content":{"rendered":"<p><strong>Un courrier gla\u00e7ant et bouleversant.<\/strong> Ce jeudi<br \/>\n22 mai 2025, nos confr\u00e8res de France Inter ont eu acc\u00e8s \u00e0 une<br \/>\nlettre \u00e9crite par les joueuses de rugby du <a href=\"https:\/\/www.closermag.fr\/tv_tele_realite\/tas-vu-ta-gueule-max-guazzini-cash-sur-le-calendrier-des-dieux-du-stade-3351906\" rel=\"nofollow noopener\" target=\"_blank\"><br \/>\nStade Fran\u00e7ais<\/a>, dans laquelle elles demandent \u201cla d\u00e9mission<br \/>\nimm\u00e9diate\u201d de leur ancien directeur sportif, qui est toujours<br \/>\nen fonction au sein de leur club.<\/p>\n<p>Accus\u00e9 de <a href=\"https:\/\/www.sports.fr\/rugby\/stade-francais-les-terribles-accusations-923174.html\" rel=\"nofollow noopener\" target=\"_blank\"><br \/>\npropos sexistes et homophobes<\/a>, l\u2019homme aurait un comportement<br \/>\nr\u00e9pr\u00e9hensible \u00e0 plusieurs reprises. \u00ab\u00a0Nous, joueuses de l\u2019\u00e9quipe<br \/>\nf\u00e9minine du Stade Fran\u00e7ais, prenons aujourd\u2019hui la parole<br \/>\npubliquement. Pour d\u00e9noncer avec force <strong>les propos sexistes<br \/>\net homophobes<\/strong> qui auraient \u00e9t\u00e9 tenus par notre directeur<br \/>\nsportif \u00e0 l\u2019encontre des membres de notre \u00e9quipe\u00a0\u00bb, \u00e9crivent<br \/>\nainsi les joueuses.\u00a0<\/p>\n<p>Les joueuses du Stade Fran\u00e7ais d\u00e9noncent les propos homophobes<br \/>\nd&rsquo;un cadre du club<\/p>\n<p>Ainsi, les joueuses demandent \u201cla d\u00e9mission imm\u00e9diate du<br \/>\ndirecteur sportif de toutes ses fonctions au sein du Stade Fran\u00e7ais<br \/>\n; la reconnaissance publique et la condamnation officielle des<br \/>\npropos tenus, par le club et les instances sportives comp\u00e9tentes ;<br \/>\nla garantie qu\u2019aucune mesure de r\u00e9torsion ne sera prise \u00e0<br \/>\nl\u2019encontre des personnes ayant t\u00e9moign\u00e9, d\u00e9nonc\u00e9 ou exprim\u00e9 leur<br \/>\nsoutien\u00a0\u00bb.<\/p>\n<p>C\u2019est la premi\u00e8re prise de parole des joueuses du <a href=\"https:\/\/www.closermag.fr\/tag\/rugby\" rel=\"nofollow noopener\" target=\"_blank\">Stade Fran\u00e7ais.<\/a> \u00ab\u00a0Il a<br \/>\ncatalogu\u00e9 mes co\u00e9quipi\u00e8res de &lsquo;bouffeuses de ch*ttes&rsquo;. Moi-m\u00eame,<br \/>\n<strong>je suis en couple avec une femme.<\/strong> Je n\u2019ai jamais<br \/>\nvraiment os\u00e9 dire stop\u00a0\u00bb, confie alors la premi\u00e8re victime \u00e0<br \/>\navoir pris la parole. Pr\u00e9nomm\u00e9e Laura, elle est directrice b\u00e9n\u00e9vole<br \/>\ndes Pink Rockets depuis 2023.\u00a0<\/p>\n<p>L&rsquo;avocat du mis en cause brise le<br \/>\nsilence<\/p>\n<p>Face \u00e0 de telles accusations, l\u2019avocat de l\u2019ancien directeur<br \/>\nsportif a alors d\u00e9cid\u00e9 de prendre la parole.\u00a0\u00bbOn peut comprendre<br \/>\nque ces propos choquent, mais ils n&rsquo;ont aucune <strong>port\u00e9e<br \/>\nhomophobe dans sa bouche<\/strong>\u00ab\u00a0, lance-t-il.<\/p>\n<p>Pour prouver la bonne foi de son client, il pr\u00e9cise : \u00ab\u00a0C&rsquo;est<br \/>\nquelqu&rsquo;un qui est tr\u00e8s investi pour apporter aux joueuses les m\u00eames<br \/>\nconditions que leurs homologues masculins. Il n&rsquo;y a aucune raison<br \/>\naujourd&rsquo;hui pour qu&rsquo;il ne continue pas son engagement, qu&rsquo;il a<br \/>\ndepuis dix ans, aupr\u00e8s du rugby f\u00e9minin\u00a0\u00bb. Le Stade Fran\u00e7ais a<br \/>\nindiqu\u00e9 que les faits d\u00e9nonc\u00e9s allaient \u201c\u00e0 l\u2019encontre des<br \/>\nprincipes sur lesquels le club s\u2019appuie\u00a0\u00bb. Il avait appel\u00e9 \u00e0<br \/>\nune \u00ab\u00a0vigilance permanente de tous\u00a0\u00bb afin \u00ab\u00a0que cela ne<br \/>\nse reproduise pas\u00a0\u00bb.<\/p>\n","protected":false},"excerpt":{"rendered":"Un courrier gla\u00e7ant et bouleversant. Ce jeudi 22 mai 2025, nos confr\u00e8res de France Inter ont eu acc\u00e8s&hellip;\n","protected":false},"author":2,"featured_media":128227,"comment_status":"","ping_status":"","sticky":false,"template":"","format":"standard","meta":{"footnotes":""},"categories":[1416],"tags":[548,1011,27,479,1468,60],"class_list":{"0":"post-128226","1":"post","2":"type-post","3":"status-publish","4":"format-standard","5":"has-post-thumbnail","7":"category-rugby","8":"tag-article-simple","9":"tag-fr","10":"tag-france","11":"tag-rugby","12":"tag-rugby-football","13":"tag-sports"},"share_on_mastodon":{"url":"https:\/\/pubeurope.com\/@fr\/114571790468313756","error":""},"_links":{"self":[{"href":"https:\/\/www.europesays.com\/fr\/wp-json\/wp\/v2\/posts\/128226","targetHints":{"allow":["GET"]}}],"collection":[{"href":"https:\/\/www.europesays.com\/fr\/wp-json\/wp\/v2\/posts"}],"about":[{"href":"https:\/\/www.europesays.com\/fr\/wp-json\/wp\/v2\/types\/post"}],"author":[{"embeddable":true,"href":"https:\/\/www.europesays.com\/fr\/wp-json\/wp\/v2\/users\/2"}],"replies":[{"embeddable":true,"href":"https:\/\/www.europesays.com\/fr\/wp-json\/wp\/v2\/comments?post=128226"}],"version-history":[{"count":0,"href":"https:\/\/www.europesays.com\/fr\/wp-json\/wp\/v2\/posts\/128226\/revisions"}],"wp:featuredmedia":[{"embeddable":true,"href":"https:\/\/www.europesays.com\/fr\/wp-json\/wp\/v2\/media\/128227"}],"wp:attachment":[{"href":"https:\/\/www.europesays.com\/fr\/wp-json\/wp\/v2\/media?parent=128226"}],"wp:term":[{"taxonomy":"category","embeddable":true,"href":"https:\/\/www.europesays.com\/fr\/wp-json\/wp\/v2\/categories?post=128226"},{"taxonomy":"post_tag","embeddable":true,"href":"https:\/\/www.europesays.com\/fr\/wp-json\/wp\/v2\/tags?post=128226"}],"curies":[{"name":"wp","href":"https:\/\/api.w.org\/{rel}","templated":true}]}}