{"id":12827,"date":"2025-04-09T14:22:12","date_gmt":"2025-04-09T14:22:12","guid":{"rendered":"https:\/\/www.europesays.com\/fr\/12827\/"},"modified":"2025-04-09T14:22:12","modified_gmt":"2025-04-09T14:22:12","slug":"en-direct-guerre-en-ukraine-le-futur-gouvernement-allemand-promet-un-soutien-complet-a-kiev","status":"publish","type":"post","link":"https:\/\/www.europesays.com\/fr\/12827\/","title":{"rendered":"EN DIRECT &#8211; Guerre en Ukraine : le futur gouvernement allemand promet un \u00ab\u00a0soutien complet\u00a0\u00bb \u00e0 Kiev"},"content":{"rendered":"<p>Le futur gouvernement allemand a promis mercredi un \u00ab\u00a0soutien complet\u00a0\u00bb \u00e0 l&rsquo;Ukraine dans sa guerre contre la Russie.Suivez les derni\u00e8res informations.<a href=\"https:\/\/www.tf1info.fr\/actualite\/invasion-de-l-ukraine-par-la-russie-une-guerre-qui-dure-12951\/\" rel=\"nofollow noopener\" class=\"jsx-3118104007 Link jsx-1428418400 jsx-554215408\" target=\"_blank\"><\/p>\n<p style=\"font-weight:400\" class=\"jsx-1837267516\">Suivez la couverture compl\u00e8te<\/p>\n<p style=\"font-weight:800\" class=\"jsx-1837267516\">Ukraine : 4\u1d49 ann\u00e9e de guerre<\/p>\n<p><\/a>Les \u00e9l\u00e9ments marquants11:47 CHINOIS CAPTUR\u00c9S : LE KREMLIN REFUSE TOUT COMMENTAIRE <\/p>\n<p>Le Kremlin a refus\u00e9 mercredi de commenter l&rsquo;annonce la veille par Kiev de la capture de deux ressortissants chinois accus\u00e9s de combattre au sein de l&rsquo;arm\u00e9e russe en Ukraine.<\/p>\n<p>\u00ab\u00a0Je ne peux faire aucun commentaire sur cette question\u00a0\u00bb, a d\u00e9clar\u00e9 le porte-parole de la pr\u00e9sidence russe Dmitri Peskov, interrog\u00e9 \u00e0 ce sujet lors d&rsquo;un briefing auquel participe l&rsquo;AFP.<\/p>\n<p>Minute par minute16:06L&rsquo;ALLEMAGNE PROMET UN \u00ab\u00a0SOUTIEN COMPLET\u00a0\u00bb \u00c0 L&rsquo;UKRAINE  ET VEUT AUGMENTER SES D\u00c9PENSES DE D\u00c9FENSE<\/p>\n<p>Le futur gouvernement allemand promet un \u00ab\u00a0soutien complet\u00a0\u00bb \u00e0 l&rsquo;Ukraine sur le plan militaire et diplomatique face \u00e0 la guerre d&rsquo;agression de la Russie, dans le texte de coalition entre conservateurs de Friedrich Merz et sociaux-d\u00e9mocrates pr\u00e9sent\u00e9 mercredi.\u00a0<\/p>\n<p>Le futur gouvernement allemand de Friedrich Merz a promis mercredi d&rsquo;augmenter fortement les d\u00e9penses de d\u00e9fense dans les ann\u00e9es \u00e0 venir pour permettre au pays et \u00e0 l&rsquo;Europe d&rsquo;assurer beaucoup plus par eux-m\u00eames leur s\u00e9curit\u00e9, face au repli am\u00e9ricain.<\/p>\n<p>16:00CHARLES III REIT\u00c8RE SON SOUTIEN \u00c0 L&rsquo;UKRAINE DEVANT LE PARLEMENT ITALIEN <\/p>\n<p>\u00ab\u00a0La paix ne doit jamais \u00eatre tenue pour acquise\u00a0\u00bb, a averti le roi d&rsquo;Angleterre Charles III lors d&rsquo;une discours devant le parlement italien, rappelant le soutien de Londres et Rome \u00e0 l&rsquo;Ukraine face \u00e0 l&rsquo;invasion russe.<\/p>\n<p>\u00ab\u00a0La Grande-Bretagne et l&rsquo;Italie sont aujourd&rsquo;hui unies dans la d\u00e9fense des valeurs d\u00e9mocratiques que nous partageons\u00a0\u00bb, a affirm\u00e9 le monarque de 76 ans. \u00ab\u00a0Nos pays sont tous deux aux c\u00f4t\u00e9s de l&rsquo;Ukraine\u00a0\u00bb, a-t-il ajout\u00e9.<\/p>\n<p>14:53UN COMBATTANT LITUANIEN TU\u00c9 EN UKRAINE <\/p>\n<p>Un volontaire lituanien a \u00e9t\u00e9 tu\u00e9 au combat contre les troupes russes dans l&rsquo;est de l&rsquo;Ukraine, a annonc\u00e9 mercredi une ONG. Le corps de Tomas V. a \u00e9t\u00e9 retrouv\u00e9 sur le champ de bataille pr\u00e8s de Koupiansk au cours d&rsquo;une op\u00e9ration des forces sp\u00e9ciales ukrainiennes dans la nuit de mardi \u00e0 mercredi, plusieurs semaines apr\u00e8s sa disparition en Ukraine, a d\u00e9clar\u00e9 l&rsquo;ONG lituanienne Blue\/Yellow.<\/p>\n<p>Tomas V. est le deuxi\u00e8me Lituanien engag\u00e9 aux c\u00f4t\u00e9s des troupes ukrainiennes \u00e0 avoir p\u00e9ri sur le champ de bataille, apr\u00e8s un autre tu\u00e9 l&rsquo;an dernier.<\/p>\n<p>14:33DANS LES DERNIERS VILLAGES AVANT LES RUSSES <\/p>\n<p>Thomas Misrachi, envoy\u00e9 sp\u00e9cial de LCI en Ukraine, s&rsquo;est rendu dans les r\u00e9gions de Kharkiv et Zaporijia, symboles des derniers lieux de r\u00e9sistance ukrainienne face \u00e0 l&rsquo;avanc\u00e9e russe.\u00a0<\/p>\n<p>LCI SUR LE TERRAIN &#8211; Dans les derniers villages ukrainiens avant les RussesSource : Le Temps de l&rsquo;Info<\/p>\n<p><a href=\"https:\/\/www.tf1info.fr\/international\/videos\/video-lci-sur-le-terrain-dans-les-derniers-villages-ukrainiens-avant-les-russes-60967-2364122.html\" rel=\"nofollow noopener\" class=\"jsx-3118104007 Link\" target=\"_blank\"><img decoding=\"async\" src=\"https:\/\/www.europesays.com\/fr\/wp-content\/uploads\/2025\/04\/lci-sur-le-terrain-dans-les-derniers-villages-ukrainiens-avant-les-russes-ed480f-0@1x.jpeg\" alt=\"\" loading=\"lazy\" importance=\"low\" fetchpriority=\"low\" class=\"\" aria-hidden=\"true\"\/><\/p>\n<p>03:39<\/p>\n<p><\/a>14:07UN CHEF DE L&rsquo;ARM\u00c9E UKRAINIENNE POINT\u00c9 DU DOIGT <\/p>\n<p>Oleksandr Syrskyi risque des vies avec des ordres \u00ab\u00a0\u00e0 la limite de la criminalit\u00e9\u00a0\u00bb, d\u00e9clare Bohdan Krotevych, ancien chef de la brigade Azov, qui a quitt\u00e9 l&rsquo;arm\u00e9e en f\u00e9vrier.\u00a0Il est sorti de son silence mardi pour vilipender la gestion de la guerre par l&rsquo;\u00e9tat-major ukrainien. En particulier les choix du g\u00e9n\u00e9ral Oleksander Syrskyi, dont il r\u00e9clame la d\u00e9mission.<\/p>\n<p>International<img decoding=\"async\" src=\"https:\/\/www.europesays.com\/fr\/wp-content\/uploads\/2025\/04\/oleksandr-syrskyi-et-volodymyr-zelensky-a5c9af-0@1x.jpeg\" alt=\"&quot;Il doit partir&quot; : en Ukraine, le chef de l'arm\u00e9e accus\u00e9 de mettre en danger la vie des soldats\" loading=\"lazy\" importance=\"low\" fetchpriority=\"low\" class=\"\" copyright=\"AFP\" aria-hidden=\"true\"\/><\/p>\n<p>Publi\u00e9 aujourd&rsquo;hui \u00e0 10h48<\/p>\n<p>11:54D\u00c9TENTION D&rsquo;UNE EMPLOY\u00c9E RUSSE : UN INCIDENT QUI \u00ab\u00a0AGGRAVE\u00a0\u00bb  LES RELATIONS FRANCE &#8211; RUSSIE <\/p>\n<p>Le Kremlin a d\u00e9nonc\u00e9 mercredi la br\u00e8ve d\u00e9tention en France d&rsquo;une employ\u00e9e gouvernementale russe dans un a\u00e9roport, d\u00e9plorant un incident qui \u00ab\u00a0aggrave encore plus\u00a0\u00bb les relations d\u00e9j\u00e0 tendues entre Paris et Moscou.<\/p>\n<p>\u00ab\u00a0Bien entendu, nous condamnons de tels agissements de la France et les consid\u00e9rons comme inadmissibles (&#8230;) Cela aggrave encore plus nos relations bilat\u00e9rales d\u00e9j\u00e0 ab\u00eem\u00e9es\u00a0\u00bb, a d\u00e9clar\u00e9 le porte-parole de la pr\u00e9sidence russe, Dmitri Peskov, lors d&rsquo;un briefing auquel participe l&rsquo;AFP.<\/p>\n<p>11:47 CHINOIS CAPTUR\u00c9S : LE KREMLIN REFUSE TOUT COMMENTAIRE <\/p>\n<p>Le Kremlin a refus\u00e9 mercredi de commenter l&rsquo;annonce la veille par Kiev de la capture de deux ressortissants chinois accus\u00e9s de combattre au sein de l&rsquo;arm\u00e9e russe en Ukraine.<\/p>\n<p>\u00ab\u00a0Je ne peux faire aucun commentaire sur cette question\u00a0\u00bb, a d\u00e9clar\u00e9 le porte-parole de la pr\u00e9sidence russe Dmitri Peskov, interrog\u00e9 \u00e0 ce sujet lors d&rsquo;un briefing auquel participe l&rsquo;AFP.<\/p>\n<p>11:43&Prime;UNE ARRESTATION HONTEUSE\u00a0\u00bb <\/p>\n<p>Apr\u00e8s la convocation de l&rsquo;ambassadeur fran\u00e7ais \u00e0 Moscou, notre correspondant en Russie donne quelques pr\u00e9cisions. Il rapporte les propos de Maria Zakharova, porte-parole du minist\u00e8re russe des Affaires \u00e9trang\u00e8res, qui qualifie l&rsquo;arrestation de \u00ab\u00a0honteuse\u00a0\u00bb. Selon elle, l&#8217;employ\u00e9e a \u00e9t\u00e9 d\u00e9tenue 24 heures apr\u00e8s son arriv\u00e9e en France, et son ordinateur ainsi que son t\u00e9l\u00e9phone ont \u00e9t\u00e9 confisqu\u00e9s. La Russie avertit la France de \u00ab\u00a0cons\u00e9quences\u00a0\u00bb, sans fournir de d\u00e9tails suppl\u00e9mentaires.<\/p>\n<p>Incident diplomatique entre la France et la RussieSource : TF1 Info<\/p>\n<p><img decoding=\"async\" src=\"https:\/\/www.europesays.com\/fr\/wp-content\/uploads\/2025\/04\/incident-diplomatique-entre-la-france-et-la-russie-2fcbea-0@1x.jpeg\" alt=\"Incident diplomatique entre la France et la Russie\" loading=\"lazy\" importance=\"low\" fetchpriority=\"low\" class=\"\"\/><img decoding=\"async\" src=\"https:\/\/www.europesays.com\/fr\/wp-content\/uploads\/2025\/04\/player-logo-play.svg.svg+xml\" alt=\"Logo lecture\" class=\"jsx-d0de44c05fe3042c PlayerLazyload__Play\"\/>10:45L&rsquo;AMBASSADEUR FRAN\u00c7AIS A MOSCOU CONVOQU\u00c9<\/p>\n<p>Le nouvel ambassadeur fran\u00e7ais \u00e0 Moscou, Nicolas de Rivi\u00e8re, a \u00e9t\u00e9 convoqu\u00e9 au minist\u00e8re russe des Affaires \u00e9trang\u00e8res, apr\u00e8s la br\u00e8ve d\u00e9tention d&rsquo;une employ\u00e9e d&rsquo;un minist\u00e8re russe dans un a\u00e9roport fran\u00e7ais, a annonc\u00e9 mercredi la porte-parole de la diplomatie russe.<\/p>\n<p>\u00ab\u00a0Suite aux d\u00e9marches entreprises, notre coll\u00e8gue a finalement \u00e9t\u00e9 autoris\u00e9e \u00e0 entrer dans le pays, mais elle a d\u00fb passer une journ\u00e9e dans la zone frontali\u00e8re de l&rsquo;a\u00e9roport\u00a0\u00bb, a d\u00e9nonc\u00e9 Maria Zakharova lors de son briefing hebdomadaire. \u00ab\u00a0Nous n&rsquo;avons pas l&rsquo;intention de laisser cette situation sans cons\u00e9quences\u00a0\u00bb, a-t-elle averti apr\u00e8s cet incident diplomatique entre Moscou et Paris.<\/p>\n<p>09:42&Prime;SANS FONDEMENT\u00a0\u00bb<\/p>\n<p>P\u00e9kin a d\u00e9nonc\u00e9 mercredi les accusations \u00ab\u00a0sans fondement\u00a0\u00bb de Kiev selon lesquelles \u00ab\u00a0beaucoup plus\u00a0\u00bb de citoyens chinois combattent avec les forces russes contre l&rsquo;Ukraine, apr\u00e8s la capture de deux ressortissants du pays asiatique.<\/p>\n<p>\u00ab\u00a0La position de la Chine sur la crise ukrainienne est claire et sans ambigu\u00eft\u00e9, et elle est largement approuv\u00e9e par la communaut\u00e9 internationale\u00a0\u00bb, a indiqu\u00e9 lors d&rsquo;un point presse r\u00e9gulier Lin Jian, un porte-parole du minist\u00e8re chinois des Affaires \u00e9trang\u00e8res.<\/p>\n<p>Selon des informations pr\u00e9liminaires, il s&rsquo;agit de personnes qui ont sign\u00e9 \u00ab\u00a0un contrat\u00a0\u00bb avec l&rsquo;arm\u00e9e russe plut\u00f4t que de l&rsquo;envoi par P\u00e9kin de troupes r\u00e9guli\u00e8res sur le front ukrainien, a dit \u00e0 l&rsquo;AFP un haut responsable ukrainien sous le couvert de l&rsquo;anonymat.<\/p>\n<p>09:37COMBATTANTS CHINOIS<\/p>\n<p>La Chine a appel\u00e9 mercredi ses ressortissants \u00e0 \u00e9viter les zones de guerre apr\u00e8s l&rsquo;annonce par Kiev de la capture de deux Chinois qui auraient combattu au sein de l&rsquo;arm\u00e9e russe dans l&rsquo;est de l&rsquo;Ukraine.<\/p>\n<p>\u00ab\u00a0Le gouvernement chinois a toujours demand\u00e9 \u00e0 ses citoyens de se tenir \u00e0 l&rsquo;\u00e9cart des zones de conflit arm\u00e9, d&rsquo;\u00e9viter d&rsquo;\u00eatre impliqu\u00e9s dans des conflits arm\u00e9s sous quelque forme que ce soit et, en particulier, d&rsquo;\u00e9viter de participer aux op\u00e9rations militaires de quelque partie que ce soit\u00a0\u00bb, a indiqu\u00e9 devant la presse Lin Jian, un porte-parole du minist\u00e8re chinois des Affaires \u00e9trang\u00e8res.<\/p>\n<p>09:2055 DRONES ABATTUS<\/p>\n<p>Dans son rapport quotidien, l\u2019arm\u00e9e de Kiev pr\u00e9cise que \u00ab\u00a055 drones d\u2019attaque de type Shahed et divers types de drones imitateurs\u00a0\u00bb ont survol\u00e9 l\u2019Ukraine dans la nuit de mardi \u00e0 mercredi.<\/p>\n<p>Ils ont \u00e9t\u00e9 tir\u00e9s depuis les villes de Koursk, de Millerovo et de Primorsko-Akhtarsk, ainsi que de Crim\u00e9e.<\/p>\n<p>06:1520 BLESS\u00c9S EN UKRAINE<\/p>\n<p>Au moins vingt personnes ont \u00e9t\u00e9 bless\u00e9es cette nuit dans des attaques de drones russes contre plusieurs villes en Ukraine, selon les autorit\u00e9s locales. \u00c0 Dnipro (sud-est), un nombre ind\u00e9termin\u00e9 de drones ont frapp\u00e9 des immeubles r\u00e9sidentiels, faisant au moins 14 bless\u00e9s dont un grave, a \u00e9crit sur Telegram le gouverneur r\u00e9gional Sergui\u00ef Lyssak.<\/p>\n<p>\u00c0 Kramatorsk (sud-est), au moins trois personnes, dont une enfant de 11 ans, ont \u00e9t\u00e9 bless\u00e9es lors d'\u00a0\u00bbune attaque massive par des drones russes\u00a0\u00bb, a indiqu\u00e9 sur Telegram le chef de la r\u00e9gion de Donetsk, Vadym Filachkine.<\/p>\n<p>Trois personnes ont par ailleurs \u00e9t\u00e9 bless\u00e9es par une vingtaine de drones russes qui ont vis\u00e9 des immeubles r\u00e9sidentiels et des installations industrielles \u00e0 Kharkiv (est), selon le bureau du procureur r\u00e9gional.<\/p>\n<p>En Russie, le gouverneur de la r\u00e9gion de Rostov, frontali\u00e8re de l&rsquo;Ukraine, a fait \u00e9tat d&rsquo;interceptions de plusieurs drones ukrainiens qui n&rsquo;ont pas fait de victime.<\/p>\n<p data-module=\"article-paragraph\" class=\"jsx-362436225 Paragraph\">Les \u00c9tats-Unis et la Russie tiendront de<a href=\"https:\/\/www.tf1info.fr\/international\/ukraine-russie-proposition-de-cessez-le-feu-en-ukraine-donald-trump-evoque-de-tres-bonnes-discussions-avec-vladimir-poutine-2359420.html\" rel=\"nofollow noopener\" target=\"_blank\"> nouvelles discussions<\/a> jeudi en Turquie sur le r\u00e9tablissement de certaines activit\u00e9s de leurs ambassades qui ont \u00e9t\u00e9 consid\u00e9rablement r\u00e9duites \u00e0 la suite de <a href=\"https:\/\/www.tf1info.fr\/international\/un-an-de-guerre-ukraine-russie-24-fevrier-2022-heure-par-heure-le-jour-ou-la-russie-de-poutine-a-lance-l-invasion-2249042.html\" rel=\"nofollow noopener\" target=\"_blank\">l&rsquo;invasion de l&rsquo;Ukraine par Moscou<\/a>, a annonc\u00e9 mardi 8 avril le d\u00e9partement d&rsquo;\u00c9tat am\u00e9ricain.<\/p>\n<p data-module=\"article-paragraph\" class=\"jsx-362436225 Paragraph Paragraph__End\">\u00ab\u00a0Le 10 avril, les d\u00e9l\u00e9gations am\u00e9ricaine et russe se r\u00e9uniront pour la deuxi\u00e8me fois \u00e0 Istanbul afin d&rsquo;essayer de progresser dans la stabilisation des op\u00e9rations de nos missions bilat\u00e9rales\u00a0\u00bb, a d\u00e9clar\u00e9 \u00e0 la presse la porte-parole du d\u00e9partement d&rsquo;\u00c9tat Tammy Bruce. \u00ab\u00a0Il n&rsquo;y a pas de questions politiques ou de s\u00e9curit\u00e9 \u00e0 l&rsquo;ordre du jour, et l&rsquo;Ukraine n&rsquo;est pas &#8211; absolument pas &#8211; \u00e0 l&rsquo;ordre du jour\u00a0\u00bb, a-t-elle insist\u00e9<\/p>\n<p data-module=\"article-paragraph\" class=\"jsx-362436225 Paragraph\">\u00ab\u00a0Ces discussions portent uniquement sur les op\u00e9rations de nos ambassades, et non sur la normalisation des <a href=\"https:\/\/www.tf1info.fr\/international\/donald-trump-et-vladimir-poutine-veulent-normaliser-les-relations-russo-americaines-2012570.html\" rel=\"nofollow noopener\" target=\"_blank\">relations bilat\u00e9rales<\/a> en g\u00e9n\u00e9ral, ce qui ne pourra se produire, comme nous l&rsquo;avons not\u00e9, qu&rsquo;une fois que la paix sera revenue entre la Russie et l&rsquo;Ukraine\u00a0\u00bb, a poursuivi la porte-parole am\u00e9ricaine.<\/p>\n<p data-module=\"article-paragraph\" class=\"jsx-362436225 Paragraph Paragraph__End\">Selon le minist\u00e8re russe des Affaires \u00e9trang\u00e8res, cit\u00e9 par les agences russes, la d\u00e9l\u00e9gation russe sera dirig\u00e9e par l&rsquo;ambassadeur de Russie aux \u00c9tats-Unis Alexandre Darchiev, et la d\u00e9l\u00e9gation am\u00e9ricaine par la sous-secr\u00e9taire d&rsquo;\u00c9tat adjointe Sonata Coulter.<\/p>\n<ul class=\"jsx-658110588 ReadMoreArticle__List flex flex-column\">\n<li class=\"jsx-658110588\"><a href=\"https:\/\/www.tf1info.fr\/international\/video-lci-sur-le-terrain-guerre-en-ukraine-russie-kharkiv-sous-le-feu-incessant-des-bombes-2363065.html\" rel=\"nofollow noopener\" class=\"jsx-4233824444 Link flex\" target=\"_blank\"><img decoding=\"async\" src=\"https:\/\/www.europesays.com\/fr\/wp-content\/uploads\/2025\/04\/lci-sur-le-terrain-guerre-en-ukraine-russie-kharkiv-sous-pression-incessante-des-bombes-7a888c-0@1x..jpeg\" alt=\"Lire aussi\" loading=\"lazy\" importance=\"low\" fetchpriority=\"low\" class=\"\" copyright=\"Capture vid\u00e9o LCI\"\/>\n<p class=\"jsx-658110588 ReadMoreArticle__Title\">Lire aussi<\/p>\n<p class=\"jsx-658110588\">LCI SUR LE TERRAIN &#8211; Guerre en Ukraine : Kharkiv sous le feu incessant des bombes<\/p>\n<p><\/a><\/li>\n<\/ul>\n<p data-module=\"article-paragraph\" class=\"jsx-362436225 Paragraph\">Am\u00e9ricains et Russes se sont d\u00e9j\u00e0 retrouv\u00e9s \u00e0 Istanbul fin f\u00e9vrier au sujet du travail de leurs missions diplomatiques, en plein rapprochement acc\u00e9l\u00e9r\u00e9 de Moscou et de Washington avec la volont\u00e9 affich\u00e9e de relancer les relations bilat\u00e9rales et de r\u00e9gler le conflit en Ukraine.<\/p>\n<p data-module=\"article-paragraph\" class=\"jsx-362436225 Paragraph\">Les premiers pourparlers russo-am\u00e9ricains depuis f\u00e9vrier 2022, qui se sont tenus le 18 f\u00e9vrier \u00e0 Ryad en Arabie saoudite, \u00e9taient intervenus quelques jours apr\u00e8s un appel entre Vladimir Poutine et Donald Trump, brisant ainsi la politique d&rsquo;isolement men\u00e9e par Washington depuis trois ans.<\/p>\n<p data-module=\"article-paragraph\" class=\"jsx-362436225 Paragraph Paragraph__End\"><strong>Suivez les derni\u00e8res infos dans le fil ci-dessus.<\/strong><\/p>\n<p>La r\u00e9daction de TF1info<\/p>\n","protected":false},"excerpt":{"rendered":"Le futur gouvernement allemand a promis mercredi un \u00ab\u00a0soutien complet\u00a0\u00bb \u00e0 l&rsquo;Ukraine dans sa guerre contre la Russie.Suivez&hellip;\n","protected":false},"author":2,"featured_media":12828,"comment_status":"","ping_status":"","sticky":false,"template":"","format":"standard","meta":{"footnotes":""},"categories":[1591],"tags":[1111,11,1921,75,1887,27,1918,1922,1916,12,1885,1886,132,220,1917,133,1920,135,134],"class_list":{"0":"post-12827","1":"post","2":"type-post","3":"status-publish","4":"format-standard","5":"has-post-thumbnail","7":"category-russie","8":"tag-actu","9":"tag-actualites","10":"tag-article-video","11":"tag-donald-trump","12":"tag-federation-de-russie","13":"tag-france","14":"tag-guerre-en-ukraine-une-treve-en-negociation","15":"tag-info","16":"tag-moscou","17":"tag-news","18":"tag-russia","19":"tag-russian-federation","20":"tag-russie","21":"tag-ukraine","22":"tag-ukraine-4-annee-de-guerre","23":"tag-video","24":"tag-video-international","25":"tag-vladimir-poutine","26":"tag-volodymyr-zelensky"},"share_on_mastodon":{"url":"https:\/\/pubeurope.com\/@fr\/114308457691365018","error":""},"_links":{"self":[{"href":"https:\/\/www.europesays.com\/fr\/wp-json\/wp\/v2\/posts\/12827","targetHints":{"allow":["GET"]}}],"collection":[{"href":"https:\/\/www.europesays.com\/fr\/wp-json\/wp\/v2\/posts"}],"about":[{"href":"https:\/\/www.europesays.com\/fr\/wp-json\/wp\/v2\/types\/post"}],"author":[{"embeddable":true,"href":"https:\/\/www.europesays.com\/fr\/wp-json\/wp\/v2\/users\/2"}],"replies":[{"embeddable":true,"href":"https:\/\/www.europesays.com\/fr\/wp-json\/wp\/v2\/comments?post=12827"}],"version-history":[{"count":0,"href":"https:\/\/www.europesays.com\/fr\/wp-json\/wp\/v2\/posts\/12827\/revisions"}],"wp:featuredmedia":[{"embeddable":true,"href":"https:\/\/www.europesays.com\/fr\/wp-json\/wp\/v2\/media\/12828"}],"wp:attachment":[{"href":"https:\/\/www.europesays.com\/fr\/wp-json\/wp\/v2\/media?parent=12827"}],"wp:term":[{"taxonomy":"category","embeddable":true,"href":"https:\/\/www.europesays.com\/fr\/wp-json\/wp\/v2\/categories?post=12827"},{"taxonomy":"post_tag","embeddable":true,"href":"https:\/\/www.europesays.com\/fr\/wp-json\/wp\/v2\/tags?post=12827"}],"curies":[{"name":"wp","href":"https:\/\/api.w.org\/{rel}","templated":true}]}}