{"id":128274,"date":"2025-05-26T03:08:40","date_gmt":"2025-05-26T03:08:40","guid":{"rendered":"https:\/\/www.europesays.com\/fr\/128274\/"},"modified":"2025-05-26T03:08:40","modified_gmt":"2025-05-26T03:08:40","slug":"concerts-drag-show-et-debats-la-fete-de-lhuma-revient-a-strasbourg-samedi","status":"publish","type":"post","link":"https:\/\/www.europesays.com\/fr\/128274\/","title":{"rendered":"Concerts, drag show et d\u00e9bats\u00a0:\u00a0la f\u00eate de l\u2019Huma revient \u00e0 Strasbourg samedi"},"content":{"rendered":"<p class=\"wp-block-post-excerpt__excerpt\">L\u2019\u00e9dition strasbourgeoise de la F\u00eate de l\u2019Humanit\u00e9 2025 se tiendra ce samedi 24 mai \u00e0 Neudorf. \u00c0 partir de 11h et jusque dans la soir\u00e9e auront lieu des discussions sur des sujets soci\u00e9taux, des concerts et un drag show. <\/p>\n<p class=\"font-sans\">\n\t\t\tCet article est en acc\u00e8s libre. Pour soutenir Rue89 Strasbourg,<br \/>\n\t\t\t<a class=\"underline\" href=\"https:\/\/www.rue89strasbourg.com\/abonnement\" rel=\"nofollow noopener\" target=\"_blank\">abonnez-vous<\/a>.\n\t\t<\/p>\n<p>Romain Cunat<\/p>\n<p>Publi\u00e9 le 21 mai 2025\u00a0\u00a0\u00b7\u00a0\u00a0<\/p>\n<p>Imprim\u00e9 le 26 mai 2025 \u00e0 05h08\u00a0\u00a0\u00b7\u00a0\u00a0<\/p>\n<p>\t\t\t\t\t1\u00a0minute\n<\/p>\n<p>Pour sa 6\u1d49 \u00e9dition, la F\u00eate de l\u2019Humanit\u00e9 67 s\u2019installe \u00e0 nouveau au Centre Culturel Marcel Marceau de Neudorf, ce samedi 24 mai. Comme chaque ann\u00e9e, l\u2019\u00e9v\u00e9nement entend conjuguer engagement politique et moments festifs.<\/p>\n<p>Organis\u00e9e par l\u2019association des Ami-e-s de la F\u00eate de l\u2019Humanit\u00e9 67 et la f\u00e9d\u00e9ration bas-rhinoise du Parti Communiste Fran\u00e7ais (PCF), la journ\u00e9e sera gratuite et ouverte \u00e0 toutes et tous. Il sera tout de m\u00eame possible de soutenir l\u2019\u00e9v\u00e8nement avec un <a href=\"https:\/\/www.fetedelhumanite67.fr\/infos\/\" target=\"_blank\" rel=\"noreferrer noopener nofollow\">\u00ab\u00a0bon de soutien\u00a0\u00bb d\u2019une valeur de cinq euros<\/a>.<\/p>\n<p><a href=\"https:\/\/www.rue89strasbourg.com\/abonnement\/paiement?sub=3&amp;discount=soutien2025\" rel=\"nofollow noopener\" target=\"_blank\"><img loading=\"lazy\" decoding=\"async\" width=\"970\" height=\"250\" src=\"https:\/\/www.europesays.com\/fr\/wp-content\/uploads\/2025\/05\/copie-de-copie-de-copie-de-bannie\u0300re-autopromo-2025-desktop.gif\" alt=\"\" class=\"wp-image-344621\" style=\"width:792px\"\/><\/a><\/p>\n<p><a href=\"https:\/\/www.rue89strasbourg.com\/abonnement\/paiement?sub=3&amp;discount=soutien2025\" rel=\"nofollow noopener\" target=\"_blank\"><img loading=\"lazy\" decoding=\"async\" width=\"300\" height=\"300\" src=\"https:\/\/www.europesays.com\/fr\/wp-content\/uploads\/2025\/05\/01-1.png\" alt=\"\" class=\"wp-image-344638\"  \/><\/a><\/p>\n<p>Discussions sur l\u2019action pour la paix, les m\u00e9dias, la commune<\/p>\n<p>Au programme, plusieurs prises de parole autour de grands enjeux soci\u00e9taux. Parmi elles\u00a0: un entretien avec Fabien Gay, directeur du journal L\u2019Humanit\u00e9 et s\u00e9nateur (PCF) de Seine-Saint-Denis, sur le th\u00e8me \u00ab\u00a0Comment les m\u00e9dias fa\u00e7onnent les esprits\u00a0\u00bb. D\u2019autres discussions aborderont des sujets tels que l\u2019action pour la paix dans un monde en guerre, ou la notion de commune dans le monde d\u2019aujourd\u2019hui, avec des \u00e9lus locaux comme le vice-pr\u00e9sident de l\u2019Eurom\u00e9tropole Alain Jund (Les \u00c9cologistes), ou l\u2019adjointe \u00e0 la maire de Strasbourg H\u00fclliya Turan (PCF).<\/p>\n<p>La journ\u00e9e sera ponctu\u00e9e de plusieurs temps forts artistiques\u00a0:<\/p>\n<ul class=\"wp-block-list\">\n<li>\u00e0 13h30, un concert de chanson fran\u00e7aise avec des rythmes des musiques du monde ;<\/li>\n<li>\u00e0 16h30, un spectacle tout public intitul\u00e9 T\u00eate de linotte ;<\/li>\n<li>en soir\u00e9e, un concert du groupe funk-rock Archolepsy ;<\/li>\n<li>et \u00e0 20h, une fanfare festive.<\/li>\n<\/ul>\n<p>\t\tDrag\u00a0show<\/p>\n<p>Moment fort de la journ\u00e9e\u00a0: un drag-show est pr\u00e9vu \u00e0 21h. Intitul\u00e9 Huma All-Stars, il mettra sur sc\u00e8ne plus de dix performeur\u00b7euses drag, dont six originaires de Strasbourg.<\/p>\n<p>Y <strong>aller<\/strong><\/p>\n<p><strong>La f\u00eate de l\u2019Humanit\u00e9 67<\/strong>, au Centre Culturel Marcel Marceau situ\u00e9 au 5 place Albert-Schweitzer \u00e0 Strasbourg. Entr\u00e9e libre. Retrouvez la programmation compl\u00e8te sur <a href=\"https:\/\/www.fetedelhumanite67.fr\/programmation\/\" target=\"_blank\" rel=\"noreferrer noopener nofollow\">le site de l\u2019\u00e9v\u00e9nement<\/a>.<\/p>\n","protected":false},"excerpt":{"rendered":"L\u2019\u00e9dition strasbourgeoise de la F\u00eate de l\u2019Humanit\u00e9 2025 se tiendra ce samedi 24 mai \u00e0 Neudorf. \u00c0 partir&hellip;\n","protected":false},"author":2,"featured_media":128275,"comment_status":"","ping_status":"","sticky":false,"template":"","format":"standard","meta":{"footnotes":""},"categories":[2820],"tags":[1111,11,251,1777,674,1011,27,775,12,25198,316,25,640],"class_list":{"0":"post-128274","1":"post","2":"type-post","3":"status-publish","4":"format-standard","5":"has-post-thumbnail","7":"category-strasbourg","8":"tag-actu","9":"tag-actualites","10":"tag-culture","11":"tag-eu","12":"tag-europe","13":"tag-fr","14":"tag-france","15":"tag-grand-est","16":"tag-news","17":"tag-pcf","18":"tag-politique","19":"tag-republique-francaise","20":"tag-strasbourg"},"share_on_mastodon":{"url":"https:\/\/pubeurope.com\/@fr\/114571935993959884","error":""},"_links":{"self":[{"href":"https:\/\/www.europesays.com\/fr\/wp-json\/wp\/v2\/posts\/128274","targetHints":{"allow":["GET"]}}],"collection":[{"href":"https:\/\/www.europesays.com\/fr\/wp-json\/wp\/v2\/posts"}],"about":[{"href":"https:\/\/www.europesays.com\/fr\/wp-json\/wp\/v2\/types\/post"}],"author":[{"embeddable":true,"href":"https:\/\/www.europesays.com\/fr\/wp-json\/wp\/v2\/users\/2"}],"replies":[{"embeddable":true,"href":"https:\/\/www.europesays.com\/fr\/wp-json\/wp\/v2\/comments?post=128274"}],"version-history":[{"count":0,"href":"https:\/\/www.europesays.com\/fr\/wp-json\/wp\/v2\/posts\/128274\/revisions"}],"wp:featuredmedia":[{"embeddable":true,"href":"https:\/\/www.europesays.com\/fr\/wp-json\/wp\/v2\/media\/128275"}],"wp:attachment":[{"href":"https:\/\/www.europesays.com\/fr\/wp-json\/wp\/v2\/media?parent=128274"}],"wp:term":[{"taxonomy":"category","embeddable":true,"href":"https:\/\/www.europesays.com\/fr\/wp-json\/wp\/v2\/categories?post=128274"},{"taxonomy":"post_tag","embeddable":true,"href":"https:\/\/www.europesays.com\/fr\/wp-json\/wp\/v2\/tags?post=128274"}],"curies":[{"name":"wp","href":"https:\/\/api.w.org\/{rel}","templated":true}]}}