{"id":128276,"date":"2025-05-26T03:09:25","date_gmt":"2025-05-26T03:09:25","guid":{"rendered":"https:\/\/www.europesays.com\/fr\/128276\/"},"modified":"2025-05-26T03:09:25","modified_gmt":"2025-05-26T03:09:25","slug":"wta-strasbourg-elena-rybakina-on-va-devoir-probablement-feter-le-titre-dans-le-train","status":"publish","type":"post","link":"https:\/\/www.europesays.com\/fr\/128276\/","title":{"rendered":"WTA &#8211; Strasbourg > Elena Rybakina : \u00ab\u00a0On va devoir probablement f\u00eater le titre dans le train\u00a0\u00bb"},"content":{"rendered":"<p>Souriante et heureuse apr\u00e8s <a href=\"https:\/\/www.welovetennis.fr\/wta\/wta-strasbourg\/elena-rybakina-reine-dalsace\" data-wpel-link=\"internal\" rel=\"nofollow noopener\" target=\"_blank\">sa victoire en finale des Internationaux de Strasbourg<\/a>, Elena Rybakina s\u2019est pr\u00e9sent\u00e9e en conf\u00e9\u00adrence de presse avec la \u00ab\u202fbanane\u202f\u00bb. Il faut dire qu\u2019elle a vrai\u00adment bataill\u00e9 cette semaine pour remporter ce titre, le neuvi\u00e8me de sa carri\u00e8re, le deuxi\u00e8me sur terre battue.\u00a0<\/p>\n<p>Programm\u00e9e lundi \u00e0 Roland\u2010Garros, elle a donc du partir de Strasbourg d\u00e8s ce samedi, juste apr\u00e8s son sacre. Interrog\u00e9e sur l\u2019id\u00e9e de c\u00e9l\u00e9\u00adbrer, elle a \u00e9voqu\u00e9, du bout des l\u00e8vres, l\u2019id\u00e9e de le faire dans le\u00a0train.<\/p>\n<p><strong>\u00ab\u202fOn va proba\u00adble\u00adment f\u00eater le titre dans le train. En fait, je suis oblig\u00e9e de partir d\u00e8s aujourd\u2019hui (samedi) car je joue lundi. J\u2019aurai comme cela une journ\u00e9e pour m\u2019ac\u00adcli\u00admater au site. Il faudra aussi que je r\u00e9cu\u00adp\u00e8re car je suis forc\u00e9\u00adment fati\u00adgu\u00e9e. Mais cette fatigue ne doit pas me faire oublier la bonne semaine que j\u2019ai r\u00e9alis\u00e9 en Alsace. J\u2019arrive \u00e0 Roland Garros avec des matchs et beau\u00adcoup de confiance. Cela peut m\u2019aider \u00e0 faire un bon parcours. Je vais aborder le tournoi match par match. Je ne sais m\u00eame pas qui j\u2019af\u00adfronte au premier tour, dans les tour\u00adnois du Grand Chelem, il y a aussi des joueuses que l\u2019on ne connait pas tr\u00e8s\u00a0bien.\u202f\u00bb<\/strong><\/p>\n<p>De votre envoy\u00e9 sp\u00e9cial \u00e0 Strasbourg<\/p>\n<p class=\"post-published-date\" style=\"color: silver; font-size: 75%; text-align: left;\">Publi\u00e9 le samedi 24 mai 2025 \u00e0 18:30<\/p>\n","protected":false},"excerpt":{"rendered":"Souriante et heureuse apr\u00e8s sa victoire en finale des Internationaux de Strasbourg, Elena Rybakina s\u2019est pr\u00e9sent\u00e9e en conf\u00e9\u00adrence&hellip;\n","protected":false},"author":2,"featured_media":128277,"comment_status":"","ping_status":"","sticky":false,"template":"","format":"standard","meta":{"footnotes":""},"categories":[2820],"tags":[1111,11,6903,1777,674,1011,27,775,12,25,640],"class_list":{"0":"post-128276","1":"post","2":"type-post","3":"status-publish","4":"format-standard","5":"has-post-thumbnail","7":"category-strasbourg","8":"tag-actu","9":"tag-actualites","10":"tag-elena-rybakina","11":"tag-eu","12":"tag-europe","13":"tag-fr","14":"tag-france","15":"tag-grand-est","16":"tag-news","17":"tag-republique-francaise","18":"tag-strasbourg"},"share_on_mastodon":{"url":"https:\/\/pubeurope.com\/@fr\/114571939955372448","error":""},"_links":{"self":[{"href":"https:\/\/www.europesays.com\/fr\/wp-json\/wp\/v2\/posts\/128276","targetHints":{"allow":["GET"]}}],"collection":[{"href":"https:\/\/www.europesays.com\/fr\/wp-json\/wp\/v2\/posts"}],"about":[{"href":"https:\/\/www.europesays.com\/fr\/wp-json\/wp\/v2\/types\/post"}],"author":[{"embeddable":true,"href":"https:\/\/www.europesays.com\/fr\/wp-json\/wp\/v2\/users\/2"}],"replies":[{"embeddable":true,"href":"https:\/\/www.europesays.com\/fr\/wp-json\/wp\/v2\/comments?post=128276"}],"version-history":[{"count":0,"href":"https:\/\/www.europesays.com\/fr\/wp-json\/wp\/v2\/posts\/128276\/revisions"}],"wp:featuredmedia":[{"embeddable":true,"href":"https:\/\/www.europesays.com\/fr\/wp-json\/wp\/v2\/media\/128277"}],"wp:attachment":[{"href":"https:\/\/www.europesays.com\/fr\/wp-json\/wp\/v2\/media?parent=128276"}],"wp:term":[{"taxonomy":"category","embeddable":true,"href":"https:\/\/www.europesays.com\/fr\/wp-json\/wp\/v2\/categories?post=128276"},{"taxonomy":"post_tag","embeddable":true,"href":"https:\/\/www.europesays.com\/fr\/wp-json\/wp\/v2\/tags?post=128276"}],"curies":[{"name":"wp","href":"https:\/\/api.w.org\/{rel}","templated":true}]}}