{"id":128287,"date":"2025-05-26T03:16:12","date_gmt":"2025-05-26T03:16:12","guid":{"rendered":"https:\/\/www.europesays.com\/fr\/128287\/"},"modified":"2025-05-26T03:16:12","modified_gmt":"2025-05-26T03:16:12","slug":"quel-temps-fera-t-il-en-ce-debut-de-semaine-a-toulouse-et-en-occitanie","status":"publish","type":"post","link":"https:\/\/www.europesays.com\/fr\/128287\/","title":{"rendered":"Quel temps fera-t-il en ce d\u00e9but de semaine \u00e0 Toulouse et en Occitanie\u00a0?"},"content":{"rendered":"<p>            Par<br \/>\n        <strong><br \/>\n            <a href=\"https:\/\/actu.fr\/auteur\/lea-afonso\" title=\"Consulter tous les articles de L\u00e9a Afonso\" rel=\"nofollow noopener\" target=\"_blank\">L\u00e9a Afonso<\/a><br \/>\n        <\/strong><\/p>\n<p>        Publi\u00e9 le<\/p>\n<p>            26 mai 2025 \u00e0 5h04        <\/p>\n<p>Bon d\u00e9but de semaine \u00e0 tous\u2009! Avant de d\u00e9buter sa journ\u00e9e, voici les pr\u00e9visions de m\u00e9t\u00e9o France pour ce lundi 26\u00a0mai \u00e0 <a href=\"https:\/\/actu.fr\/toulouse\/\" rel=\"nofollow noopener\" target=\"_blank\">Toulouse<\/a> et en <a href=\"https:\/\/actu.fr\/occitanie\/\" rel=\"nofollow noopener\" target=\"_blank\">Occitanie<\/a>.<\/p>\n<p>Toulouse sous le soleil\u2009?<br \/>\n    <img   decoding=\"async\" loading=\"lazy\" src=\"https:\/\/www.europesays.com\/fr\/wp-content\/uploads\/2025\/05\/capture-decran-2025-05-25-a-084849-960x294.png\" alt=\"Beaucoup de nuages \u00e0 Toulouse \" width=\"960\" height=\"294\"\/><br \/>\n    Beaucoup de nuages \u00e0 Toulouse<\/p>\n<p class=\" wall-content\">Il faudra attendre la fin de la semaine pour avoir du tr\u00e8s beau temps \u00e0 <strong>Toulouse<\/strong>. Ce lundi sera encore un peu <strong>couvert<\/strong> avec un maximum de temp\u00e9ratures \u00e0 <strong>21\u00b0C<\/strong> seulement. Somme toute, des temp\u00e9ratures de saison\u2009!<\/p>\n<p>Et en Occitanie\u2009?<br \/>\n    <img   decoding=\"async\" loading=\"lazy\" src=\"https:\/\/www.europesays.com\/fr\/wp-content\/uploads\/2025\/05\/capture-decran-2025-05-25-a-084910-960x640.png\" alt=\"Ce sera couvert dans toute l'Occitanie \" width=\"960\" height=\"640\"\/><br \/>\n    Ce sera couvert dans toute l\u2019Occitanie (\u00a9Capture d\u2019\u00e9cran m\u00e9t\u00e9o France)<\/p>\n<p class=\" wall-content\">Comme bien souvent, l\u2019Occitanie sera \u00e0 l\u2019image de Toulouse avec un temps assez couvert, mais des temp\u00e9ratures de saison. Il fera <strong>19 \u00e0 Carcassonne, 18 \u00e0 Albi et 16 \u00e0 Saint-Gaudens dans la matin\u00e9e.<\/strong><\/p>\n<p class=\" wall-content\">Pour<strong> l\u2019apr\u00e8s-midi,<\/strong> les temp\u00e9ratures d\u00e9passeront les <strong>20 degr\u00e9s<\/strong> un peu partout.<\/p>\n<p>Vid\u00e9os : en ce moment sur Actu<\/p>\n<p class=\" wall-content\">Suivez toute l\u2019actualit\u00e9 de vos villes et m\u00e9dias favoris en vous inscrivant \u00e0 <a href=\"https:\/\/moncompte.actu.fr\" title=\"D\u00e9couvez Mon Actu\" rel=\"nofollow noopener\" data-trk=\"{&quot;cta&quot;:{&quot;action&quot;:&quot;https:\\\/\\\/moncompte.actu.fr&quot;,&quot;category&quot;:&quot;mon compte&quot;,&quot;from&quot;:&quot;article footer&quot;,&quot;name&quot;:&quot;Mon actu&quot;,&quot;type&quot;:&quot;cta&quot;}}\" target=\"_blank\">Mon Actu<\/a>.<\/p>\n","protected":false},"excerpt":{"rendered":"Par L\u00e9a Afonso Publi\u00e9 le 26 mai 2025 \u00e0 5h04 Bon d\u00e9but de semaine \u00e0 tous\u2009! Avant de&hellip;\n","protected":false},"author":2,"featured_media":128288,"comment_status":"","ping_status":"","sticky":false,"template":"","format":"standard","meta":{"footnotes":""},"categories":[2816],"tags":[1111,11,1777,674,1011,27,2487,2357,12,2680,25,2312],"class_list":{"0":"post-128287","1":"post","2":"type-post","3":"status-publish","4":"format-standard","5":"has-post-thumbnail","7":"category-toulouse","8":"tag-actu","9":"tag-actualites","10":"tag-eu","11":"tag-europe","12":"tag-fr","13":"tag-france","14":"tag-meteo","15":"tag-meteo-france","16":"tag-news","17":"tag-occitanie","18":"tag-republique-francaise","19":"tag-toulouse"},"share_on_mastodon":{"url":"https:\/\/pubeurope.com\/@fr\/114571967448662469","error":""},"_links":{"self":[{"href":"https:\/\/www.europesays.com\/fr\/wp-json\/wp\/v2\/posts\/128287","targetHints":{"allow":["GET"]}}],"collection":[{"href":"https:\/\/www.europesays.com\/fr\/wp-json\/wp\/v2\/posts"}],"about":[{"href":"https:\/\/www.europesays.com\/fr\/wp-json\/wp\/v2\/types\/post"}],"author":[{"embeddable":true,"href":"https:\/\/www.europesays.com\/fr\/wp-json\/wp\/v2\/users\/2"}],"replies":[{"embeddable":true,"href":"https:\/\/www.europesays.com\/fr\/wp-json\/wp\/v2\/comments?post=128287"}],"version-history":[{"count":0,"href":"https:\/\/www.europesays.com\/fr\/wp-json\/wp\/v2\/posts\/128287\/revisions"}],"wp:featuredmedia":[{"embeddable":true,"href":"https:\/\/www.europesays.com\/fr\/wp-json\/wp\/v2\/media\/128288"}],"wp:attachment":[{"href":"https:\/\/www.europesays.com\/fr\/wp-json\/wp\/v2\/media?parent=128287"}],"wp:term":[{"taxonomy":"category","embeddable":true,"href":"https:\/\/www.europesays.com\/fr\/wp-json\/wp\/v2\/categories?post=128287"},{"taxonomy":"post_tag","embeddable":true,"href":"https:\/\/www.europesays.com\/fr\/wp-json\/wp\/v2\/tags?post=128287"}],"curies":[{"name":"wp","href":"https:\/\/api.w.org\/{rel}","templated":true}]}}