{"id":12829,"date":"2025-04-09T14:23:08","date_gmt":"2025-04-09T14:23:08","guid":{"rendered":"https:\/\/www.europesays.com\/fr\/12829\/"},"modified":"2025-04-09T14:23:08","modified_gmt":"2025-04-09T14:23:08","slug":"ukraine-defense-europeenne-immigration-ce-quil-faut-retenir-de-la-conference-de-presse-de-friedrich-merz","status":"publish","type":"post","link":"https:\/\/www.europesays.com\/fr\/12829\/","title":{"rendered":"Ukraine, d\u00e9fense europ\u00e9enne, immigration\u2026 Ce qu\u2019il faut retenir de la conf\u00e9rence de presse de Friedrich Merz"},"content":{"rendered":"<p>                             Par Le Figaro avec AFP<\/p>\n<p>\n            Publi\u00e9<br \/>\n                le 9 avril 2025 \u00e0 15h54,<br \/>\n                 mis \u00e0 jour le 9 avril 2025 \u00e0 16h22<\/p>\n<p>\u00a0\u00bb<br \/>\n        data-script=\u00a0\u00bbhttps:\/\/static.lefigaro.fr\/widget-video\/short-ttl\/video\/index.js\u00a0\u00bb<br \/>\n    &gt;<\/p>\n<p>Le futur chancelier allemand assure que \u00abl\u2019Europe peut compter sur l\u2019Allemagne\u00bb et son futur gouvernement face aux bouleversements \u00e9conomiques et g\u00e9opolitiques en cours.<\/p>\n<p class=\"fig-paragraph\">Le futur gouvernement allemand promet un \u00absoutien complet\u00bb \u00e0 l&rsquo;Ukraine sur le plan militaire et diplomatique face \u00e0 la\u00a0<a href=\"https:\/\/www.lefigaro.fr\/international\/dossier\/tensions-entre-la-russie-et-l-ukraine-tout-comprendre-a-la-menace-d-une-invasion-russe\" target=\"_blank\" data-fig-type=\"Topic\" rel=\"noopener nofollow\" data-gtm-custom-categorie=\"navigation\" data-gtm-custom-action=\"crossclick\" data-gtm-custom-label=\"Contextuel\" data-gtm-event=\"customEventSPE\" data-fig-domain=\"LEFIGARO\">guerre d&rsquo;agression de la Russie<\/a>, dans le texte de coalition entre conservateurs de<a href=\"http:\/\/www.lefigaro.fr\/vox\/monde\/edouard-tetreau-a-l-oppose-d-angela-merkel-les-premiers-pas-de-friedrich-merz-sont-porteurs-d-un-grand-espoir-20250311\" target=\"_blank\" data-fig-type=\"Article\" rel=\"noopener nofollow\" data-gtm-custom-categorie=\"navigation\" data-gtm-custom-action=\"crossclick\" data-gtm-custom-label=\"Contextuel\" data-gtm-event=\"customEventSPE\" data-fig-domain=\"LEFIGARO\">\u00a0Friedrich Merz<\/a>\u00a0et sociaux-d\u00e9mocrates pr\u00e9sent\u00e9 mercredi 9 avril 2025. \u00abNous apporterons un soutien complet \u00e0 l&rsquo;Ukraine afin qu&rsquo;elle puisse se d\u00e9fendre efficacement contre l&rsquo;agresseur russe et s&rsquo;affirmer dans les n\u00e9gociations\u00bb, indique le document n\u00e9goci\u00e9 ces derni\u00e8res semaines.<\/p>\n<p class=\"fig-paragraph\">Friedrich Merz a affirm\u00e9 vouloir que \u00able nouveau gouvernement puisse commencer son travail d\u00e9but mai\u00bb. Il a pr\u00e9cis\u00e9 que son \u00e9lection en tant que chancelier par le\u00a0<a href=\"http:\/\/www.lefigaro.fr\/vox\/monde\/le-nouveau-bundestag-tombe-dans-le-piege-de-l-afd-20250325\" target=\"_blank\" data-fig-type=\"Article\" rel=\"noopener nofollow\" data-gtm-custom-categorie=\"navigation\" data-gtm-custom-action=\"crossclick\" data-gtm-custom-label=\"Contextuel\" data-gtm-event=\"customEventSPE\" data-fig-domain=\"LEFIGARO\">Bundestag<\/a>, la chambre basse du parlement allemand, \u00abdevrait avoir lieu dans la semaine du lundi 5 mai\u00bb, pr\u00e9cisant qu\u2019\u00abun jour exact n\u2019avait pas encore \u00e9t\u00e9 fix\u00e9\u00bb.<\/p>\n<p><strong>Face aux tensions mondiales, \u00abl\u2019Europe peut compter sur l\u2019Allemagne\u00bb<\/strong><\/p>\n<p class=\"fig-paragraph\"><a href=\"http:\/\/www.lefigaro.fr\/flash-eco\/allemagne-les-plans-d-endettement-du-futur-chancelier-friedrich-merz-pourraient-amener-de-l-inflation-20250317\" target=\"_blank\" data-fig-type=\"NewsFlash\" rel=\"noopener nofollow\" data-gtm-custom-categorie=\"navigation\" data-gtm-custom-action=\"crossclick\" data-gtm-custom-label=\"Contextuel\" data-gtm-event=\"customEventSPE\" data-fig-domain=\"LEFIGARO\">Le futur chancelier<\/a>\u00a0a \u00e9galement d\u00e9clar\u00e9 que \u00abl\u2019Europe peut compter sur l\u2019Allemagne\u00bb et son futur gouvernement face aux bouleversements \u00e9conomiques et g\u00e9opolitiques en cours. \u00ab<a href=\"http:\/\/www.lefigaro.fr\/vox\/monde\/allemagne-la-defaite-de-la-coalition-au-pouvoir-consequence-de-la-faillite-de-la-transition-ecologique-allemande-20250228\" target=\"_blank\" data-fig-type=\"Article\" rel=\"noopener nofollow\" data-gtm-custom-categorie=\"navigation\" data-gtm-custom-action=\"crossclick\" data-gtm-custom-label=\"Contextuel\" data-gtm-event=\"customEventSPE\" data-fig-domain=\"LEFIGARO\">La future coalition<\/a> \u00a0va r\u00e9former et investir pour maintenir la stabilit\u00e9 de l\u2019Allemagne, la rendre plus s\u00fbre et la renforcer \u00e9conomiquement. L\u2019Europe peut \u00e9galement compter sur l\u2019Allemagne\u00bb, a dit le dirigeant conservateur.<\/p>\n<p class=\"fig-paragraph\">Le futur gouvernement allemand annonce aussi vouloir augmenter fortement les d\u00e9penses de d\u00e9fense dans les ann\u00e9es \u00e0 venir pour permettre au pays et \u00e0 l\u2019Europe d\u2019assurer beaucoup plus par eux-m\u00eames leur s\u00e9curit\u00e9, face au repli am\u00e9ricain. \u00abLes d\u00e9penses pour notre d\u00e9fense doivent augmenter de mani\u00e8re significative et rigoureuse jusqu\u2019\u00e0 la fin de la l\u00e9gislature\u00bb qui s\u2019ouvre, indique le contrat de gouvernement de coalition scell\u00e9 entre conservateurs et sociaux-d\u00e9mocrates, en ajoutant que \u00abpour la premi\u00e8re fois depuis la fin de\u00a0<a href=\"http:\/\/www.lefigaro.fr\/international\/80-ans-apres-des-images-inedites-du-seul-navire-militaire-bresilien-coule-durant-la-seconde-guerre-mondiale-20250227\" target=\"_blank\" data-fig-type=\"Article\" rel=\"noopener nofollow\" data-gtm-custom-categorie=\"navigation\" data-gtm-custom-action=\"crossclick\" data-gtm-custom-label=\"Contextuel\" data-gtm-event=\"customEventSPE\" data-fig-domain=\"LEFIGARO\">la Seconde Guerre mondiale<\/a> , l\u2019Allemagne et l\u2019Europe doivent \u00eatre en mesure d\u2019assurer elles-m\u00eames leur s\u00e9curit\u00e9 de mani\u00e8re beaucoup plus \u00e9tendue\u00bb.<\/p>\n<p><strong>Le nouveau gouvernement fera \u00abavancer notre pays\u00bb<\/strong><\/p>\n<p class=\"fig-paragraph\">Friedrich Merz a promis \u00abde faire de nouveau avancer\u00bb l\u2019Allemagne apr\u00e8s la conclusion de l\u2019accord de son\u00a0<a href=\"http:\/\/www.lefigaro.fr\/international\/l-afd-l-ascension-fulgurante-d-un-parti-d-extreme-droite-bloque-politiquement-par-sa-radicalite-20250223\" target=\"_blank\" data-fig-type=\"Article\" rel=\"noopener nofollow\" data-gtm-custom-categorie=\"navigation\" data-gtm-custom-action=\"crossclick\" data-gtm-custom-label=\"Contextuel\" data-gtm-event=\"customEventSPE\" data-fig-domain=\"LEFIGARO\">camp conservateur\u00a0<\/a>avec le centre gauche pour former un gouvernement. \u00abL\u2019accord de coalition est le signe d\u2019un nouveau d\u00e9part et d\u2019un signal fort pour notre pays\u00bb, a d\u00e9clar\u00e9 M. Merz.<\/p>\n<p class=\"fig-paragraph\">Le futur chancelier parle \u00e9galement d\u2019un durcissement de la politique migratoire allemande. \u00abNous allons prendre un nouveau cap dans la politique migratoire\u00bb, a dit le conservateur, affirmant notamment vouloir mettre fin \u00e0 l\u2019immigration irr\u00e9guli\u00e8re et suspendre le regroupement familial.<\/p>\n","protected":false},"excerpt":{"rendered":"Par Le Figaro avec AFP Publi\u00e9 le 9 avril 2025 \u00e0 15h54, mis \u00e0 jour le 9 avril&hellip;\n","protected":false},"author":2,"featured_media":12830,"comment_status":"","ping_status":"","sticky":false,"template":"","format":"standard","meta":{"footnotes":""},"categories":[1590],"tags":[259,11,260,672,1777,674,14,261,12,262,220],"class_list":{"0":"post-12829","1":"post","2":"type-post","3":"status-publish","4":"format-standard","5":"has-post-thumbnail","7":"category-ukraine","8":"tag-actualite-internationale","9":"tag-actualites","10":"tag-affaires-etrangeres","11":"tag-allemagne","12":"tag-eu","13":"tag-europe","14":"tag-international","15":"tag-ministere-des-affaires-etrangeres","16":"tag-news","17":"tag-politique-etrangere","18":"tag-ukraine"},"share_on_mastodon":{"url":"https:\/\/pubeurope.com\/@fr\/114308461586928608","error":""},"_links":{"self":[{"href":"https:\/\/www.europesays.com\/fr\/wp-json\/wp\/v2\/posts\/12829","targetHints":{"allow":["GET"]}}],"collection":[{"href":"https:\/\/www.europesays.com\/fr\/wp-json\/wp\/v2\/posts"}],"about":[{"href":"https:\/\/www.europesays.com\/fr\/wp-json\/wp\/v2\/types\/post"}],"author":[{"embeddable":true,"href":"https:\/\/www.europesays.com\/fr\/wp-json\/wp\/v2\/users\/2"}],"replies":[{"embeddable":true,"href":"https:\/\/www.europesays.com\/fr\/wp-json\/wp\/v2\/comments?post=12829"}],"version-history":[{"count":0,"href":"https:\/\/www.europesays.com\/fr\/wp-json\/wp\/v2\/posts\/12829\/revisions"}],"wp:featuredmedia":[{"embeddable":true,"href":"https:\/\/www.europesays.com\/fr\/wp-json\/wp\/v2\/media\/12830"}],"wp:attachment":[{"href":"https:\/\/www.europesays.com\/fr\/wp-json\/wp\/v2\/media?parent=12829"}],"wp:term":[{"taxonomy":"category","embeddable":true,"href":"https:\/\/www.europesays.com\/fr\/wp-json\/wp\/v2\/categories?post=12829"},{"taxonomy":"post_tag","embeddable":true,"href":"https:\/\/www.europesays.com\/fr\/wp-json\/wp\/v2\/tags?post=12829"}],"curies":[{"name":"wp","href":"https:\/\/api.w.org\/{rel}","templated":true}]}}