{"id":128301,"date":"2025-05-26T03:26:11","date_gmt":"2025-05-26T03:26:11","guid":{"rendered":"https:\/\/www.europesays.com\/fr\/128301\/"},"modified":"2025-05-26T03:26:11","modified_gmt":"2025-05-26T03:26:11","slug":"a-paris-quatre-overdoses-sur-la-voie-publique-en-24-heures","status":"publish","type":"post","link":"https:\/\/www.europesays.com\/fr\/128301\/","title":{"rendered":"\u00c0 Paris, quatre overdoses sur la voie publique en 24 heures"},"content":{"rendered":"<p>                             Par Esther Paolini<\/p>\n<p>                Il y a 9 heures<\/p>\n<p>\u00a0\u00bb<br \/>\n        data-script=\u00a0\u00bbhttps:\/\/static.lefigaro.fr\/widget-video\/short-ttl\/video\/index.js\u00a0\u00bb<br \/>\n    &gt;<\/p>\n<p>L\u2019une des victimes aurait consomm\u00e9 du GHB toute la nuit, tandis qu\u2019un sachet avec des r\u00e9sidus de poudre blanche a \u00e9t\u00e9 retrouv\u00e9 \u00e0 proximit\u00e9 de deux autres victimes inconscientes, en pleine rue.<\/p>\n<p class=\"fig-paragraph\">C\u2019est un bilan pour le moins inqui\u00e9tant. Entre vendredi et samedi, pas moins de quatre overdoses sur la voie publique ont \u00e9t\u00e9 observ\u00e9es en plein c\u0153ur de la capitale, indique des sources concordantes au Figaro, confirmant les informations du\u00a0<a href=\"https:\/\/www.leparisien.fr\/faits-divers\/quatre-overdoses-graves-a-paris-en-lespace-de-24-heures-un-attache-parlementaire-parmi-les-victimes-24-05-2025-RCV4SIVNSZEZRNBA7IRGHAEEWU.php\" target=\"_blank\" rel=\"nofollow noopener\" data-gtm-custom-categorie=\"navigation\" data-gtm-custom-action=\"crossclick\" data-gtm-custom-label=\"Contextuel\" data-gtm-event=\"customEventSPE\">Parisien<\/a> .<\/p>\n<p class=\"fig-paragraph\">C\u2019est d\u2019abord dans le 4e arrondissement de Paris, aux alentours de 6h45 samedi matin, qu\u2019un jeune homme a perdu connaissance rue de Rivoli. Il a \u00e9t\u00e9 pris en charge par le Samu et transport\u00e9 \u00e0 l\u2019h\u00f4pital Necker avec un pronostic vital engag\u00e9, pr\u00e9cise une source polici\u00e8re au Figaro. L\u2019homme qui \u00e9tait avec la victime au moment de sa prise en charge a expliqu\u00e9 avoir consomm\u00e9 du GHB toute la nuit avec la victime. Il a \u00e9t\u00e9 interpell\u00e9 et plac\u00e9 en garde \u00e0 vue.<\/p>\n<p>Une enqu\u00eate ouverte<\/p>\n<p class=\"fig-paragraph\">Presque simultan\u00e9ment mais cette fois dans le 11e arrondissement, plusieurs victimes d\u2019overdose ont \u00e9t\u00e9 secourues rue Jean-Pierre Timbaud. Deux hommes ont \u00e9t\u00e9 d\u00e9couverts inconscients \u00e9tendus sur le trottoir vers 6h55. Ils ont ensuite \u00e9t\u00e9 victimes de convulsions, tandis qu\u2019un \u00absachet contenant un r\u00e9sidu de poudre blanche\u00bb a \u00e9t\u00e9 retrouv\u00e9 pr\u00e8s d\u2019eux. Ils ont \u00e9t\u00e9 pris en charge par les secours et transport\u00e9s, l\u2019un \u00e0 l\u2019h\u00f4pital Lariboisi\u00e8re, l\u2019autre \u00e0 l\u2019h\u00f4pital Saint-Antoine, en urgence absolue. Un troisi\u00e8me individu a \u00e9galement \u00e9t\u00e9 d\u00e9couvert \u00e0 proximit\u00e9.<\/p>\n<p class=\"fig-paragraph\">Ils ont finalement repris connaissance et ont pu quitter l\u2019h\u00f4pital aux alentours de 17 heures. \u00abUne enqu\u00eate est actuellement ouverte en recherche des causes des blessures. Des analyses, notamment toxicologiques, sont en cours\u00bb, pr\u00e9cise de son c\u00f4t\u00e9 au Figaro le parquet de Paris.<\/p>\n<p class=\"fig-paragraph\">La capitale fait face \u00e0 une hausse de la consommation des drogues de synth\u00e8se, telle que le GHB ou\u00a0<a href=\"http:\/\/www.lefigaro.fr\/faits-divers\/il-a-tue-ma-fille-apres-un-face-a-face-avec-ses-victimes-pierre-palmade-condamne-a-5-ans-de-prison-dont-2-ans-ferme-20241120\" data-fig-type=\"Article\" data-gtm-custom-categorie=\"navigation\" data-gtm-custom-action=\"crossclick\" data-gtm-custom-label=\"Contextuel\" data-gtm-event=\"customEventSPE\" data-fig-domain=\"LEFIGARO\" target=\"_blank\" rel=\"noopener\">la 3-MMC<\/a>. En 2022, le nombre de morts par overdose \u00e0 Paris \u00e9tait estim\u00e9 \u00e0 19. En 2023, \u00e0 30 d\u00e9c\u00e8s.<\/p>\n","protected":false},"excerpt":{"rendered":"Par Esther Paolini Il y a 9 heures \u00a0\u00bb data-script=\u00a0\u00bbhttps:\/\/static.lefigaro.fr\/widget-video\/short-ttl\/video\/index.js\u00a0\u00bb &gt; L\u2019une des victimes aurait consomm\u00e9 du GHB&hellip;\n","protected":false},"author":2,"featured_media":128302,"comment_status":"","ping_status":"","sticky":false,"template":"","format":"standard","meta":{"footnotes":""},"categories":[1888],"tags":[119,1111,1928,11,1927,3694,271,2951,1052,3695,1777,674,3696,118,1011,27,2825,1253,303,12,1926,25201,626,1925,1072,2694,25,2949],"class_list":{"0":"post-128301","1":"post","2":"type-post","3":"status-publish","4":"format-standard","5":"has-post-thumbnail","7":"category-paris","8":"tag-accident","9":"tag-actu","10":"tag-actu-paris","11":"tag-actualites","12":"tag-actualites-paris","13":"tag-affaires","14":"tag-crime","15":"tag-criminalite","16":"tag-drogue","17":"tag-enquetes","18":"tag-eu","19":"tag-europe","20":"tag-evenements","21":"tag-faits-divers","22":"tag-fr","23":"tag-france","24":"tag-insecurite","25":"tag-islamisme","26":"tag-justice","27":"tag-news","28":"tag-news-paris","29":"tag-overdose","30":"tag-paris","31":"tag-paris-news","32":"tag-police","33":"tag-proces","34":"tag-republique-francaise","35":"tag-violences"},"share_on_mastodon":{"url":"https:\/\/pubeurope.com\/@fr\/114572006733081442","error":""},"_links":{"self":[{"href":"https:\/\/www.europesays.com\/fr\/wp-json\/wp\/v2\/posts\/128301","targetHints":{"allow":["GET"]}}],"collection":[{"href":"https:\/\/www.europesays.com\/fr\/wp-json\/wp\/v2\/posts"}],"about":[{"href":"https:\/\/www.europesays.com\/fr\/wp-json\/wp\/v2\/types\/post"}],"author":[{"embeddable":true,"href":"https:\/\/www.europesays.com\/fr\/wp-json\/wp\/v2\/users\/2"}],"replies":[{"embeddable":true,"href":"https:\/\/www.europesays.com\/fr\/wp-json\/wp\/v2\/comments?post=128301"}],"version-history":[{"count":0,"href":"https:\/\/www.europesays.com\/fr\/wp-json\/wp\/v2\/posts\/128301\/revisions"}],"wp:featuredmedia":[{"embeddable":true,"href":"https:\/\/www.europesays.com\/fr\/wp-json\/wp\/v2\/media\/128302"}],"wp:attachment":[{"href":"https:\/\/www.europesays.com\/fr\/wp-json\/wp\/v2\/media?parent=128301"}],"wp:term":[{"taxonomy":"category","embeddable":true,"href":"https:\/\/www.europesays.com\/fr\/wp-json\/wp\/v2\/categories?post=128301"},{"taxonomy":"post_tag","embeddable":true,"href":"https:\/\/www.europesays.com\/fr\/wp-json\/wp\/v2\/tags?post=128301"}],"curies":[{"name":"wp","href":"https:\/\/api.w.org\/{rel}","templated":true}]}}