{"id":128319,"date":"2025-05-26T03:35:09","date_gmt":"2025-05-26T03:35:09","guid":{"rendered":"https:\/\/www.europesays.com\/fr\/128319\/"},"modified":"2025-05-26T03:35:09","modified_gmt":"2025-05-26T03:35:09","slug":"une-meme-vision-du-droit-a-la-securite-pourquoi-leurope-centrale-soutient-mordicus-israel","status":"publish","type":"post","link":"https:\/\/www.europesays.com\/fr\/128319\/","title":{"rendered":"Une \u00ab\u00a0m\u00eame vision du droit \u00e0 la s\u00e9curit\u00e9\u00a0\u00bb : pourquoi l\u2019Europe centrale soutient mordicus Isra\u00ebl"},"content":{"rendered":"<p>Berlin et Vienne ont \u00e9lev\u00e9 l\u2019existence d\u2019Isra\u00ebl au rang de raison d\u2019\u00c9tat, estimant que leur \u00ab\u00a0dette\u00a0\u00bb envers ce pays, cr\u00e9\u00e9 apr\u00e8s l\u2019extermination des juifs par les nazis pendant la Seconde Guerre mondiale, impose un \u00ab\u00a0soutien significatif\u00a0\u00bb, selon la chercheuse Joanna Dyduch.<\/p>\n<p>Pour cette responsable de l\u2019Institut du Proche et du Moyen-Orient \u00e0 l\u2019universit\u00e9 Jagiellonian de Cracovie (Pologne), Allemands et Autrichiens rejoignent la position de leurs voisins de l\u2019Est sortis il y a plus de trois d\u00e9cennies de la coupe de Moscou.<\/p>\n<p>Signe \u00e9clatant de cette solidarit\u00e9\u00a0: l\u2019Autriche comme l\u2019Allemagne ont d\u00e9fendu, mercredi, l\u2019accord d\u2019association entre l\u2019Union europ\u00e9enne et Tel Aviv, alors que la majorit\u00e9 des \u00c9tats membres se sont prononc\u00e9s en faveur d\u2019un r\u00e9examen de ce texte en vigueur depuis 2000.<\/p>\n<p>Proximit\u00e9 culturelle puis illib\u00e9ralisme<\/p>\n<p>De la R\u00e9publique tch\u00e8que \u00e0 la Bulgarie, ces \u00c9tats partagent une \u00ab\u00a0m\u00eame vision du droit \u00e0 la s\u00e9curit\u00e9\u00a0\u00bb qu\u2019Isra\u00ebl, menac\u00e9 dans son existence, et \u00ab\u00a0il y a cette peur identique d\u2019\u00eatre abandonn\u00e9 ou trahi\u00a0\u00bb.<\/p>\n<p>Pour rejoindre l\u2019UE et l\u2019Otan \u00e0 partir de 2004, ces jeunes d\u00e9mocraties, en g\u00e9n\u00e9ral, ont d\u00fb passer d\u2019une position plut\u00f4t pro-arabe, align\u00e9e sur celle de l\u2019URSS, \u00e0 une vision calqu\u00e9e sur celle de Washington.<\/p>\n<p>Une r\u00e9orientation d\u2019autant plus naturelle qu\u2019elles ressentaient une proximit\u00e9 culturelle avec une terre o\u00f9 se sont install\u00e9es des populations ayant contribu\u00e9 \u00e0 leur culture, partageant leurs langues, leurs nationalit\u00e9s souvent.<\/p>\n<p>Si cet \u00e9l\u00e9ment peut avoir tendance \u00e0 s\u2019estomper avec le temps, un autre est venu cimenter plusieurs relations bilat\u00e9rales\u00a0: celui de l\u2019illib\u00e9ralisme.<\/p>\n<p>Le Hongrois Viktor Orban, l\u2019Autrichien Sebastian Kurz, le Slovaque Robert Fico, le Tch\u00e8que Milos Zeman\u2026 Le Premier ministre isra\u00e9lien, Benjamin Netanyahu, appartient \u00e0 leur courant politique, bien repr\u00e9sent\u00e9 dans cette partie de l\u2019Europe depuis une quinzaine d\u2019ann\u00e9es.<\/p>\n<p>\u00ab\u00a0Nouer des relations solides\u00a0\u00bb avec ces personnalit\u00e9s lui permet \u00ab\u00a0d\u2019exploiter les divisions\u00a0\u00bb au sein de l\u2019Europe, analyse Azriel Bermant, de l\u2019Institut des relations internationales de Prague.<\/p>\n<p>La Hongrie d\u2019Orban au premier chef<\/p>\n<p>Une strat\u00e9gie particuli\u00e8rement payante quand un dirigeant comme Viktor Orban a la capacit\u00e9 de pouvoir bloquer des d\u00e9cisions, au grand dam de la Commission europ\u00e9enne.<\/p>\n<p><a href=\"https:\/\/www.letelegramme.fr\/monde\/en-pleine-visite-controversee-de-netanyahu-la-hongrie-annonce-son-retrait-de-la-cour-penale-internationale-6791297.php\" target=\"_blank\" rel=\"noopener\">La Hongrie est all\u00e9e jusqu\u2019\u00e0 claquer la porte de la Cour p\u00e9nale internationale (CPI) et inviter sur son sol le chef du gouvernement isra\u00e9lien, vis\u00e9 par un mandat d\u2019arr\u00eat pour crimes de guerre et crimes contre l\u2019humanit\u00e9 dans la bande de Gaza.<\/a><\/p>\n<p>Autre combat commun permettant de d\u00e9passer les tensions autour de l\u2019antis\u00e9mitisme, \u00ab\u00a0le discours selon lequel Isra\u00ebl est en premi\u00e8re ligne de la guerre contre l\u2019islam\u00a0\u00bb, rappelle aussi l\u2019expert.<\/p>\n<p><a href=\"https:\/\/www.letelegramme.fr\/politique\/bardella-a-jerusalem-lextreme-droite-francaise-affiche-son-soutien-a-israel-6786764.php\" target=\"_blank\" rel=\"noopener\">Des partis d\u2019extr\u00eame droite peuvent \u00ab\u00a0utiliser ce r\u00e9cit et leur soutien \u00e0 Isra\u00ebl pour se laver de tout soup\u00e7on\u00a0\u00bb, dit-il.<\/a><\/p>\n<p>Les affaires et la politique ne font alors plus qu\u2019un, m\u00eame si la coop\u00e9ration strat\u00e9gique reste modeste. L\u2019ann\u00e9e derni\u00e8re, la Slovaquie a achet\u00e9 le syst\u00e8me isra\u00e9lien de d\u00e9fense antia\u00e9rienne Barak MX pour 560 millions d\u2019euros, une premi\u00e8re dans l\u2019Otan.<\/p>\n<p>L\u2019invasion de l\u2019Ukraine par la Russie a relanc\u00e9 la course aux armements et, <a href=\"https:\/\/www.letelegramme.fr\/monde\/lallemagne-a-signe-avec-israel-un-accord-historique-sur-lachat-dun-bouclier-antimissile-6437894.php\" target=\"_blank\" rel=\"noopener\">en 2023, l\u2019Allemagne avait d\u00e9j\u00e0 scell\u00e9 avec Isra\u00ebl un accord sur l\u2019achat du bouclier antimissile Arrow-3<\/a>, pour une somme \u00e9valu\u00e9e \u00e0 3,5 milliards de dollars (3,1 milliards d\u2019euros).<\/p>\n<p>\u00ab\u00a0Europ\u00e9anisation\u00a0\u00bb polonaise<\/p>\n<p>Exception toutefois, la Pologne, dont la voix porte de plus en plus \u00e0 Bruxelles, a \u00ab\u00a0europ\u00e9anis\u00e9\u00a0\u00bb sa politique \u00e9trang\u00e8re, note Joanna Dyduch. \u00ab\u00a0Sa position a chang\u00e9 par rapport aux autres \u00c9tats d\u2019Europe centrale et orientale\u00a0\u00bb, m\u00eame apr\u00e8s l\u2019attaque du mouvement islamiste palestinien Hamas sur le sol isra\u00e9lien, le 7 octobre 2023, qui a entra\u00een\u00e9 la mort de 1\u00a0218 personnes.<\/p>\n<p>La Pologne, o\u00f9 les nationalistes ne sont d\u00e9sormais plus au gouvernement, \u00ab\u00a0s\u2019est progressivement distanci\u00e9e\u00a0\u00bb de la campagne de repr\u00e9sailles ayant fait au moins 53\u00a0655 morts, selon les donn\u00e9es du minist\u00e8re de la Sant\u00e9 du Hamas, jug\u00e9es fiables par les Nations unies.<\/p>\n<p>\u00ab\u00a0La r\u00e9ticence d\u2019Isra\u00ebl \u00e0 condamner le Kremlin\u00a0\u00bb sur l\u2019Ukraine s\u2019est transform\u00e9e en \u00ab\u00a0grief polonais \u00e0 son encontre\u00a0\u00bb et a \u00ab\u00a0sans doute influenc\u00e9 la mani\u00e8re dont le public a per\u00e7u la guerre \u00e0 Gaza\u00a0\u00bb, conclut-elle.<\/p>\n<p>Alors qu\u2019elle penchait auparavant en faveur d\u2019Isra\u00ebl, la Pologne a soutenu sans \u00e9quivoque l\u2019admission de l\u2019\u00c9tat de Palestine, au moment du vote de l\u2019Assembl\u00e9e g\u00e9n\u00e9rale de l\u2019Onu, en mai 2024.<\/p>\n<p>Et ce tandis que la Hongrie comme la R\u00e9publique tch\u00e8que ont vot\u00e9 contre, l\u2019Allemagne, l\u2019Autriche, la Bulgarie et la Roumanie s\u2019abstenant.<\/p>\n","protected":false},"excerpt":{"rendered":"Berlin et Vienne ont \u00e9lev\u00e9 l\u2019existence d\u2019Isra\u00ebl au rang de raison d\u2019\u00c9tat, estimant que leur \u00ab\u00a0dette\u00a0\u00bb envers ce&hellip;\n","protected":false},"author":2,"featured_media":128320,"comment_status":"","ping_status":"","sticky":false,"template":"","format":"standard","meta":{"footnotes":""},"categories":[1586],"tags":[11,765,1777,674,1011,27,12736,74,12,25],"class_list":{"0":"post-128319","1":"post","2":"type-post","3":"status-publish","4":"format-standard","5":"has-post-thumbnail","7":"category-europe","8":"tag-actualites","9":"tag-en-continu","10":"tag-eu","11":"tag-europe","12":"tag-fr","13":"tag-france","14":"tag-israel-palestine","15":"tag-monde","16":"tag-news","17":"tag-republique-francaise"},"share_on_mastodon":{"url":"https:\/\/pubeurope.com\/@fr\/114572042269550370","error":""},"_links":{"self":[{"href":"https:\/\/www.europesays.com\/fr\/wp-json\/wp\/v2\/posts\/128319","targetHints":{"allow":["GET"]}}],"collection":[{"href":"https:\/\/www.europesays.com\/fr\/wp-json\/wp\/v2\/posts"}],"about":[{"href":"https:\/\/www.europesays.com\/fr\/wp-json\/wp\/v2\/types\/post"}],"author":[{"embeddable":true,"href":"https:\/\/www.europesays.com\/fr\/wp-json\/wp\/v2\/users\/2"}],"replies":[{"embeddable":true,"href":"https:\/\/www.europesays.com\/fr\/wp-json\/wp\/v2\/comments?post=128319"}],"version-history":[{"count":0,"href":"https:\/\/www.europesays.com\/fr\/wp-json\/wp\/v2\/posts\/128319\/revisions"}],"wp:featuredmedia":[{"embeddable":true,"href":"https:\/\/www.europesays.com\/fr\/wp-json\/wp\/v2\/media\/128320"}],"wp:attachment":[{"href":"https:\/\/www.europesays.com\/fr\/wp-json\/wp\/v2\/media?parent=128319"}],"wp:term":[{"taxonomy":"category","embeddable":true,"href":"https:\/\/www.europesays.com\/fr\/wp-json\/wp\/v2\/categories?post=128319"},{"taxonomy":"post_tag","embeddable":true,"href":"https:\/\/www.europesays.com\/fr\/wp-json\/wp\/v2\/tags?post=128319"}],"curies":[{"name":"wp","href":"https:\/\/api.w.org\/{rel}","templated":true}]}}