{"id":128321,"date":"2025-05-26T03:36:19","date_gmt":"2025-05-26T03:36:19","guid":{"rendered":"https:\/\/www.europesays.com\/fr\/128321\/"},"modified":"2025-05-26T03:36:19","modified_gmt":"2025-05-26T03:36:19","slug":"la-pause-sur-les-droits-de-douane-pour-lue-prolongee-apres-un-appel-entre-von-der-leyen-et-trump","status":"publish","type":"post","link":"https:\/\/www.europesays.com\/fr\/128321\/","title":{"rendered":"La pause sur les droits de douane pour l&rsquo;UE prolong\u00e9e apr\u00e8s un appel entre Von der Leyen et Trump"},"content":{"rendered":"<p>La pr\u00e9sidente de la Commission europ\u00e9enne et le pr\u00e9sident am\u00e9ricain se sont entretenus dimanche, Ursula von der Leyen a \u00e9voqu\u00e9 un \u00ab\u00a0bon appel\u00a0\u00bb. Donald Trump a confirm\u00e9 prolonger la pause dans les droits de douane pour l&rsquo;Union europ\u00e9enne jusqu&rsquo;au 9 juillet, apr\u00e8s \u00ab\u00a0une tr\u00e8s bonne conversation\u00a0\u00bb.<\/p>\n<p>Deux jours apr\u00e8s les <a href=\"https:\/\/www.france24.com\/fr\/am\u00e9riques\/20250523-donald-trump-menace-ue-50-droits-douane-bourses-europ\u00e9ennes-d\u00e9vissent\" rel=\"nofollow noopener\" target=\"_blank\" data-ylk=\"slk:menaces du pr\u00e9sident am\u00e9ricain d&#039;imposer des droits de douane de 50 % sur les importations;elm:context_link;itc:0;sec:content-canvas\" class=\"link \">menaces du pr\u00e9sident am\u00e9ricain d&rsquo;imposer des droits de douane de 50 % sur les importations<\/a> d&rsquo;<a href=\"https:\/\/www.france24.com\/fr\/tag\/europe\/\" class=\"link \" rel=\"nofollow noopener\" target=\"_blank\" data-ylk=\"slk:Europe;elm:context_link;itc:0;sec:content-canvas\">Europe<\/a>, la pr\u00e9sidente de la <a href=\"https:\/\/www.france24.com\/fr\/tag\/commission-europ\u00e9enne\/\" class=\"link \" rel=\"nofollow noopener\" target=\"_blank\" data-ylk=\"slk:Commission europ\u00e9enne;elm:context_link;itc:0;sec:content-canvas\">Commission europ\u00e9enne<\/a>, <a href=\"https:\/\/www.france24.com\/fr\/tag\/ursula-von-der-leyen\/\" class=\"link \" rel=\"nofollow noopener\" target=\"_blank\" data-ylk=\"slk:Ursula von der Leyen;elm:context_link;itc:0;sec:content-canvas\">Ursula von der Leyen<\/a> s&rsquo;est entretenu dimanche 25 mai avec <a href=\"https:\/\/www.france24.com\/fr\/tag\/donald-trump\/\" class=\"link \" rel=\"nofollow noopener\" target=\"_blank\" data-ylk=\"slk:Donald Trump;elm:context_link;itc:0;sec:content-canvas\">Donald Trump<\/a>. Elle a annonc\u00e9 avoir eu un \u00ab\u00a0bon appel\u00a0\u00bb.<\/p>\n<p>\u00ab\u00a0L&rsquo;Europe est pr\u00eate \u00e0 faire avancer les n\u00e9gociations de mani\u00e8re rapide et d\u00e9cisive. Pour parvenir \u00e0 un bon accord, nous aurons besoin de temps jusqu&rsquo;au 9 juillet\u00a0\u00bb, a-t-elle ajout\u00e9 sur le r\u00e9seau social X. \u00ab\u00a0L&rsquo;UE et les <a href=\"https:\/\/www.france24.com\/fr\/tag\/\u00e9tats-unis\/\" class=\"link \" rel=\"nofollow noopener\" target=\"_blank\" data-ylk=\"slk:\u00c9tats-Unis;elm:context_link;itc:0;sec:content-canvas\">\u00c9tats-Unis<\/a> entretiennent les relations commerciales les plus importantes et les plus \u00e9troites au monde.\u00a0\u00bb<\/p>\n<p>Peu apr\u00e8s, Donald Trump a confirm\u00e9 prolonger la pause dans les droits de douane pour l&rsquo;Union europ\u00e9enne jusqu&rsquo;au 9 juillet, apr\u00e8s \u00ab\u00a0une tr\u00e8s bonne conversation\u00a0\u00bb avec Ursula Von Der Leyen.<\/p>\n<p>PUBLICIT\u00c9<\/p>\n<p>Avec AFP<\/p>\n<p><a href=\"https:\/\/www.france24.com\/fr\/%C3%A9co-tech\/20250525-n%C3%A9gociations-droits-de-douane-ursula-von-der-leyen-bon-appel-donald-trump-union-europeenne-etats-unis-guerre-commerciale-importations-menace-commerce\" rel=\"nofollow noopener\" target=\"_blank\" data-ylk=\"slk:Lire la suite sur FRANCE 24;elm:context_link;itc:0;sec:content-canvas\" class=\"link \">Lire la suite sur FRANCE 24<\/a><\/p>\n<p>Lire aussi:<br \/><a href=\"https:\/\/www.france24.com\/fr\/am%C3%A9riques\/20250508-guerre-commerciale-donald-trump-annonce-accord-total-et-complet-avec-le-royaume-uni-trump-starmer\" rel=\"nofollow noopener\" target=\"_blank\" data-ylk=\"slk:Guerre commerciale : Donald Trump annonce un accord &quot;total et complet&quot; avec le Royaume-Uni;elm:context_link;itc:0;sec:content-canvas\" class=\"link \">Guerre commerciale : Donald Trump annonce un accord \u00ab\u00a0total et complet\u00a0\u00bb avec le Royaume-Uni<\/a><br \/><a href=\"https:\/\/www.france24.com\/fr\/am%C3%A9riques\/20250523-donald-trump-menace-ue-50-droits-douane-bourses-europ%C3%A9ennes-d%C3%A9vissent\" rel=\"nofollow noopener\" target=\"_blank\" data-ylk=\"slk:Donald Trump menace l&#039;UE de 50 % de droits de douane, les Bourses europ\u00e9ennes en baisse;elm:context_link;itc:0;sec:content-canvas\" class=\"link \">Donald Trump menace l&rsquo;UE de 50 % de droits de douane, les Bourses europ\u00e9ennes en baisse<\/a><br \/><a href=\"https:\/\/www.france24.com\/fr\/info-en-continu\/20250508-l-ue-menace-de-taxer-automobiles-et-avions-am%C3%A9ricains-en-r%C3%A9ponse-%C3%A0-trump\" rel=\"nofollow noopener\" target=\"_blank\" data-ylk=\"slk:Droits de douane : l&#039;UE pr\u00eate \u00e0 taxer automobiles et avions am\u00e9ricains;elm:context_link;itc:0;sec:content-canvas\" class=\"link \">Droits de douane : l&rsquo;UE pr\u00eate \u00e0 taxer automobiles et avions am\u00e9ricains<\/a><\/p>\n","protected":false},"excerpt":{"rendered":"La pr\u00e9sidente de la Commission europ\u00e9enne et le pr\u00e9sident am\u00e9ricain se sont entretenus dimanche, Ursula von der Leyen&hellip;\n","protected":false},"author":2,"featured_media":128322,"comment_status":"","ping_status":"","sticky":false,"template":"","format":"standard","meta":{"footnotes":""},"categories":[1586],"tags":[11,2196,75,1777,674,1779,1011,27,7738,12,7274,25,1778,364,2544],"class_list":{"0":"post-128321","1":"post","2":"type-post","3":"status-publish","4":"format-standard","5":"has-post-thumbnail","7":"category-europe","8":"tag-actualites","9":"tag-commission-europeenne","10":"tag-donald-trump","11":"tag-eu","12":"tag-europe","13":"tag-european-union","14":"tag-fr","15":"tag-france","16":"tag-lunion-europeenne","17":"tag-news","18":"tag-president-americain","19":"tag-republique-francaise","20":"tag-ue","21":"tag-union-europeenne","22":"tag-ursula-von-der-leyen"},"share_on_mastodon":{"url":"https:\/\/pubeurope.com\/@fr\/114572046129686026","error":""},"_links":{"self":[{"href":"https:\/\/www.europesays.com\/fr\/wp-json\/wp\/v2\/posts\/128321","targetHints":{"allow":["GET"]}}],"collection":[{"href":"https:\/\/www.europesays.com\/fr\/wp-json\/wp\/v2\/posts"}],"about":[{"href":"https:\/\/www.europesays.com\/fr\/wp-json\/wp\/v2\/types\/post"}],"author":[{"embeddable":true,"href":"https:\/\/www.europesays.com\/fr\/wp-json\/wp\/v2\/users\/2"}],"replies":[{"embeddable":true,"href":"https:\/\/www.europesays.com\/fr\/wp-json\/wp\/v2\/comments?post=128321"}],"version-history":[{"count":0,"href":"https:\/\/www.europesays.com\/fr\/wp-json\/wp\/v2\/posts\/128321\/revisions"}],"wp:featuredmedia":[{"embeddable":true,"href":"https:\/\/www.europesays.com\/fr\/wp-json\/wp\/v2\/media\/128322"}],"wp:attachment":[{"href":"https:\/\/www.europesays.com\/fr\/wp-json\/wp\/v2\/media?parent=128321"}],"wp:term":[{"taxonomy":"category","embeddable":true,"href":"https:\/\/www.europesays.com\/fr\/wp-json\/wp\/v2\/categories?post=128321"},{"taxonomy":"post_tag","embeddable":true,"href":"https:\/\/www.europesays.com\/fr\/wp-json\/wp\/v2\/tags?post=128321"}],"curies":[{"name":"wp","href":"https:\/\/api.w.org\/{rel}","templated":true}]}}