{"id":128327,"date":"2025-05-26T03:39:08","date_gmt":"2025-05-26T03:39:08","guid":{"rendered":"https:\/\/www.europesays.com\/fr\/128327\/"},"modified":"2025-05-26T03:39:08","modified_gmt":"2025-05-26T03:39:08","slug":"italie-france-repenser-les-liens-pour-un-destin-commun","status":"publish","type":"post","link":"https:\/\/www.europesays.com\/fr\/128327\/","title":{"rendered":"Italie \u2013 France\u00a0: repenser les liens pour un destin commun"},"content":{"rendered":"<p>\t\t\t\t<strong>Les \u00e9changes \u00e9conomiques ne cessent de cro\u00eetre entre l\u2019Italie et la France. Les deux pays repr\u00e9sentent des opportunit\u00e9s d\u2019investissements et de coop\u00e9rations. Les convergences g\u00e9opolitiques sont nombreuses. Entretien crois\u00e9 avec Edoardo Secchi et Jean-Baptiste No\u00e9<\/strong><\/p>\n<p>Edoardo Secchi est entrepreneur et conseiller \u00e9conomique. Il dirige le <a href=\"https:\/\/clubif.com\/\" target=\"_blank\" rel=\"noopener nofollow\">Club Italie \u2013 France<\/a>.<\/p>\n<p>Jean-Baptiste No\u00e9 est professeur d\u2019\u00e9conomie et r\u00e9dacteur en chef de Conflits<\/p>\n<p><strong>Conflits\u00a0: Qu\u2019en est-il des relations \u00e9conomiques entre l\u2019Italie et la France\u00a0? <\/strong><\/p>\n<p><strong>Edoardo Secchi\u00a0:<\/strong> Malheureusement la politique ne suit pas forc\u00e9ment le dynamisme de chef d\u2019entreprise, et des entrepreneurs qui cr\u00e9ent de la valeur pour les deux pays. Entre la France et l\u2019Italie, l\u2019\u00e9conomie, mais aussi la culture, demeure la forme la plus aboutie du dialogue. L\u2019\u00e9conomie r\u00e9elle nous rappelle par les faits que la synergie franco-italienne est bien plus importante que les querelles politiques passag\u00e8res.<\/p>\n<p><strong>Conflits\u00a0: La plupart des gens ignorent la valeur \u00e9conomique des relations entre les deux pays. Pourriez-vous nous donner quelques indicateurs ?<\/strong><\/p>\n<p><strong>Edoardo Secchi\u00a0:<\/strong> L\u2019\u00e9cosyst\u00e8me \u00e9conomique franco-italien est repr\u00e9sent\u00e9 par environ 4 000 entreprises install\u00e9es de deux c\u00f4t\u00e9s des Alpes, et emploient plus de 400 000 salari\u00e9s dans diff\u00e9rents secteurs \u00e9conomiques importants, tels que le secteur a\u00e9rospatial, naval, la technologie, la d\u00e9fense, la finance, la mode, l\u2019assurance, l\u2019automobile, les transports, l\u2019\u00e9nergie, les travaux publics, l\u2019agroalimentaire et le tourisme.<\/p>\n<p>\u00c0 lire aussi :\u00a0<a target=\"_blank\" href=\"https:\/\/www.revueconflits.com\/magazine\/nw46-france-italie-lautre-couple-de-leurope\/\" rel=\"nofollow noopener\">NW46 \u2013 France Italie, l\u2019autre couple de l\u2019Europe<\/a><\/p>\n<p>Concernant les \u00e9changes bilat\u00e9raux, depuis 2014, ils n\u2019ont cess\u00e9 de s\u2019accro\u00eetre pour atteindre les 127 milliards d\u2019euros en 2024, selon le minist\u00e8re de l\u2019\u00c9conomie fran\u00e7aise. Ce r\u00e9sultat a \u00e9t\u00e9 possible gr\u00e2ce \u00e0 la capacit\u00e9 des entreprises, qui investissent, cr\u00e9ent des opportunit\u00e9s et de la valeur pour les deux pays, en comptant uniquement sur leurs ressources. Imaginons si les deux pays arrivaient \u00e0 d\u00e9velopper davantage des projets strat\u00e9giques li\u00e9s \u00e0 la technologie, l\u2019intelligence artificielle, la cybers\u00e9curit\u00e9, la d\u00e9fense\u2026<\/p>\n<p><strong>Conflits\u00a0: Que cherchent les entrepreneurs italiens en France et fran\u00e7ais en Italie\u00a0? <\/strong><\/p>\n<p><strong>Edoardo Secchi\u00a0:<\/strong> Il existe une parfaite compl\u00e9mentarit\u00e9 des deux \u00e9conomies gr\u00e2ce \u00e0 leur sp\u00e9cificit\u00e9. Un grand nombre d\u2019entreprises italiennes trouvent en France un terrain fertile pour se d\u00e9velopper non seulement \u00e0 l\u2019int\u00e9rieur du pays o\u00f9 coexistent diff\u00e9rentes \u00e9cosyst\u00e8mes fran\u00e7ais et internationaux d\u2019envergure, mais aussi, gr\u00e2ce \u00e0 la francophonie, la France repr\u00e9sente aussi la porte d\u2019entr\u00e9e vers d\u2019autres march\u00e9s.\u00a0 En revanche, la France a \u00e9t\u00e9 l\u2019un des premiers pays europ\u00e9ens \u00e0 saisir le potentiel du march\u00e9 italien, en investissant dans des secteurs \u00e0 forte valeur ajout\u00e9e tels que la technologie, la fintech, le e-commerce et les services.<\/p>\n<p><strong>Conflits\u00a0: Que faire donc pour am\u00e9liorer le dialogue\u00a0? <\/strong><\/p>\n<p><strong>Edoardo Secchi\u00a0: <\/strong>Le premier obstacle \u00e0 d\u00e9passer, c\u2019est le manque d\u2019informations suffisantes n\u00e9cessaires pour permettre \u00e0 ces deux pays de se conna\u00eetre. Dans un monde de plus en plus complexe, la connaissance repr\u00e9sente la boussole qui guide nos choix. Pour vous donner un exemple concret, aujourd\u2019hui, en 2025, on ne conna\u00eet pas bien en Italie les territoires, les industries, les atouts de la France. \u00c7a va de m\u00eame du c\u00f4t\u00e9 fran\u00e7ais. Dans ce cadre, le travail que nous menons ensemble \u00e0 Conflits et au Club Italie-France est fondamental, car il permet aux d\u00e9cideurs d\u2019acc\u00e9der \u00e0 des informations strat\u00e9giques et d\u00e9couvrir les potentialit\u00e9s et les opportunit\u00e9s offertes par ces deux pays \u00e0 travers nos conf\u00e9rences, nos \u00e9v\u00e8nements bilat\u00e9raux.<\/p>\n<p><strong>Conflits\u00a0: La France et l\u2019Italie doivent faire face \u00e0 des crises et des d\u00e9fis g\u00e9opolitiques. Quels sont, selon vous, les plus importants qui n\u00e9cessiteront une plus grande unit\u00e9 ?<\/strong><\/p>\n<p><strong>Jean-Baptiste No\u00e9\u00a0: <\/strong>Nous avons une mer en commun, la M\u00e9diterran\u00e9e. Or, les d\u00e9fis qui se manifestent dans cet espace maritime sont nombreux et importants. La question migratoire, bien s\u00fbr, mais aussi la coop\u00e9ration avec les pays d\u2019Afrique du Nord, du Maroc \u00e0 l\u2019\u00c9gypte, l\u2019exploitation des gisements de gaz en M\u00e9diterran\u00e9e orientale, la coop\u00e9ration dans la lutte contre les r\u00e9seaux criminels.<\/p>\n<p>Les entreprises sont en concurrence. Mais cette concurrence est une bonne chose, car elle oblige \u00e0 innover et s\u2019adapter aux nouveaux d\u00e9fis. Les risques g\u00e9opolitiques sont donc une opportunit\u00e9.<\/p>\n<p><strong>Conflits\u00a0: La g\u00e9opolitique est revenue au centre du d\u00e9bat mondial, car le monde traverse une phase de transition multipolaire, marqu\u00e9e par des guerres, des rivalit\u00e9s entre puissances, une instabilit\u00e9 \u00e9nerg\u00e9tique et climatique, une red\u00e9finition des cha\u00eenes de valeur, ainsi qu\u2019une utilisation croissante du num\u00e9rique et de l\u2019intelligence artificielle comme instruments de pouvoir. La France et l\u2019Italie n\u2019auraient-elles pas tout int\u00e9r\u00eat \u00e0 construire une vision g\u00e9opolitique partag\u00e9e, capable de valoriser leurs excellences respectives et d\u2019influencer le monde multipolaire qui est en train de na\u00eetre ? <\/strong><\/p>\n<p><strong>Jean-Baptiste No\u00e9\u00a0: <\/strong>Les deux pays partagent le m\u00eame socle culturel et historique, m\u00eame si la culture politique est diff\u00e9rente en France et en Italie. La France est plus centralis\u00e9e quand l\u2019Italie accorde une grande autonomie \u00e0 ses r\u00e9gions.<\/p>\n<p>Mais les coop\u00e9rations sont d\u00e9j\u00e0 pr\u00e9sentes, notamment dans le domaine universitaire. De nombreux Italiens viennent \u00e9tudier en France et l\u2019Italie devient de plus en plus un pays d\u2019\u00e9tude pour les jeunes Fran\u00e7ais.<\/p>\n<p>\u00c0 lire aussi :\u00a0<a href=\"https:\/\/www.revueconflits.com\/france-italie-se-connaitre-davantage-pour-mieux-se-comprendre-entretien-avec-lambassadeur-christian-masset\/\" target=\"_blank\" rel=\"noopener nofollow\">France \u2013 Italie\u00a0: se connaitre davantage pour mieux se comprendre. Entretien avec l\u2019ambassadeur Christian Masset<\/a><\/p>\n<p>Je vois \u00e9galement un autre point commun\u00a0: la vision mondiale, m\u00eame si celle-ci s\u2019exprime diff\u00e9remment. L\u2019Italie dispose d\u2019une diaspora pr\u00e9sente sur tous les continents, qui sont autant de points de relais et d\u2019appuis pour ses entreprises. Quant \u00e0 la France, elle dispose d\u2019une projection mondiale avec ses territoires d\u2019outre-mer et nombreux sont les Fran\u00e7ais qui travaillent \u00e0 l\u2019\u00e9tranger. Cette vision mondiale est assez unique en Europe. Elle permet de comprendre les enjeux mondiaux et les diff\u00e9rentes probl\u00e9matiques rencontr\u00e9es par les pays \u00e0 travers le monde.<\/p>\n<p><strong>Conflits\u00a0: Dans le monde d\u2019aujourd\u2019hui, interconnect\u00e9 et instable, comprendre les dynamiques g\u00e9opolitiques n\u2019est plus un luxe r\u00e9serv\u00e9 \u00e0 quelques-uns, mais une n\u00e9cessit\u00e9 collective. Avez-vous envisag\u00e9 de cr\u00e9er des cours et\/ou des masters en g\u00e9opolitique entre les deux pays ?<\/strong><\/p>\n<p><strong>Jean-Baptiste No\u00e9\u00a0: <\/strong>Oui, c\u2019est absolument fondamental. L\u2019analyse g\u00e9opolitique n\u2019est pas r\u00e9serv\u00e9e aux multinationales. Les petites et moyennes entreprises sont elles aussi concern\u00e9es. Ce n\u2019est pas un luxe, mais une n\u00e9cessit\u00e9 vitale. Les entreprises ont des comptables, pour leurs finances, des avocats, pour les aspects juridiques, elles doivent avoir des analystes g\u00e9opolitiques. Sinon, comment investir en Europe, en Asie ou ailleurs\u00a0?<\/p>\n<p>L\u2019analyse g\u00e9opolitique permet de comprendre les diff\u00e9rences entre les pays, les logiques de puissance, les dangers et les opportunit\u00e9s.<\/p>\n<p><strong>Conflits\u00a0: Dans le contexte actuel, il n\u2019existe plus de s\u00e9paration nette entre politique int\u00e9rieure, ext\u00e9rieure, \u00e9conomique et technologique. Chaque d\u00e9cision a des r\u00e9percussions \u00e0 l\u2019\u00e9chelle mondiale. Si la diplomatie officielle peine parfois \u00e0 g\u00e9rer ces ph\u00e9nom\u00e8nes, n\u2019est-ce pas peut-\u00eatre en raison d\u2019un manque de dimension g\u00e9opolitique ?<\/strong><\/p>\n<p><strong>Jean-Baptiste No\u00e9\u00a0: <\/strong>L\u2019action politique est trop souvent dans le temps court. L\u2019action des gouvernements est limit\u00e9e aux \u00e9ch\u00e9ances \u00e9lectorales. Un chef d\u2019entreprise regarde le temps court bien s\u00fbr, mais aussi le temps moyen et long. Quand on fait des investissements, c\u2019est en envisageant des gains qui parfois n\u2019arriveront que dans 5 ou 10 ans. Cette diff\u00e9rence d\u2019action dans le temps explique la mauvaise compr\u00e9hension entre le politique et l\u2019\u00e9conomique. Et puis un chef d\u2019entreprise n\u2019a pas le droit \u00e0 l\u2019erreur. Un mauvais choix peut signifier la faillite de son entreprise, des licenciements et sa ruine. Il subit directement les cons\u00e9quences de ses choix, que ceux-ci soient bons ou mauvais. Sa responsabilit\u00e9 est donc grande, pour lui, mais aussi pour toutes les personnes dont il a la charge.<\/p>\n<p>\u00c0 lire aussi :\u00a0<a href=\"https:\/\/www.revueconflits.com\/traversees-alpines-entre-la-france-et-litalie-des-tunnels-pour-saffranchir-de-la-geographie\/\" target=\"_blank\" rel=\"noopener nofollow\">Travers\u00e9es alpines entre la France et l\u2019Italie : des tunnels pour s\u2019affranchir de la g\u00e9ographie<\/a><\/p>\n<p><a target=\"_blank\" href=\"https:\/\/www.europesays.com\/fr\/wp-content\/uploads\/2025\/05\/geyfh.png\"><img fetchpriority=\"high\" decoding=\"async\" class=\"alignnone size-full wp-image-47274\" src=\"data:image\/svg+xml,%3Csvg%20xmlns=\" http:=\"\" alt=\"\" width=\"343\" height=\"456\" data-lazy-src=\"https:\/\/www.europesays.com\/fr\/wp-content\/uploads\/2025\/05\/geyfh.png\"\/><\/a><\/p>\n","protected":false},"excerpt":{"rendered":"Les \u00e9changes \u00e9conomiques ne cessent de cro\u00eetre entre l\u2019Italie et la France. Les deux pays repr\u00e9sentent des opportunit\u00e9s&hellip;\n","protected":false},"author":2,"featured_media":128328,"comment_status":"","ping_status":"","sticky":false,"template":"","format":"standard","meta":{"footnotes":""},"categories":[4],"tags":[11,1011,27,452,12,25],"class_list":{"0":"post-128327","1":"post","2":"type-post","3":"status-publish","4":"format-standard","5":"has-post-thumbnail","7":"category-france","8":"tag-actualites","9":"tag-fr","10":"tag-france","11":"tag-italie","12":"tag-news","13":"tag-republique-francaise"},"share_on_mastodon":{"url":"https:\/\/pubeurope.com\/@fr\/114572058490775488","error":""},"_links":{"self":[{"href":"https:\/\/www.europesays.com\/fr\/wp-json\/wp\/v2\/posts\/128327","targetHints":{"allow":["GET"]}}],"collection":[{"href":"https:\/\/www.europesays.com\/fr\/wp-json\/wp\/v2\/posts"}],"about":[{"href":"https:\/\/www.europesays.com\/fr\/wp-json\/wp\/v2\/types\/post"}],"author":[{"embeddable":true,"href":"https:\/\/www.europesays.com\/fr\/wp-json\/wp\/v2\/users\/2"}],"replies":[{"embeddable":true,"href":"https:\/\/www.europesays.com\/fr\/wp-json\/wp\/v2\/comments?post=128327"}],"version-history":[{"count":0,"href":"https:\/\/www.europesays.com\/fr\/wp-json\/wp\/v2\/posts\/128327\/revisions"}],"wp:featuredmedia":[{"embeddable":true,"href":"https:\/\/www.europesays.com\/fr\/wp-json\/wp\/v2\/media\/128328"}],"wp:attachment":[{"href":"https:\/\/www.europesays.com\/fr\/wp-json\/wp\/v2\/media?parent=128327"}],"wp:term":[{"taxonomy":"category","embeddable":true,"href":"https:\/\/www.europesays.com\/fr\/wp-json\/wp\/v2\/categories?post=128327"},{"taxonomy":"post_tag","embeddable":true,"href":"https:\/\/www.europesays.com\/fr\/wp-json\/wp\/v2\/tags?post=128327"}],"curies":[{"name":"wp","href":"https:\/\/api.w.org\/{rel}","templated":true}]}}